{"id":60847,"date":"2015-01-28T10:00:54","date_gmt":"2015-01-28T13:00:54","guid":{"rendered":"http:\/\/www.24baires.com\/?p=60847"},"modified":"2015-01-28T18:36:42","modified_gmt":"2015-01-28T21:36:42","slug":"capitanich-pidio-a-la-oposicion-que-no-impugne-los-proyectos-sin-conocerlos","status":"publish","type":"post","link":"http:\/\/www.24baires.com\/?p=60847","title":{"rendered":"Capitanich pidi\u00f3 a la oposici\u00f3n que no impugne los proyectos sin conocerlos"},"content":{"rendered":"<p><img data-recalc-dims=\"1\" loading=\"lazy\" decoding=\"async\" class=\"aligncenter size-full wp-image-43881\" src=\"https:\/\/i0.wp.com\/www.24baires.com\/wp-content\/uploads\/2014\/04\/capitanich.jpg?resize=560%2C313\" alt=\"capitanich\" width=\"560\" height=\"313\" srcset=\"https:\/\/i0.wp.com\/www.24baires.com\/wp-content\/uploads\/2014\/04\/capitanich.jpg?w=560 560w, https:\/\/i0.wp.com\/www.24baires.com\/wp-content\/uploads\/2014\/04\/capitanich.jpg?resize=300%2C167 300w\" sizes=\"auto, (max-width: 560px) 100vw, 560px\" \/>El jefe de Gabinete, Jorge Capitanich, lo dijo en referencia al anunciado rechazo del arco opositor al proyecto de ley para disolver la ex SIDE, y calific\u00f3 a ciertos dirigentes de \u201cperiodistas freelance\u201d que siguen una l\u00ednea editorial impuesta por los medios de comunicaci\u00f3n.<!--more--><\/p>\n<p>En su habitual conferencia de prensa matutina en en Casa de Gobierno, el ministro coordinador a\u00f1adi\u00f3 que que las reformas al \u00e1rea de Inteligencia implican \u00abun salto cualitativo\u00bb.<\/p>\n","protected":false},"excerpt":{"rendered":"<p>El jefe de Gabinete, Jorge Capitanich, lo dijo en referencia al anunciado rechazo del arco opositor al proyecto de ley para disolver la ex SIDE, y calific\u00f3 a ciertos dirigentes de \u201cperiodistas freelance\u201d que siguen una l\u00ednea editorial impuesta por los medios de comunicaci\u00f3n.<\/p>\n","protected":false},"author":4,"featured_media":0,"comment_status":"open","ping_status":"open","sticky":false,"template":"","format":"standard","meta":{"_jetpack_newsletter_access":"","_jetpack_dont_email_post_to_subs":false,"_jetpack_newsletter_tier_id":0,"_jetpack_memberships_contains_paywalled_content":false,"_jetpack_memberships_contains_paid_content":false,"footnotes":""},"categories":[51],"tags":[],"class_list":["post-60847","post","type-post","status-publish","format-standard","hentry","category-politica"],"jetpack_shortlink":"https:\/\/wp.me\/p2JWE0-fPp","jetpack-related-posts":[{"id":116123,"url":"http:\/\/www.24baires.com\/?p=116123","url_meta":{"origin":60847,"position":0},"title":"\u00abLa Argentina central que tiene periferias no se puede tolerar m\u00e1s\u00bb","author":"AF","date":"01\/09\/2020","format":false,"excerpt":"El Presidente encabez\u00f3 la firma de convenios con el gobernador de Chaco, Jorge Capitanich. En ese marco, defendi\u00f3 el acceso a la conectividad y al conocimiento en todo el pa\u00eds. El presidente Alberto Fern\u00e1ndez reafirm\u00f3 que \"la Argentina central, que tiene dos periferias, al norte y a sur del pa\u00eds,\u2026","rel":"","context":"En \u00abPol\u00edtica\u00bb","block_context":{"text":"Pol\u00edtica","link":"http:\/\/www.24baires.com\/?cat=51"},"img":{"alt_text":"","src":"https:\/\/i0.wp.com\/www.24baires.com\/wp-content\/uploads\/2020\/09\/fern%C3%A1ndez-capitanich.jpg?resize=350%2C200","width":350,"height":200,"srcset":"https:\/\/i0.wp.com\/www.24baires.com\/wp-content\/uploads\/2020\/09\/fern%C3%A1ndez-capitanich.jpg?resize=350%2C200 1x, https:\/\/i0.wp.com\/www.24baires.com\/wp-content\/uploads\/2020\/09\/fern%C3%A1ndez-capitanich.jpg?resize=525%2C300 1.5x"},"classes":[]},{"id":116327,"url":"http:\/\/www.24baires.com\/?p=116327","url_meta":{"origin":60847,"position":1},"title":"El Presidente lanza programa contra la violencia de g\u00e9nero","author":"GB","date":"25\/09\/2020","format":false,"excerpt":"El Presidente Alberto Fern\u00e1ndez encabezar\u00e1 un acto en el cual presentar\u00e1 un programa contra la violencia de g\u00e9nero con una inversi\u00f3n de $4.500 millones. El presidente Alberto Fern\u00e1ndez participar\u00e1 este viernes de la presentaci\u00f3n del Programa Acompa\u00f1ar, que busca promover la autonom\u00eda de las mujeres y LGBTI+ que se encuentran\u2026","rel":"","context":"En \u00abPol\u00edtica\u00bb","block_context":{"text":"Pol\u00edtica","link":"http:\/\/www.24baires.com\/?cat=51"},"img":{"alt_text":"","src":"https:\/\/i0.wp.com\/www.24baires.com\/wp-content\/uploads\/2020\/08\/alberto-fern%C3%A1ndez.jpg?resize=350%2C200","width":350,"height":200,"srcset":"https:\/\/i0.wp.com\/www.24baires.com\/wp-content\/uploads\/2020\/08\/alberto-fern%C3%A1ndez.jpg?resize=350%2C200 1x, https:\/\/i0.wp.com\/www.24baires.com\/wp-content\/uploads\/2020\/08\/alberto-fern%C3%A1ndez.jpg?resize=525%2C300 1.5x"},"classes":[]},{"id":119572,"url":"http:\/\/www.24baires.com\/?p=119572","url_meta":{"origin":60847,"position":2},"title":"Kicillof pidi\u00f3 discutir el rol del Estado","author":"GB","date":"23\/11\/2022","format":false,"excerpt":"En el marco de la presentaci\u00f3n de Axel Kicillof en la Facultad de Derecho de la UNLP, el Gobernador pidi\u00f3 discutir si se quiere \u201cun Estado que ampl\u00ede derechos o uno al servicio de minor\u00edas\u201d Este martes, el gobernador de la Provincia, Axel Kicillof, particip\u00f3 de la presentaci\u00f3n de \u201cBuenos\u2026","rel":"","context":"En \u00abProvincia\u00bb","block_context":{"text":"Provincia","link":"http:\/\/www.24baires.com\/?cat=40"},"img":{"alt_text":"","src":"https:\/\/i0.wp.com\/www.24baires.com\/wp-content\/uploads\/2022\/11\/GOB_7224-1024x683-1.jpg?resize=350%2C200","width":350,"height":200,"srcset":"https:\/\/i0.wp.com\/www.24baires.com\/wp-content\/uploads\/2022\/11\/GOB_7224-1024x683-1.jpg?resize=350%2C200 1x, https:\/\/i0.wp.com\/www.24baires.com\/wp-content\/uploads\/2022\/11\/GOB_7224-1024x683-1.jpg?resize=525%2C300 1.5x, https:\/\/i0.wp.com\/www.24baires.com\/wp-content\/uploads\/2022\/11\/GOB_7224-1024x683-1.jpg?resize=700%2C400 2x"},"classes":[]},{"id":117553,"url":"http:\/\/www.24baires.com\/?p=117553","url_meta":{"origin":60847,"position":3},"title":"Cafiero: \u00abMientras los argentinos se arriesgan, otros aprovechan sus privilegios en Miami\u00bb","author":"AF","date":"11\/05\/2021","format":false,"excerpt":"El Jefe de Gabinete critic\u00f3 de este modo al ex presidente Mauricio Macri al poner en marcha una planta de tratamiento de residuos cloacales que cost\u00f3 79,6 millones de d\u00f3lares en Chaco. El jefe de Gabinete de Ministros, Santiago Cafiero, asegur\u00f3 este martes que \"mientras los argentinos se arriesgan combatiendo\u2026","rel":"","context":"En \u00abSociedad\u00bb","block_context":{"text":"Sociedad","link":"http:\/\/www.24baires.com\/?cat=1"},"img":{"alt_text":"","src":"https:\/\/i0.wp.com\/www.24baires.com\/wp-content\/uploads\/2021\/05\/609ace614d0e9_1004x565.jpg?resize=350%2C200","width":350,"height":200,"srcset":"https:\/\/i0.wp.com\/www.24baires.com\/wp-content\/uploads\/2021\/05\/609ace614d0e9_1004x565.jpg?resize=350%2C200 1x, https:\/\/i0.wp.com\/www.24baires.com\/wp-content\/uploads\/2021\/05\/609ace614d0e9_1004x565.jpg?resize=525%2C300 1.5x"},"classes":[]},{"id":115668,"url":"http:\/\/www.24baires.com\/?p=115668","url_meta":{"origin":60847,"position":4},"title":"El Gobierno anunci\u00f3 el comienzo de la nueva fase","author":"AF","date":"17\/07\/2020","format":false,"excerpt":"Alberto Fern\u00e1ndez realiz\u00f3 una conferencia de prensa, junto a los mandatarios provinciales de Jujuy, Chaco, R\u00edo Negro, Buenos Aires y el jefe de gobierno porte\u00f1o. El presidente Alberto Fern\u00e1ndez comenz\u00f3 su discurso con la afirmaci\u00f3n de que \"la pandemia sigue presente, sigue atacando y sigue enfermando y llev\u00e1ndose vidas\", adem\u00e1s\u2026","rel":"","context":"En \u00abSociedad\u00bb","block_context":{"text":"Sociedad","link":"http:\/\/www.24baires.com\/?cat=1"},"img":{"alt_text":"","src":"https:\/\/i0.wp.com\/www.24baires.com\/wp-content\/uploads\/2020\/07\/larreta-fern%C3%A1ndez-kicillof.jpg?resize=350%2C200","width":350,"height":200,"srcset":"https:\/\/i0.wp.com\/www.24baires.com\/wp-content\/uploads\/2020\/07\/larreta-fern%C3%A1ndez-kicillof.jpg?resize=350%2C200 1x, https:\/\/i0.wp.com\/www.24baires.com\/wp-content\/uploads\/2020\/07\/larreta-fern%C3%A1ndez-kicillof.jpg?resize=525%2C300 1.5x"},"classes":[]},{"id":119838,"url":"http:\/\/www.24baires.com\/?p=119838","url_meta":{"origin":60847,"position":5},"title":"\u00abNunca m\u00e1s puede morirse un Favaloro porque el Estado lo abandon\u00f3\u00bb","author":"AF","date":"27\/02\/2023","format":false,"excerpt":"El Presidente destac\u00f3 que la Argentina \u201chizo mucho a lo largo de los a\u00f1os para que la educaci\u00f3n sea accesible para todos\u201d, durante el acto inaugural de un nuevo establecimiento educativo chaque\u00f1o. Fern\u00e1ndez aconsej\u00f3 a los estudiantes: \u201cTomen la educaci\u00f3n como una inversi\u00f3n de su futuro\u201d. El presidente Alberto Fern\u00e1ndez\u2026","rel":"","context":"En \u00abLocales\u00bb","block_context":{"text":"Locales","link":"http:\/\/www.24baires.com\/?cat=38"},"img":{"alt_text":"","src":"https:\/\/i0.wp.com\/www.24baires.com\/wp-content\/uploads\/2023\/02\/fernandez.jpg?resize=350%2C200","width":350,"height":200,"srcset":"https:\/\/i0.wp.com\/www.24baires.com\/wp-content\/uploads\/2023\/02\/fernandez.jpg?resize=350%2C200 1x, https:\/\/i0.wp.com\/www.24baires.com\/wp-content\/uploads\/2023\/02\/fernandez.jpg?resize=525%2C300 1.5x, https:\/\/i0.wp.com\/www.24baires.com\/wp-content\/uploads\/2023\/02\/fernandez.jpg?resize=700%2C400 2x, https:\/\/i0.wp.com\/www.24baires.com\/wp-content\/uploads\/2023\/02\/fernandez.jpg?resize=1050%2C600 3x"},"classes":[]}],"jetpack_sharing_enabled":true,"jetpack_likes_enabled":true,"jetpack_featured_media_url":"","_links":{"self":[{"href":"http:\/\/www.24baires.com\/index.php?rest_route=\/wp\/v2\/posts\/60847","targetHints":{"allow":["GET"]}}],"collection":[{"href":"http:\/\/www.24baires.com\/index.php?rest_route=\/wp\/v2\/posts"}],"about":[{"href":"http:\/\/www.24baires.com\/index.php?rest_route=\/wp\/v2\/types\/post"}],"author":[{"embeddable":true,"href":"http:\/\/www.24baires.com\/index.php?rest_route=\/wp\/v2\/users\/4"}],"replies":[{"embeddable":true,"href":"http:\/\/www.24baires.com\/index.php?rest_route=%2Fwp%2Fv2%2Fcomments&post=60847"}],"version-history":[{"count":1,"href":"http:\/\/www.24baires.com\/index.php?rest_route=\/wp\/v2\/posts\/60847\/revisions"}],"predecessor-version":[{"id":60848,"href":"http:\/\/www.24baires.com\/index.php?rest_route=\/wp\/v2\/posts\/60847\/revisions\/60848"}],"wp:attachment":[{"href":"http:\/\/www.24baires.com\/index.php?rest_route=%2Fwp%2Fv2%2Fmedia&parent=60847"}],"wp:term":[{"taxonomy":"category","embeddable":true,"href":"http:\/\/www.24baires.com\/index.php?rest_route=%2Fwp%2Fv2%2Fcategories&post=60847"},{"taxonomy":"post_tag","embeddable":true,"href":"http:\/\/www.24baires.com\/index.php?rest_route=%2Fwp%2Fv2%2Ftags&post=60847"}],"curies":[{"name":"wp","href":"https:\/\/api.w.org\/{rel}","templated":true}]}}