{"id":60825,"date":"2015-01-27T17:30:40","date_gmt":"2015-01-27T20:30:40","guid":{"rendered":"http:\/\/www.24baires.com\/?p=60825"},"modified":"2015-01-27T17:28:21","modified_gmt":"2015-01-27T20:28:21","slug":"budassi-dijo-que-analiza-postularse-a-intendente-de-bahia-blanca","status":"publish","type":"post","link":"http:\/\/www.24baires.com\/?p=60825","title":{"rendered":"Budassi dijo que analiza postularse a intendente de Bah\u00eda Blanca"},"content":{"rendered":"<p><img data-recalc-dims=\"1\" loading=\"lazy\" decoding=\"async\" class=\"aligncenter size-full wp-image-36686\" src=\"https:\/\/i0.wp.com\/www.24baires.com\/wp-content\/uploads\/2013\/12\/Ivan-Budassi.jpg?resize=560%2C357\" alt=\"Ivan-Budassi\" width=\"560\" height=\"357\" srcset=\"https:\/\/i0.wp.com\/www.24baires.com\/wp-content\/uploads\/2013\/12\/Ivan-Budassi.jpg?w=560 560w, https:\/\/i0.wp.com\/www.24baires.com\/wp-content\/uploads\/2013\/12\/Ivan-Budassi.jpg?resize=300%2C191 300w\" sizes=\"auto, (max-width: 560px) 100vw, 560px\" \/>El titular de la Agencia de Recaudaci\u00f3n Bonaerense (ARBA),Iv\u00e1n Budassi, se mostr\u00f3 entusiasmado en pelear por la Intendencia de Bah\u00eda Blanca bajo el gui\u00f1o del gobernador Daniel Scioli.<!--more--><\/p>\n<p>\u201cEl sciolismo va a llevar alg\u00fan candidato, somos varios los que estamos trabajando con el gobernador, alguno de nosotros va a ir\u201d, dijo Budassi, y reconoci\u00f3 que \u201chay que ponerle el pecho a las cuestiones pol\u00edticas\u201d.<\/p>\n<p>Al ser consultado en el canal QM sobre la posibilidad cierta de pelear por la intendencia, el bahiense dijo que \u201cpuedo ir yo si con el resto de los amigos nos ponemos de acuerdo\u201d.<\/p>\n<p>Budassi asumi\u00f3 como diputado provincial en 2009, y al convertirse en un incondicional de Scioli, \u00e9ste le dio el lugar que ten\u00eda Mart\u00edn Di Bella al frente del organismo recaudador.<\/p>\n<p>&nbsp;<\/p>\n<p>&nbsp;<\/p>\n<p>&nbsp;<\/p>\n<p>&nbsp;<\/p>\n<p>&nbsp;<\/p>\n<p>&nbsp;<\/p>\n<p>&nbsp;<\/p>\n<p>&nbsp;<\/p>\n<p>&nbsp;<\/p>\n<p>&nbsp;<\/p>\n<p>&nbsp;<\/p>\n","protected":false},"excerpt":{"rendered":"<p>El titular de la Agencia de Recaudaci\u00f3n Bonaerense (ARBA),Iv\u00e1n Budassi, se mostr\u00f3 entusiasmado en pelear por la Intendencia de Bah\u00eda Blanca bajo el gui\u00f1o del gobernador Daniel Scioli.<\/p>\n","protected":false},"author":8,"featured_media":0,"comment_status":"open","ping_status":"open","sticky":false,"template":"","format":"standard","meta":{"_jetpack_newsletter_access":"","_jetpack_dont_email_post_to_subs":false,"_jetpack_newsletter_tier_id":0,"_jetpack_memberships_contains_paywalled_content":false,"_jetpack_memberships_contains_paid_content":false,"footnotes":""},"categories":[51],"tags":[],"class_list":["post-60825","post","type-post","status-publish","format-standard","hentry","category-politica"],"jetpack_shortlink":"https:\/\/wp.me\/p2JWE0-fP3","jetpack-related-posts":[{"id":61156,"url":"http:\/\/www.24baires.com\/?p=61156","url_meta":{"origin":60825,"position":0},"title":"Roc\u00edo Marengo, del teatro a la pol\u00edtica","author":"Grupo Sierra","date":"02\/02\/2015","format":false,"excerpt":"Budassi admiti\u00f3 que tiene aspiraciones de ser intendente de su distrito. Coterr\u00e1neo de Marengo, le dijo que \"honrado\" la recibir\u00eda como \"candidata por el FpV\". Ella no lo descart\u00f3, pero aclar\u00f3 que \"tambi\u00e9n tengo a D\u00e1maso\", como posibilidad, en el FR. La tarde de \u201cRoc\u00edo de Verano\u201d, el programa que\u2026","rel":"","context":"En \u00abEspectaculos\u00bb","block_context":{"text":"Espectaculos","link":"http:\/\/www.24baires.com\/?cat=41"},"img":{"alt_text":"","src":"https:\/\/i0.wp.com\/www.24baires.com\/wp-content\/uploads\/2015\/02\/rocio-marengo.jpg?resize=350%2C200","width":350,"height":200,"srcset":"https:\/\/i0.wp.com\/www.24baires.com\/wp-content\/uploads\/2015\/02\/rocio-marengo.jpg?resize=350%2C200 1x, https:\/\/i0.wp.com\/www.24baires.com\/wp-content\/uploads\/2015\/02\/rocio-marengo.jpg?resize=525%2C300 1.5x"},"classes":[]},{"id":56546,"url":"http:\/\/www.24baires.com\/?p=56546","url_meta":{"origin":60825,"position":1},"title":"Bah\u00eda Blanca se termin\u00f3 de sumar a la Polic\u00eda Local","author":"GB","date":"04\/11\/2014","format":false,"excerpt":"Lo suscribieron el ministro de Seguridad, Alejandro Granados, y el titular de ARBA, Iv\u00e1n Budassi, sin la presencia del Intendente, Gustavo Bevilacqua. El ministro de Seguridad bonaerense, Alejandro Granados, firm\u00f3 el convenio de adhesi\u00f3n para implementar la Polic\u00eda de Prevenci\u00f3n Local en la ciudad de Bah\u00eda Blanca junto a Iv\u00e1n\u2026","rel":"","context":"En \u00abMunicipios\u00bb","block_context":{"text":"Municipios","link":"http:\/\/www.24baires.com\/?cat=44"},"img":{"alt_text":"","src":"https:\/\/i0.wp.com\/www.24baires.com\/wp-content\/uploads\/2014\/11\/granados-bah%C3%ADa-blanca.jpg?resize=350%2C200","width":350,"height":200,"srcset":"https:\/\/i0.wp.com\/www.24baires.com\/wp-content\/uploads\/2014\/11\/granados-bah%C3%ADa-blanca.jpg?resize=350%2C200 1x, https:\/\/i0.wp.com\/www.24baires.com\/wp-content\/uploads\/2014\/11\/granados-bah%C3%ADa-blanca.jpg?resize=525%2C300 1.5x"},"classes":[]},{"id":53905,"url":"http:\/\/www.24baires.com\/?p=53905","url_meta":{"origin":60825,"position":2},"title":"De cara a las campa\u00f1as, \u00abtiros\u00bb entre sciolistas y massistas","author":"Grupo Sierra","date":"18\/09\/2014","format":false,"excerpt":"El ministro Granados critic\u00f3 a los alcaldes que no adhieren a la Polic\u00eda local y Gustavo Bevilacqua le respondi\u00f3 con palos. La pelea por la inseguridad volvi\u00f3 a ser motivo ayer de cruces y chicanas pol\u00edticas entre el gobierno bonaerense y el Frente Renovador de Sergio Massa. Todo arranc\u00f3 cuando\u2026","rel":"","context":"En \u00abPol\u00edtica\u00bb","block_context":{"text":"Pol\u00edtica","link":"http:\/\/www.24baires.com\/?cat=51"},"img":{"alt_text":"scioli-massa1","src":"https:\/\/i0.wp.com\/www.24baires.com\/wp-content\/uploads\/2013\/08\/scioli-massa1.jpg?resize=350%2C200","width":350,"height":200,"srcset":"https:\/\/i0.wp.com\/www.24baires.com\/wp-content\/uploads\/2013\/08\/scioli-massa1.jpg?resize=350%2C200 1x, https:\/\/i0.wp.com\/www.24baires.com\/wp-content\/uploads\/2013\/08\/scioli-massa1.jpg?resize=525%2C300 1.5x"},"classes":[]},{"id":21309,"url":"http:\/\/www.24baires.com\/?p=21309","url_meta":{"origin":60825,"position":3},"title":"\u00abLos \u00edndices sociales de Tigre son de los peores de la Provincia\u00bb","author":"AF","date":"18\/04\/2013","format":false,"excerpt":"El diputado Iv\u00e1n Budassi asegur\u00f3 que el distrito que conduce Sergio Massa es el que m\u00e1s dinero recibe por los problemas sociales que tiene. El diputado provincial Iv\u00e1n Budassi, alineado con Daniel Scioli, dijo estar sorprendido por los cuestionamientos que el intendente de Tigre, Sergio Massa, le formul\u00f3 p\u00fablicamente al\u2026","rel":"","context":"En \u00abPol\u00edtica\u00bb","block_context":{"text":"Pol\u00edtica","link":"http:\/\/www.24baires.com\/?cat=51"},"img":{"alt_text":"massa candidaturas","src":"https:\/\/i0.wp.com\/www.24baires.com\/wp-content\/uploads\/2012\/12\/massa-candidaturas-300x179.jpg?resize=350%2C200","width":350,"height":200},"classes":[]},{"id":53249,"url":"http:\/\/www.24baires.com\/?p=53249","url_meta":{"origin":60825,"position":4},"title":"Budassi neg\u00f3 nuevos aumentos en impuestos para lo que queda del a\u00f1o","author":"AF","date":"08\/09\/2014","format":false,"excerpt":"El director ejecutivo de la Agencia de Recaudaci\u00f3n de Buenos Aires (ARBA), Iv\u00e1n Budassi, asegur\u00f3 este domingo en declaraciones radiales que en la Provincia no se crear\u00e1n nuevos impuestos y cuestion\u00f3 a los intendentes que dispusieron cobrar una tasa especial a los combustibles. \u201cEl gobernador Daniel Scioli me dijo que\u2026","rel":"","context":"En \u00abEconom\u00eda\u00bb","block_context":{"text":"Econom\u00eda","link":"http:\/\/www.24baires.com\/?cat=45"},"img":{"alt_text":"Ivan-Budassi","src":"https:\/\/i0.wp.com\/www.24baires.com\/wp-content\/uploads\/2013\/12\/Ivan-Budassi.jpg?resize=350%2C200","width":350,"height":200,"srcset":"https:\/\/i0.wp.com\/www.24baires.com\/wp-content\/uploads\/2013\/12\/Ivan-Budassi.jpg?resize=350%2C200 1x, https:\/\/i0.wp.com\/www.24baires.com\/wp-content\/uploads\/2013\/12\/Ivan-Budassi.jpg?resize=525%2C300 1.5x"},"classes":[]},{"id":36090,"url":"http:\/\/www.24baires.com\/?p=36090","url_meta":{"origin":60825,"position":5},"title":"Scioli confirm\u00f3 que el diputado Budassi reemplazar\u00e1 a Di Bella en Arba","author":"AF","date":"02\/12\/2013","format":false,"excerpt":"El gobernador de la Provincia de Buenos Aires, Daniel Scioli, confirm\u00f3 que el diputado Iv\u00e1n Budassi, se har\u00e1 cargo de la Agencia de Recaudaci\u00f3n bonaerense (ARBA). Budassi, que culmina su mandato el 10 de este mes, llegar\u00e1 al organismo recaudador en reemplazo de Mart\u00edn Di Bella, quien pasar\u00e1 a cumplir\u2026","rel":"","context":"En \u00abEconom\u00eda\u00bb","block_context":{"text":"Econom\u00eda","link":"http:\/\/www.24baires.com\/?cat=45"},"img":{"alt_text":"","src":"","width":0,"height":0},"classes":[]}],"jetpack_sharing_enabled":true,"jetpack_likes_enabled":true,"jetpack_featured_media_url":"","_links":{"self":[{"href":"http:\/\/www.24baires.com\/index.php?rest_route=\/wp\/v2\/posts\/60825","targetHints":{"allow":["GET"]}}],"collection":[{"href":"http:\/\/www.24baires.com\/index.php?rest_route=\/wp\/v2\/posts"}],"about":[{"href":"http:\/\/www.24baires.com\/index.php?rest_route=\/wp\/v2\/types\/post"}],"author":[{"embeddable":true,"href":"http:\/\/www.24baires.com\/index.php?rest_route=\/wp\/v2\/users\/8"}],"replies":[{"embeddable":true,"href":"http:\/\/www.24baires.com\/index.php?rest_route=%2Fwp%2Fv2%2Fcomments&post=60825"}],"version-history":[{"count":1,"href":"http:\/\/www.24baires.com\/index.php?rest_route=\/wp\/v2\/posts\/60825\/revisions"}],"predecessor-version":[{"id":60826,"href":"http:\/\/www.24baires.com\/index.php?rest_route=\/wp\/v2\/posts\/60825\/revisions\/60826"}],"wp:attachment":[{"href":"http:\/\/www.24baires.com\/index.php?rest_route=%2Fwp%2Fv2%2Fmedia&parent=60825"}],"wp:term":[{"taxonomy":"category","embeddable":true,"href":"http:\/\/www.24baires.com\/index.php?rest_route=%2Fwp%2Fv2%2Fcategories&post=60825"},{"taxonomy":"post_tag","embeddable":true,"href":"http:\/\/www.24baires.com\/index.php?rest_route=%2Fwp%2Fv2%2Ftags&post=60825"}],"curies":[{"name":"wp","href":"https:\/\/api.w.org\/{rel}","templated":true}]}}