{"id":60820,"date":"2015-01-27T16:30:36","date_gmt":"2015-01-27T19:30:36","guid":{"rendered":"http:\/\/www.24baires.com\/?p=60820"},"modified":"2015-01-27T16:09:24","modified_gmt":"2015-01-27T19:09:24","slug":"cristina-recibira-esta-tarde-a-familiares-de-victimas-de-la-amia","status":"publish","type":"post","link":"http:\/\/www.24baires.com\/?p=60820","title":{"rendered":"Cristina recibir\u00e1 esta tarde a familiares de v\u00edctimas de la AMIA"},"content":{"rendered":"<p><img data-recalc-dims=\"1\" loading=\"lazy\" decoding=\"async\" class=\"aligncenter size-full wp-image-60772\" src=\"https:\/\/i0.wp.com\/www.24baires.com\/wp-content\/uploads\/2015\/01\/cris.jpg?resize=560%2C373\" alt=\"cris\" width=\"560\" height=\"373\" srcset=\"https:\/\/i0.wp.com\/www.24baires.com\/wp-content\/uploads\/2015\/01\/cris.jpg?w=560 560w, https:\/\/i0.wp.com\/www.24baires.com\/wp-content\/uploads\/2015\/01\/cris.jpg?resize=300%2C200 300w\" sizes=\"auto, (max-width: 560px) 100vw, 560px\" \/>La Presidenta mantendr\u00e1 un encuentro en la residencia presidencial de Olivos con los miembros de la Asociaci\u00f3n 18 J Familiares, Sobrevivientes y Amigos de las V\u00edctimas del Atentado a la AMIA.<!--more--><\/p>\n<p>Estar\u00e1 acompa\u00f1ada por el jefe de Gabinete, Jorge Capitanich; el secretario general de la Presidencia, An\u00edbal Fern\u00e1ndez y el ministro de Justicia, Julio Alak.<\/p>\n<p>Cabe recordar que dirigentes de la comunidad jud\u00eda se iban a reunir hoy con la procuradora general de la Naci\u00f3n, Alejandra Gils Carb\u00f3, pero pidieron retrasar el encuentro para poder analizar previamente los efectos de la disoluci\u00f3n de la Secretar\u00eda de Inteligencia (ex SIDE), anunciada por la presidenta.<\/p>\n<p>&nbsp;<\/p>\n<p>&nbsp;<\/p>\n<p>&nbsp;<\/p>\n<p>&nbsp;<\/p>\n<p>&nbsp;<\/p>\n<p>&nbsp;<\/p>\n<p>&nbsp;<\/p>\n<p>&nbsp;<\/p>\n<p>&nbsp;<\/p>\n<p>&nbsp;<\/p>\n<p>&nbsp;<\/p>\n<p>&nbsp;<\/p>\n","protected":false},"excerpt":{"rendered":"<p>La Presidenta mantendr\u00e1 un encuentro en la residencia presidencial de Olivos con los miembros de la Asociaci\u00f3n 18 J Familiares, Sobrevivientes y Amigos de las V\u00edctimas del Atentado a la AMIA.<\/p>\n","protected":false},"author":8,"featured_media":0,"comment_status":"open","ping_status":"open","sticky":false,"template":"","format":"standard","meta":{"_jetpack_newsletter_access":"","_jetpack_dont_email_post_to_subs":false,"_jetpack_newsletter_tier_id":0,"_jetpack_memberships_contains_paywalled_content":false,"_jetpack_memberships_contains_paid_content":false,"footnotes":""},"categories":[51],"tags":[],"class_list":["post-60820","post","type-post","status-publish","format-standard","hentry","category-politica"],"jetpack_shortlink":"https:\/\/wp.me\/p2JWE0-fOY","jetpack-related-posts":[{"id":107035,"url":"http:\/\/www.24baires.com\/?p=107035","url_meta":{"origin":60820,"position":0},"title":"Absolvieron a Menem por el juicio por encubrimiento del atentado a la AMIA","author":"AF","date":"28\/02\/2019","format":false,"excerpt":"El ex presidente y actual senador fue absuelto en la causa por encubrimiento del atentado contra la AMIA. Este juicio oral se desarroll\u00f3 durante a\u00f1os ante la indiferencia casi total de los grande medios. El gobierno intent\u00f3 salvar a muchos de los imputados. El ex presidente y actual senador Carlos\u2026","rel":"","context":"En \u00abJUDICIALES\u00bb","block_context":{"text":"JUDICIALES","link":"http:\/\/www.24baires.com\/?cat=68"},"img":{"alt_text":"","src":"https:\/\/i0.wp.com\/www.24baires.com\/wp-content\/uploads\/2016\/05\/menem-c.jpg?resize=350%2C200","width":350,"height":200,"srcset":"https:\/\/i0.wp.com\/www.24baires.com\/wp-content\/uploads\/2016\/05\/menem-c.jpg?resize=350%2C200 1x, https:\/\/i0.wp.com\/www.24baires.com\/wp-content\/uploads\/2016\/05\/menem-c.jpg?resize=525%2C300 1.5x"},"classes":[]},{"id":106628,"url":"http:\/\/www.24baires.com\/?p=106628","url_meta":{"origin":60820,"position":1},"title":"La AMIA busca retirarse de la querella contra Cristina por el Memor\u00e1ndum con Ir\u00e1n","author":"AF","date":"31\/01\/2019","format":false,"excerpt":"Fue un pedido a la DAIA en la causa que se origin\u00f3 con la denuncia del fiscal Alberto Nisman y busca \u201cempezar a tomar distancia de una causa que est\u00e1 en el centro de la famosa grieta\u201d. La Asociaci\u00f3n Mutual Israelita Argentina (AMIA) le reclam\u00f3 a la Delegaci\u00f3n de Asociaciones\u2026","rel":"","context":"En \u00abJUDICIALES\u00bb","block_context":{"text":"JUDICIALES","link":"http:\/\/www.24baires.com\/?cat=68"},"img":{"alt_text":"","src":"https:\/\/i0.wp.com\/www.24baires.com\/wp-content\/uploads\/2015\/04\/amia.jpg?resize=350%2C200","width":350,"height":200,"srcset":"https:\/\/i0.wp.com\/www.24baires.com\/wp-content\/uploads\/2015\/04\/amia.jpg?resize=350%2C200 1x, https:\/\/i0.wp.com\/www.24baires.com\/wp-content\/uploads\/2015\/04\/amia.jpg?resize=525%2C300 1.5x"},"classes":[]},{"id":60827,"url":"http:\/\/www.24baires.com\/?p=60827","url_meta":{"origin":60820,"position":2},"title":"Cristina-AMIA, la reuni\u00f3n esperada","author":"Grupo Sierra","date":"27\/01\/2015","format":false,"excerpt":"La Presidenta se reuni\u00f3 en Olivos con miembros de la Asociaci\u00f3n 18J Familiares, Sobrevivientes y Amigos de las V\u00edctimas del Atentado, encabezados por su referente, Sergio Burstein, quien calific\u00f3 de \"un acto de una valent\u00eda incre\u00edble\" la decisi\u00f3n de la jefa de Estado la de enviar al Congreso un proyecto\u2026","rel":"","context":"En \u00abGeneral\u00bb","block_context":{"text":"General","link":"http:\/\/www.24baires.com\/?cat=67"},"img":{"alt_text":"","src":"https:\/\/i0.wp.com\/www.24baires.com\/wp-content\/uploads\/2015\/01\/cristina-amia.jpg?resize=350%2C200","width":350,"height":200,"srcset":"https:\/\/i0.wp.com\/www.24baires.com\/wp-content\/uploads\/2015\/01\/cristina-amia.jpg?resize=350%2C200 1x, https:\/\/i0.wp.com\/www.24baires.com\/wp-content\/uploads\/2015\/01\/cristina-amia.jpg?resize=525%2C300 1.5x"},"classes":[]},{"id":62113,"url":"http:\/\/www.24baires.com\/?p=62113","url_meta":{"origin":60820,"position":3},"title":"\u00abLa reuni\u00f3n del Papa con Dom\u00ednguez existi\u00f3 y fue en la Secretar\u00eda de Estado\u00bb","author":"AF","date":"22\/02\/2015","format":false,"excerpt":"El embajador argentino en el Vaticano, Eduardo Vald\u00e9s, confirm\u00f3 los encuentros que el Sumo Pont\u00edfice tuvo con los familiares de v\u00edctimas de AMIA y con el presidente de la C\u00e1mara de Diputados. Clar\u00edn hab\u00eda puesto en duda ambas reuniones. El embajador argentino ante el Vaticano, Eduardo Vald\u00e9s, ratific\u00f3 que el\u2026","rel":"","context":"En \u00abPol\u00edtica\u00bb","block_context":{"text":"Pol\u00edtica","link":"http:\/\/www.24baires.com\/?cat=51"},"img":{"alt_text":"papa francisco","src":"https:\/\/i0.wp.com\/www.24baires.com\/wp-content\/uploads\/2013\/10\/papa-francisco.jpg?resize=350%2C200","width":350,"height":200,"srcset":"https:\/\/i0.wp.com\/www.24baires.com\/wp-content\/uploads\/2013\/10\/papa-francisco.jpg?resize=350%2C200 1x, https:\/\/i0.wp.com\/www.24baires.com\/wp-content\/uploads\/2013\/10\/papa-francisco.jpg?resize=525%2C300 1.5x"},"classes":[]},{"id":63370,"url":"http:\/\/www.24baires.com\/?p=63370","url_meta":{"origin":60820,"position":4},"title":"Desclasificar\u00e1n los archivos del atentado a la Embajada de Israel","author":"GB","date":"19\/03\/2015","format":false,"excerpt":"La presidenta Cristina Fern\u00e1ndez de Kirchner adelant\u00f3 que \"ni bien\" la Corte Suprema de Justicia \"lo solicite\", el Poder Ejecutivo desclasificar\u00e1 la informaci\u00f3n reservada sobre el atentado a la embajada de Israel, del que esta semana se cumplieron 23 a\u00f1os. La presidenta Cristina Fern\u00e1ndez de Kirchner revel\u00f3 que el Poder\u2026","rel":"","context":"En \u00abPol\u00edtica\u00bb","block_context":{"text":"Pol\u00edtica","link":"http:\/\/www.24baires.com\/?cat=51"},"img":{"alt_text":"","src":"https:\/\/i0.wp.com\/www.24baires.com\/wp-content\/uploads\/2015\/03\/embajada-israel.jpg?resize=350%2C200","width":350,"height":200,"srcset":"https:\/\/i0.wp.com\/www.24baires.com\/wp-content\/uploads\/2015\/03\/embajada-israel.jpg?resize=350%2C200 1x, https:\/\/i0.wp.com\/www.24baires.com\/wp-content\/uploads\/2015\/03\/embajada-israel.jpg?resize=525%2C300 1.5x"},"classes":[]},{"id":85072,"url":"http:\/\/www.24baires.com\/?p=85072","url_meta":{"origin":60820,"position":5},"title":"Amist\u00eda Internacional le reclama a Argentina Justicia por el atentado a la AMIA","author":"AF","date":"18\/07\/2016","format":false,"excerpt":"La entidad defensora de los Derechos Humanos \"Amnist\u00eda Internacional\", le reclam\u00f3 al Estado argentino que cumpla con \"su obligaci\u00f3n de otorgar justicia y reparaci\u00f3n a las v\u00edctimas\" del atentado a la AMIA, cuyo 22\u00b0 aniversario se conmemora hoy. \"A 22 a\u00f1os del atentado a la AMIA, Amnist\u00eda Internacional Argentina insta\u2026","rel":"","context":"En \u00abInternacionales\u00bb","block_context":{"text":"Internacionales","link":"http:\/\/www.24baires.com\/?cat=73"},"img":{"alt_text":"amia","src":"https:\/\/i0.wp.com\/www.24baires.com\/wp-content\/uploads\/2015\/04\/amia.jpg?resize=350%2C200","width":350,"height":200,"srcset":"https:\/\/i0.wp.com\/www.24baires.com\/wp-content\/uploads\/2015\/04\/amia.jpg?resize=350%2C200 1x, https:\/\/i0.wp.com\/www.24baires.com\/wp-content\/uploads\/2015\/04\/amia.jpg?resize=525%2C300 1.5x"},"classes":[]}],"jetpack_sharing_enabled":true,"jetpack_likes_enabled":true,"jetpack_featured_media_url":"","_links":{"self":[{"href":"http:\/\/www.24baires.com\/index.php?rest_route=\/wp\/v2\/posts\/60820","targetHints":{"allow":["GET"]}}],"collection":[{"href":"http:\/\/www.24baires.com\/index.php?rest_route=\/wp\/v2\/posts"}],"about":[{"href":"http:\/\/www.24baires.com\/index.php?rest_route=\/wp\/v2\/types\/post"}],"author":[{"embeddable":true,"href":"http:\/\/www.24baires.com\/index.php?rest_route=\/wp\/v2\/users\/8"}],"replies":[{"embeddable":true,"href":"http:\/\/www.24baires.com\/index.php?rest_route=%2Fwp%2Fv2%2Fcomments&post=60820"}],"version-history":[{"count":1,"href":"http:\/\/www.24baires.com\/index.php?rest_route=\/wp\/v2\/posts\/60820\/revisions"}],"predecessor-version":[{"id":60821,"href":"http:\/\/www.24baires.com\/index.php?rest_route=\/wp\/v2\/posts\/60820\/revisions\/60821"}],"wp:attachment":[{"href":"http:\/\/www.24baires.com\/index.php?rest_route=%2Fwp%2Fv2%2Fmedia&parent=60820"}],"wp:term":[{"taxonomy":"category","embeddable":true,"href":"http:\/\/www.24baires.com\/index.php?rest_route=%2Fwp%2Fv2%2Fcategories&post=60820"},{"taxonomy":"post_tag","embeddable":true,"href":"http:\/\/www.24baires.com\/index.php?rest_route=%2Fwp%2Fv2%2Ftags&post=60820"}],"curies":[{"name":"wp","href":"https:\/\/api.w.org\/{rel}","templated":true}]}}