{"id":60815,"date":"2015-01-27T15:30:21","date_gmt":"2015-01-27T18:30:21","guid":{"rendered":"http:\/\/www.24baires.com\/?p=60815"},"modified":"2015-01-27T15:11:49","modified_gmt":"2015-01-27T18:11:49","slug":"realizan-un-nuevo-operativo-en-el-departamento-de-nisman","status":"publish","type":"post","link":"http:\/\/www.24baires.com\/?p=60815","title":{"rendered":"Realizan un nuevo operativo en el departamento de Nisman"},"content":{"rendered":"<p><img data-recalc-dims=\"1\" loading=\"lazy\" decoding=\"async\" class=\"aligncenter size-full wp-image-60342\" src=\"https:\/\/i0.wp.com\/www.24baires.com\/wp-content\/uploads\/2015\/01\/autopsia.jpg?resize=560%2C373\" alt=\"autopsia\" width=\"560\" height=\"373\" srcset=\"https:\/\/i0.wp.com\/www.24baires.com\/wp-content\/uploads\/2015\/01\/autopsia.jpg?w=560 560w, https:\/\/i0.wp.com\/www.24baires.com\/wp-content\/uploads\/2015\/01\/autopsia.jpg?resize=300%2C200 300w\" sizes=\"auto, (max-width: 560px) 100vw, 560px\" \/>Un operativo judicial se realiza desde este mediod\u00eda en la vivienda del fallecido fiscal Alberto Nisman para obtener elementos de prueba para la investigaci\u00f3n de esa muerte, por disposici\u00f3n de la jueza de instrucci\u00f3n Fabiana Palmaghini.<!--more--><\/p>\n<p>Fuentes vinculadas a la causa indicaron que el procedimiento, con la intervenci\u00f3n de la fiscal Viviana Fein, se lleva a cabo en el departamento del piso 13 del edificio Le Parc, en la zona de Puerto Madero, de esta capital.<\/p>\n<p>El operativo \u2013que algunos allegados a la pesquisa equipararon a un \u201callanamiento\u201d- fue ordenado a pedido de Fein.<br \/>\nEl objetivo del \u201callanamiento\u201d es, seg\u00fan las fuentes, hallar una o las dos armas que Nisman ten\u00eda registradas a su nombre.<\/p>\n<p>La medida apunta a discernir el grado de responsabilidad de Diego Lagomarsino, un colaborador de Nisman, a quien Fein imput\u00f3 por facilitar al fiscal la pistola Bersa calibre 22 hallada hace ocho d\u00edas junto al cuerpo sin vida del fiscal.<\/p>\n<p>La decisi\u00f3n de allanar el domicilio de Nisman se mantuvo en estricta reserva para no frustrar el objeto de la pesquisa, indicaron vinculados al sumario penal.<\/p>\n<p>&nbsp;<\/p>\n<p>&nbsp;<\/p>\n<p>&nbsp;<\/p>\n<p>&nbsp;<\/p>\n<p>&nbsp;<\/p>\n<p>&nbsp;<\/p>\n<p>&nbsp;<\/p>\n<p>&nbsp;<\/p>\n<p>&nbsp;<\/p>\n<p>&nbsp;<\/p>\n","protected":false},"excerpt":{"rendered":"<p>Un operativo judicial se realiza desde este mediod\u00eda en la vivienda del fallecido fiscal Alberto Nisman para obtener elementos de prueba para la investigaci\u00f3n de esa muerte, por disposici\u00f3n de la jueza de instrucci\u00f3n Fabiana Palmaghini.<\/p>\n","protected":false},"author":8,"featured_media":0,"comment_status":"open","ping_status":"open","sticky":false,"template":"","format":"standard","meta":{"_jetpack_newsletter_access":"","_jetpack_dont_email_post_to_subs":false,"_jetpack_newsletter_tier_id":0,"_jetpack_memberships_contains_paywalled_content":false,"_jetpack_memberships_contains_paid_content":false,"footnotes":""},"categories":[51],"tags":[],"class_list":["post-60815","post","type-post","status-publish","format-standard","hentry","category-politica"],"jetpack_shortlink":"https:\/\/wp.me\/p2JWE0-fOT","jetpack-related-posts":[{"id":68885,"url":"http:\/\/www.24baires.com\/?p=68885","url_meta":{"origin":60815,"position":0},"title":"Analizar\u00e1n el m\u00f3dem de Nisman","author":"AF","date":"10\/07\/2015","format":false,"excerpt":"Fuentes allegadas a la investigaci\u00f3n recordaron que la fiscal hab\u00eda solicitado autorizaci\u00f3n a la jueza Fabiana Palmaghini para la diligencia judicial, a ra\u00edz de una serie de informes parciales suministrados por los expertos en inform\u00e1tica. La fiscal Viviana Fein tiene previsto realizar el pr\u00f3ximo lunes el procedimiento en b\u00fasqueda del\u2026","rel":"","context":"En \u00abJUDICIALES\u00bb","block_context":{"text":"JUDICIALES","link":"http:\/\/www.24baires.com\/?cat=68"},"img":{"alt_text":"fein","src":"https:\/\/i0.wp.com\/www.24baires.com\/wp-content\/uploads\/2015\/01\/fein.jpg?resize=350%2C200","width":350,"height":200,"srcset":"https:\/\/i0.wp.com\/www.24baires.com\/wp-content\/uploads\/2015\/01\/fein.jpg?resize=350%2C200 1x, https:\/\/i0.wp.com\/www.24baires.com\/wp-content\/uploads\/2015\/01\/fein.jpg?resize=525%2C300 1.5x"},"classes":[]},{"id":64262,"url":"http:\/\/www.24baires.com\/?p=64262","url_meta":{"origin":60815,"position":1},"title":"La Justicia orden\u00f3 allanar el departamento de la madre de Nisman","author":"GB","date":"14\/04\/2015","format":false,"excerpt":"La jueza a cargo de la causa por la muerte del fiscal dispuso un procedimiento en la vivienda de la mujer, ubicada en el barrio porte\u00f1o de Belgrano. Sara Garfunkel declar\u00f3 este martes durante cuatro horas ante la fiscal Fein. Por pedido de la fiscal Viviana Fein, la jueza a\u2026","rel":"","context":"En \u00abJUDICIALES\u00bb","block_context":{"text":"JUDICIALES","link":"http:\/\/www.24baires.com\/?cat=68"},"img":{"alt_text":"","src":"https:\/\/i0.wp.com\/www.24baires.com\/wp-content\/uploads\/2015\/04\/mama-nisman.jpg?resize=350%2C200","width":350,"height":200,"srcset":"https:\/\/i0.wp.com\/www.24baires.com\/wp-content\/uploads\/2015\/04\/mama-nisman.jpg?resize=350%2C200 1x, https:\/\/i0.wp.com\/www.24baires.com\/wp-content\/uploads\/2015\/04\/mama-nisman.jpg?resize=525%2C300 1.5x"},"classes":[]},{"id":61861,"url":"http:\/\/www.24baires.com\/?p=61861","url_meta":{"origin":60815,"position":2},"title":"Fein calific\u00f3 de \u00abdescabellado\u00bb el testimonio de una testigo","author":"GB","date":"17\/02\/2015","format":false,"excerpt":"Viviana Fein sali\u00f3 al cruce de las declaraciones publicadas hoy por el diario Clar\u00edn de una testigo del operativo realizado en el departamento donde muri\u00f3 Alberto Nisman, asegur\u00f3 que las afirmaciones \u201cson expresiones descabelladas\u201d, y reclam\u00f3 \u201cseriedad\u201d a los medios. Ma\u00f1ana dar\u00e1n a conocer las pericias toxicol\u00f3gicas. La fiscal que\u2026","rel":"","context":"En \u00abPol\u00edtica\u00bb","block_context":{"text":"Pol\u00edtica","link":"http:\/\/www.24baires.com\/?cat=51"},"img":{"alt_text":"fein","src":"https:\/\/i0.wp.com\/www.24baires.com\/wp-content\/uploads\/2015\/01\/fein.jpg?resize=350%2C200","width":350,"height":200,"srcset":"https:\/\/i0.wp.com\/www.24baires.com\/wp-content\/uploads\/2015\/01\/fein.jpg?resize=350%2C200 1x, https:\/\/i0.wp.com\/www.24baires.com\/wp-content\/uploads\/2015\/01\/fein.jpg?resize=525%2C300 1.5x"},"classes":[]},{"id":62333,"url":"http:\/\/www.24baires.com\/?p=62333","url_meta":{"origin":60815,"position":3},"title":"\u00abFue un operativo muy profesional\u00bb, dijo Berni tras declarar","author":"GB","date":"26\/02\/2015","format":false,"excerpt":"El secretario de Seguridad fue citado como testigo en la causa por la muerte de Alberto Nisman. Explic\u00f3 durante tres horas c\u00f3mo se resguard\u00f3 al escena donde fue encontrado sin vida el fiscal antes de la llegada de Fein. El secretario de Seguridad, Sergio Berni, declar\u00f3 este jueves por la\u2026","rel":"","context":"En \u00abPol\u00edtica\u00bb","block_context":{"text":"Pol\u00edtica","link":"http:\/\/www.24baires.com\/?cat=51"},"img":{"alt_text":"berni","src":"https:\/\/i0.wp.com\/www.24baires.com\/wp-content\/uploads\/2015\/02\/berni.jpg?resize=350%2C200","width":350,"height":200,"srcset":"https:\/\/i0.wp.com\/www.24baires.com\/wp-content\/uploads\/2015\/02\/berni.jpg?resize=350%2C200 1x, https:\/\/i0.wp.com\/www.24baires.com\/wp-content\/uploads\/2015\/02\/berni.jpg?resize=525%2C300 1.5x"},"classes":[]},{"id":60400,"url":"http:\/\/www.24baires.com\/?p=60400","url_meta":{"origin":60815,"position":4},"title":"Allanaron la fiscal\u00eda y el despacho de Alberto Nisman","author":"GB","date":"20\/01\/2015","format":false,"excerpt":"Personal de la Prefectura Naval allanaba este mediod\u00eda las oficinas del fiscal Alberto Nisman, en busca de computadoras y elementos de importancia para la causa, informaron fuentes judiciales. Se trata de las oficinas de la Unidad Fiscal AMIA, ubicadas en la calle Hip\u00f3lito Yrigoyen 460 7o.piso, frente a la Plaza\u2026","rel":"","context":"En \u00abPol\u00edtica\u00bb","block_context":{"text":"Pol\u00edtica","link":"http:\/\/www.24baires.com\/?cat=51"},"img":{"alt_text":"","src":"https:\/\/i0.wp.com\/www.24baires.com\/wp-content\/uploads\/2015\/01\/fiscalia.jpg?resize=350%2C200","width":350,"height":200,"srcset":"https:\/\/i0.wp.com\/www.24baires.com\/wp-content\/uploads\/2015\/01\/fiscalia.jpg?resize=350%2C200 1x, https:\/\/i0.wp.com\/www.24baires.com\/wp-content\/uploads\/2015\/01\/fiscalia.jpg?resize=525%2C300 1.5x"},"classes":[]},{"id":62950,"url":"http:\/\/www.24baires.com\/?p=62950","url_meta":{"origin":60815,"position":5},"title":"Arroyo Salgado dijo que \u00aba Nisman lo habr\u00edan matado por dinero\u00bb","author":"Grupo Sierra","date":"10\/03\/2015","format":false,"excerpt":"La exde Nisman se present\u00f3 el lunes a declarar de forma sorpresiva para ampliar su testimonio como querellante en la causa. Revel\u00f3 su hip\u00f3tesis que la hace pensar que fue un \"asesinato\". Tendr\u00eda que ver con un tema econ\u00f3mico. El lunes a la tarde, la jueza de San Isidro, Sandra\u2026","rel":"","context":"En \u00abJUDICIALES\u00bb","block_context":{"text":"JUDICIALES","link":"http:\/\/www.24baires.com\/?cat=68"},"img":{"alt_text":"arroyo_salgado_senado nisman","src":"https:\/\/i0.wp.com\/www.24baires.com\/wp-content\/uploads\/2015\/02\/arroyo_salgado_senado-nisman.jpg?resize=350%2C200","width":350,"height":200,"srcset":"https:\/\/i0.wp.com\/www.24baires.com\/wp-content\/uploads\/2015\/02\/arroyo_salgado_senado-nisman.jpg?resize=350%2C200 1x, https:\/\/i0.wp.com\/www.24baires.com\/wp-content\/uploads\/2015\/02\/arroyo_salgado_senado-nisman.jpg?resize=525%2C300 1.5x"},"classes":[]}],"jetpack_sharing_enabled":true,"jetpack_likes_enabled":true,"jetpack_featured_media_url":"","_links":{"self":[{"href":"http:\/\/www.24baires.com\/index.php?rest_route=\/wp\/v2\/posts\/60815","targetHints":{"allow":["GET"]}}],"collection":[{"href":"http:\/\/www.24baires.com\/index.php?rest_route=\/wp\/v2\/posts"}],"about":[{"href":"http:\/\/www.24baires.com\/index.php?rest_route=\/wp\/v2\/types\/post"}],"author":[{"embeddable":true,"href":"http:\/\/www.24baires.com\/index.php?rest_route=\/wp\/v2\/users\/8"}],"replies":[{"embeddable":true,"href":"http:\/\/www.24baires.com\/index.php?rest_route=%2Fwp%2Fv2%2Fcomments&post=60815"}],"version-history":[{"count":1,"href":"http:\/\/www.24baires.com\/index.php?rest_route=\/wp\/v2\/posts\/60815\/revisions"}],"predecessor-version":[{"id":60816,"href":"http:\/\/www.24baires.com\/index.php?rest_route=\/wp\/v2\/posts\/60815\/revisions\/60816"}],"wp:attachment":[{"href":"http:\/\/www.24baires.com\/index.php?rest_route=%2Fwp%2Fv2%2Fmedia&parent=60815"}],"wp:term":[{"taxonomy":"category","embeddable":true,"href":"http:\/\/www.24baires.com\/index.php?rest_route=%2Fwp%2Fv2%2Fcategories&post=60815"},{"taxonomy":"post_tag","embeddable":true,"href":"http:\/\/www.24baires.com\/index.php?rest_route=%2Fwp%2Fv2%2Ftags&post=60815"}],"curies":[{"name":"wp","href":"https:\/\/api.w.org\/{rel}","templated":true}]}}