{"id":60804,"date":"2015-01-27T13:30:35","date_gmt":"2015-01-27T16:30:35","guid":{"rendered":"http:\/\/www.24baires.com\/?p=60804"},"modified":"2015-01-28T10:13:07","modified_gmt":"2015-01-28T13:13:07","slug":"la-fiscal-anuncio-que-entregaran-el-cuerpo-de-nisman-a-la-familia","status":"publish","type":"post","link":"http:\/\/www.24baires.com\/?p=60804","title":{"rendered":"La fiscal anunci\u00f3 que entregar\u00e1n el cuerpo de Nisman a la familia"},"content":{"rendered":"<p><img data-recalc-dims=\"1\" loading=\"lazy\" decoding=\"async\" class=\"aligncenter size-full wp-image-60662\" src=\"https:\/\/i0.wp.com\/www.24baires.com\/wp-content\/uploads\/2015\/01\/fein.jpg?resize=560%2C414\" alt=\"fein\" width=\"560\" height=\"414\" srcset=\"https:\/\/i0.wp.com\/www.24baires.com\/wp-content\/uploads\/2015\/01\/fein.jpg?w=560 560w, https:\/\/i0.wp.com\/www.24baires.com\/wp-content\/uploads\/2015\/01\/fein.jpg?resize=300%2C222 300w\" sizes=\"auto, (max-width: 560px) 100vw, 560px\" \/>La fiscal a cargo de la investigaci\u00f3n por la muerte de Alberto Nisman, Viviana Fein, inform\u00f3 hoy que no se llevar\u00e1 a cabo una nueva autopsia sobre el cuerpo del fiscal especial de la causa AMIA y aclar\u00f3 que tal medida no fue solicitada por la ex mujer del representante del Ministerio P\u00fablico Fiscal, Sandra Arroyo Salgado.<!--more--><\/p>\n<p>\u00abAnte la notificaci\u00f3n por parte de Sandra Arroyo Salgado de no necesitar llevar a cabo una nueva autopsia y ante el requerimiento de la propia familia del fiscal Alberto Nisman de poder contar con la entrega del cuerpo, Fein dispondr\u00e1 en el d\u00eda de la fecha la entrega del cuerpo del fallecido representante del Ministerio P\u00fablico\u00bb, anunci\u00f3 la fiscal a trav\u00e9s de un comunicado de prensa.<\/p>\n<p>&nbsp;<\/p>\n<p>&nbsp;<\/p>\n<p>&nbsp;<\/p>\n<p>&nbsp;<\/p>\n<p>&nbsp;<\/p>\n<p>&nbsp;<\/p>\n<p>&nbsp;<\/p>\n<p>&nbsp;<\/p>\n<p>&nbsp;<\/p>\n<p>&nbsp;<\/p>\n<p>&nbsp;<\/p>\n<p>&nbsp;<\/p>\n<p>&nbsp;<\/p>\n","protected":false},"excerpt":{"rendered":"<p>La fiscal a cargo de la investigaci\u00f3n por la muerte de Alberto Nisman, Viviana Fein, inform\u00f3 hoy que no se llevar\u00e1 a cabo una nueva autopsia sobre el cuerpo del fiscal especial de la causa AMIA y aclar\u00f3 que tal medida no fue solicitada por la ex mujer del representante del Ministerio P\u00fablico Fiscal, Sandra Arroyo Salgado.<\/p>\n","protected":false},"author":8,"featured_media":0,"comment_status":"open","ping_status":"open","sticky":false,"template":"","format":"standard","meta":{"_jetpack_newsletter_access":"","_jetpack_dont_email_post_to_subs":false,"_jetpack_newsletter_tier_id":0,"_jetpack_memberships_contains_paywalled_content":false,"_jetpack_memberships_contains_paid_content":false,"footnotes":""},"categories":[51],"tags":[],"class_list":["post-60804","post","type-post","status-publish","format-standard","hentry","category-politica"],"jetpack_shortlink":"https:\/\/wp.me\/p2JWE0-fOI","jetpack-related-posts":[{"id":62694,"url":"http:\/\/www.24baires.com\/?p=62694","url_meta":{"origin":60804,"position":0},"title":"\u00abQue los peritos de Salgado me expliquen c\u00f3mo llegaron a esas conclusiones\u00bb","author":"Grupo Sierra","date":"05\/03\/2015","format":false,"excerpt":"La fiscal Fein, que investiga la muerte de Nisman, llamar\u00e1 a declarar a los peritos de parte de la jueza Arroyo Salgado, que afirman que el fiscal fue asesinado. Viviana Fein, a cargo de la investigaci\u00f3n de la muerte de su colega Alberto Nisman, asegur\u00f3 que \u201cno puede descartar de\u2026","rel":"","context":"En \u00abJUDICIALES\u00bb","block_context":{"text":"JUDICIALES","link":"http:\/\/www.24baires.com\/?cat=68"},"img":{"alt_text":"fein","src":"https:\/\/i0.wp.com\/www.24baires.com\/wp-content\/uploads\/2015\/01\/fein.jpg?resize=350%2C200","width":350,"height":200,"srcset":"https:\/\/i0.wp.com\/www.24baires.com\/wp-content\/uploads\/2015\/01\/fein.jpg?resize=350%2C200 1x, https:\/\/i0.wp.com\/www.24baires.com\/wp-content\/uploads\/2015\/01\/fein.jpg?resize=525%2C300 1.5x"},"classes":[]},{"id":62950,"url":"http:\/\/www.24baires.com\/?p=62950","url_meta":{"origin":60804,"position":1},"title":"Arroyo Salgado dijo que \u00aba Nisman lo habr\u00edan matado por dinero\u00bb","author":"Grupo Sierra","date":"10\/03\/2015","format":false,"excerpt":"La exde Nisman se present\u00f3 el lunes a declarar de forma sorpresiva para ampliar su testimonio como querellante en la causa. Revel\u00f3 su hip\u00f3tesis que la hace pensar que fue un \"asesinato\". Tendr\u00eda que ver con un tema econ\u00f3mico. El lunes a la tarde, la jueza de San Isidro, Sandra\u2026","rel":"","context":"En \u00abJUDICIALES\u00bb","block_context":{"text":"JUDICIALES","link":"http:\/\/www.24baires.com\/?cat=68"},"img":{"alt_text":"arroyo_salgado_senado nisman","src":"https:\/\/i0.wp.com\/www.24baires.com\/wp-content\/uploads\/2015\/02\/arroyo_salgado_senado-nisman.jpg?resize=350%2C200","width":350,"height":200,"srcset":"https:\/\/i0.wp.com\/www.24baires.com\/wp-content\/uploads\/2015\/02\/arroyo_salgado_senado-nisman.jpg?resize=350%2C200 1x, https:\/\/i0.wp.com\/www.24baires.com\/wp-content\/uploads\/2015\/02\/arroyo_salgado_senado-nisman.jpg?resize=525%2C300 1.5x"},"classes":[]},{"id":63978,"url":"http:\/\/www.24baires.com\/?p=63978","url_meta":{"origin":60804,"position":2},"title":"Ratifican a Fein al frente de la investigaci\u00f3n por la muerte de Nisman","author":"GB","date":"08\/04\/2015","format":false,"excerpt":"La magistrada rechaz\u00f3 la recusaci\u00f3n que hab\u00eda planteado la ex esposa del fallecido fiscal Alberto Nisman, la jueza federal de San Isidro Sandra Arroyo Salgado. Ayer, las tres mantuvieron una audiencia. La jueza de instrucci\u00f3n Fabiana Palmaghini rechaz\u00f3 la recusaci\u00f3n de la fiscal Viviana Fein que hab\u00eda planteado la ex\u2026","rel":"","context":"En \u00abPol\u00edtica\u00bb","block_context":{"text":"Pol\u00edtica","link":"http:\/\/www.24baires.com\/?cat=51"},"img":{"alt_text":"fein","src":"https:\/\/i0.wp.com\/www.24baires.com\/wp-content\/uploads\/2015\/01\/fein.jpg?resize=350%2C200","width":350,"height":200,"srcset":"https:\/\/i0.wp.com\/www.24baires.com\/wp-content\/uploads\/2015\/01\/fein.jpg?resize=350%2C200 1x, https:\/\/i0.wp.com\/www.24baires.com\/wp-content\/uploads\/2015\/01\/fein.jpg?resize=525%2C300 1.5x"},"classes":[]},{"id":91795,"url":"http:\/\/www.24baires.com\/?p=91795","url_meta":{"origin":60804,"position":3},"title":"\u00abArroyo Salgado tuvo 7 d\u00edas para pedir una nueva autopsia y no lo hizo\u00bb","author":"AF","date":"21\/01\/2017","format":false,"excerpt":"La ex fiscal del caso Nisman, Viviana Fein, reapareci\u00f3 al cumplirse dos a\u00f1os de la muerte del fiscal y volvi\u00f3 a defender su actuaci\u00f3n en el caso. La ex fiscal del caso Nisman, Viviana Fein, arremeti\u00f3 esta ma\u00f1ana contra la ex esposa del fallecido fiscal de la UFI AMIA Alberto\u2026","rel":"","context":"En \u00abJUDICIALES\u00bb","block_context":{"text":"JUDICIALES","link":"http:\/\/www.24baires.com\/?cat=68"},"img":{"alt_text":"","src":"https:\/\/i0.wp.com\/www.24baires.com\/wp-content\/uploads\/2015\/01\/fein.jpg?resize=350%2C200","width":350,"height":200,"srcset":"https:\/\/i0.wp.com\/www.24baires.com\/wp-content\/uploads\/2015\/01\/fein.jpg?resize=350%2C200 1x, https:\/\/i0.wp.com\/www.24baires.com\/wp-content\/uploads\/2015\/01\/fein.jpg?resize=525%2C300 1.5x"},"classes":[]},{"id":62849,"url":"http:\/\/www.24baires.com\/?p=62849","url_meta":{"origin":60804,"position":4},"title":"An\u00edbal Fern\u00e1ndez volvi\u00f3 a cuestionar el informe de Arroyo Salgado","author":"AF","date":"09\/03\/2015","format":false,"excerpt":"El jefe de Gabinete consider\u00f3 \"llamativo\" el informe presentado la semana pasada por ex esposa del Alberto Nisman. \"Ac\u00e1 no hay dos pericias: hay una sola realizada a pedido de la fiscal Fein, que hizo un equipo con enorme prestigio\u201d, y la otra es un informe hecho por profesionales con\u2026","rel":"","context":"En \u00abJUDICIALES\u00bb","block_context":{"text":"JUDICIALES","link":"http:\/\/www.24baires.com\/?cat=68"},"img":{"alt_text":"wpid-wp-1425646392210.jpeg","src":"https:\/\/i0.wp.com\/www.24baires.com\/wp-content\/uploads\/2015\/03\/wpid-wp-1425646392210.jpeg?resize=350%2C200","width":350,"height":200,"srcset":"https:\/\/i0.wp.com\/www.24baires.com\/wp-content\/uploads\/2015\/03\/wpid-wp-1425646392210.jpeg?resize=350%2C200 1x, https:\/\/i0.wp.com\/www.24baires.com\/wp-content\/uploads\/2015\/03\/wpid-wp-1425646392210.jpeg?resize=525%2C300 1.5x"},"classes":[]},{"id":60611,"url":"http:\/\/www.24baires.com\/?p=60611","url_meta":{"origin":60804,"position":5},"title":"Proh\u00edben a Lagomarsino salir del pa\u00eds","author":"AF","date":"23\/01\/2015","format":false,"excerpt":"La jueza Flavia Palmaghini dispuso la prohibici\u00f3n de salida del pa\u00eds de Diego Lagomarsino, el colaborador de Alberto Nisman que le facilit\u00f3 el arma y lo vio por \u00faltima vez. La jueza Flavia Palmaghini dispuso la prohibici\u00f3n de salida del pa\u00eds de Diego Lagomarsino, el colaborador de Alberto Nisman que\u2026","rel":"","context":"En \u00abJUDICIALES\u00bb","block_context":{"text":"JUDICIALES","link":"http:\/\/www.24baires.com\/?cat=68"},"img":{"alt_text":"","src":"","width":0,"height":0},"classes":[]}],"jetpack_sharing_enabled":true,"jetpack_likes_enabled":true,"jetpack_featured_media_url":"","_links":{"self":[{"href":"http:\/\/www.24baires.com\/index.php?rest_route=\/wp\/v2\/posts\/60804","targetHints":{"allow":["GET"]}}],"collection":[{"href":"http:\/\/www.24baires.com\/index.php?rest_route=\/wp\/v2\/posts"}],"about":[{"href":"http:\/\/www.24baires.com\/index.php?rest_route=\/wp\/v2\/types\/post"}],"author":[{"embeddable":true,"href":"http:\/\/www.24baires.com\/index.php?rest_route=\/wp\/v2\/users\/8"}],"replies":[{"embeddable":true,"href":"http:\/\/www.24baires.com\/index.php?rest_route=%2Fwp%2Fv2%2Fcomments&post=60804"}],"version-history":[{"count":1,"href":"http:\/\/www.24baires.com\/index.php?rest_route=\/wp\/v2\/posts\/60804\/revisions"}],"predecessor-version":[{"id":60805,"href":"http:\/\/www.24baires.com\/index.php?rest_route=\/wp\/v2\/posts\/60804\/revisions\/60805"}],"wp:attachment":[{"href":"http:\/\/www.24baires.com\/index.php?rest_route=%2Fwp%2Fv2%2Fmedia&parent=60804"}],"wp:term":[{"taxonomy":"category","embeddable":true,"href":"http:\/\/www.24baires.com\/index.php?rest_route=%2Fwp%2Fv2%2Fcategories&post=60804"},{"taxonomy":"post_tag","embeddable":true,"href":"http:\/\/www.24baires.com\/index.php?rest_route=%2Fwp%2Fv2%2Ftags&post=60804"}],"curies":[{"name":"wp","href":"https:\/\/api.w.org\/{rel}","templated":true}]}}