{"id":60786,"date":"2015-01-27T10:30:06","date_gmt":"2015-01-27T13:30:06","guid":{"rendered":"http:\/\/www.24baires.com\/?p=60786"},"modified":"2015-01-28T10:13:03","modified_gmt":"2015-01-28T13:13:03","slug":"capitanich-la-creacion-de-la-agencia-federal-de-inteligencia-es-un-avance-cualitativo","status":"publish","type":"post","link":"http:\/\/www.24baires.com\/?p=60786","title":{"rendered":"Capitanich: la creaci\u00f3n de la Agencia Federal de Inteligencia es un \u00abavance cualitativo\u00bb"},"content":{"rendered":"<p><img data-recalc-dims=\"1\" loading=\"lazy\" decoding=\"async\" class=\"aligncenter size-full wp-image-53421\" src=\"https:\/\/i0.wp.com\/www.24baires.com\/wp-content\/uploads\/2014\/09\/capitanich-4.jpg?resize=560%2C313\" alt=\"capitanich 4\" width=\"560\" height=\"313\" srcset=\"https:\/\/i0.wp.com\/www.24baires.com\/wp-content\/uploads\/2014\/09\/capitanich-4.jpg?w=560 560w, https:\/\/i0.wp.com\/www.24baires.com\/wp-content\/uploads\/2014\/09\/capitanich-4.jpg?resize=300%2C167 300w\" sizes=\"auto, (max-width: 560px) 100vw, 560px\" \/>El jefe de Gabinete, Jorge Capitanich, calific\u00f3 de \u201cavance cualitativo importante\u201d para el pa\u00eds la decisi\u00f3n de la presidenta Cristina Fern\u00e1ndez de Kirchner enviar al Congreso un proyecto de ley para disolver la Secretar\u00eda de Inteligencia y crear una Agencia Federal de Inteligencia.<!--more--><\/p>\n<p>Al referirse al tema durante su conferencia de prensa matutina en Casa de Gobierno, el funcionario remarc\u00f3 que la medida representa un \u201cnuevo enfoque desde el punto de vista de la Inteligencia\u201d.<\/p>\n","protected":false},"excerpt":{"rendered":"<p>El jefe de Gabinete, Jorge Capitanich, calific\u00f3 de \u201cavance cualitativo importante\u201d para el pa\u00eds la decisi\u00f3n de la presidenta Cristina Fern\u00e1ndez de Kirchner enviar al Congreso un proyecto de ley para disolver la Secretar\u00eda de Inteligencia y crear una Agencia Federal de Inteligencia.<\/p>\n","protected":false},"author":4,"featured_media":0,"comment_status":"open","ping_status":"open","sticky":false,"template":"","format":"standard","meta":{"_jetpack_newsletter_access":"","_jetpack_dont_email_post_to_subs":false,"_jetpack_newsletter_tier_id":0,"_jetpack_memberships_contains_paywalled_content":false,"_jetpack_memberships_contains_paid_content":false,"footnotes":""},"categories":[51],"tags":[],"class_list":["post-60786","post","type-post","status-publish","format-standard","hentry","category-politica"],"jetpack_shortlink":"https:\/\/wp.me\/p2JWE0-fOq","jetpack-related-posts":[{"id":60847,"url":"http:\/\/www.24baires.com\/?p=60847","url_meta":{"origin":60786,"position":0},"title":"Capitanich pidi\u00f3 a la oposici\u00f3n que no impugne los proyectos sin conocerlos","author":"AF","date":"28\/01\/2015","format":false,"excerpt":"El jefe de Gabinete, Jorge Capitanich, lo dijo en referencia al anunciado rechazo del arco opositor al proyecto de ley para disolver la ex SIDE, y calific\u00f3 a ciertos dirigentes de \u201cperiodistas freelance\u201d que siguen una l\u00ednea editorial impuesta por los medios de comunicaci\u00f3n. En su habitual conferencia de prensa\u2026","rel":"","context":"En \u00abPol\u00edtica\u00bb","block_context":{"text":"Pol\u00edtica","link":"http:\/\/www.24baires.com\/?cat=51"},"img":{"alt_text":"capitanich","src":"https:\/\/i0.wp.com\/www.24baires.com\/wp-content\/uploads\/2014\/04\/capitanich.jpg?resize=350%2C200","width":350,"height":200,"srcset":"https:\/\/i0.wp.com\/www.24baires.com\/wp-content\/uploads\/2014\/04\/capitanich.jpg?resize=350%2C200 1x, https:\/\/i0.wp.com\/www.24baires.com\/wp-content\/uploads\/2014\/04\/capitanich.jpg?resize=525%2C300 1.5x"},"classes":[]},{"id":62302,"url":"http:\/\/www.24baires.com\/?p=62302","url_meta":{"origin":60786,"position":1},"title":"Capitanich: \u00abLa Ley de Inteligencia permite saldar una deuda de la democracia\u00bb","author":"AF","date":"26\/02\/2015","format":false,"excerpt":"El jefe de Gabinete, Jorge Capitanich, celebr\u00f3 hoy la sanci\u00f3n de la nueva ley que crea la Agencia Federal de Inteligencia (AFI), aprobada esta madrugada por la C\u00e1mara de Diputados. \"Permite transparencia en el control y supervisi\u00f3n de recursos y generar condiciones para que un \u00f3rgano intrapoder tenga a su\u2026","rel":"","context":"En \u00abPol\u00edtica\u00bb","block_context":{"text":"Pol\u00edtica","link":"http:\/\/www.24baires.com\/?cat=51"},"img":{"alt_text":"capitanich 4","src":"https:\/\/i0.wp.com\/www.24baires.com\/wp-content\/uploads\/2014\/09\/capitanich-4.jpg?resize=350%2C200","width":350,"height":200,"srcset":"https:\/\/i0.wp.com\/www.24baires.com\/wp-content\/uploads\/2014\/09\/capitanich-4.jpg?resize=350%2C200 1x, https:\/\/i0.wp.com\/www.24baires.com\/wp-content\/uploads\/2014\/09\/capitanich-4.jpg?resize=525%2C300 1.5x"},"classes":[]},{"id":56255,"url":"http:\/\/www.24baires.com\/?p=56255","url_meta":{"origin":60786,"position":2},"title":"Capitanich: \u201cla tasa de escolarizaci\u00f3n es casi universal\u201d.","author":"AF","date":"30\/10\/2014","format":false,"excerpt":"El jefe de Gabinete, Jorge Capitanich, sali\u00f3 al cruce de una informaci\u00f3n publicada hoy en su portada por el diario Clar\u00edn, que se\u00f1ala que, \u201cen un a\u00f1o, dejaron la escuela p\u00fablica casi 50 mil alumnos\u201d. El jefe de Gabinete, Jorge Capitanich, asegur\u00f3 hoy que \u201cel avance cualitativo\u201d del sistema educativo\u2026","rel":"","context":"En \u00abLocales\u00bb","block_context":{"text":"Locales","link":"http:\/\/www.24baires.com\/?cat=38"},"img":{"alt_text":"capitanich 2","src":"https:\/\/i0.wp.com\/www.24baires.com\/wp-content\/uploads\/2013\/12\/capitanich-2.jpg?resize=350%2C200","width":350,"height":200,"srcset":"https:\/\/i0.wp.com\/www.24baires.com\/wp-content\/uploads\/2013\/12\/capitanich-2.jpg?resize=350%2C200 1x, https:\/\/i0.wp.com\/www.24baires.com\/wp-content\/uploads\/2013\/12\/capitanich-2.jpg?resize=525%2C300 1.5x"},"classes":[]},{"id":60827,"url":"http:\/\/www.24baires.com\/?p=60827","url_meta":{"origin":60786,"position":3},"title":"Cristina-AMIA, la reuni\u00f3n esperada","author":"Grupo Sierra","date":"27\/01\/2015","format":false,"excerpt":"La Presidenta se reuni\u00f3 en Olivos con miembros de la Asociaci\u00f3n 18J Familiares, Sobrevivientes y Amigos de las V\u00edctimas del Atentado, encabezados por su referente, Sergio Burstein, quien calific\u00f3 de \"un acto de una valent\u00eda incre\u00edble\" la decisi\u00f3n de la jefa de Estado la de enviar al Congreso un proyecto\u2026","rel":"","context":"En \u00abGeneral\u00bb","block_context":{"text":"General","link":"http:\/\/www.24baires.com\/?cat=67"},"img":{"alt_text":"","src":"https:\/\/i0.wp.com\/www.24baires.com\/wp-content\/uploads\/2015\/01\/cristina-amia.jpg?resize=350%2C200","width":350,"height":200,"srcset":"https:\/\/i0.wp.com\/www.24baires.com\/wp-content\/uploads\/2015\/01\/cristina-amia.jpg?resize=350%2C200 1x, https:\/\/i0.wp.com\/www.24baires.com\/wp-content\/uploads\/2015\/01\/cristina-amia.jpg?resize=525%2C300 1.5x"},"classes":[]},{"id":53244,"url":"http:\/\/www.24baires.com\/?p=53244","url_meta":{"origin":60786,"position":4},"title":"El lunes pr\u00f3ximo enviar\u00e1n al Congreso el proyecto de Presupuesto 2015","author":"AF","date":"08\/09\/2014","format":false,"excerpt":"Lo anticip\u00f3 hoy el jefe de Gabinete, Jorge Capitanich, en su habitual conferencia de prensa en la Casa Rosada. Adem\u00e1s, neg\u00f3 que existan planes de reforma de la ley de Carta Org\u00e1nica del Banco Central en la iniciativa. \u201cEstamos trabajando en los detalles con los datos cuantitativos y cualitativos, as\u00ed\u2026","rel":"","context":"En \u00abEconom\u00eda\u00bb","block_context":{"text":"Econom\u00eda","link":"http:\/\/www.24baires.com\/?cat=45"},"img":{"alt_text":"capitanich dolares","src":"https:\/\/i0.wp.com\/www.24baires.com\/wp-content\/uploads\/2014\/01\/capitanich-dolares.jpg?resize=350%2C200","width":350,"height":200,"srcset":"https:\/\/i0.wp.com\/www.24baires.com\/wp-content\/uploads\/2014\/01\/capitanich-dolares.jpg?resize=350%2C200 1x, https:\/\/i0.wp.com\/www.24baires.com\/wp-content\/uploads\/2014\/01\/capitanich-dolares.jpg?resize=525%2C300 1.5x"},"classes":[]},{"id":60983,"url":"http:\/\/www.24baires.com\/?p=60983","url_meta":{"origin":60786,"position":5},"title":"Capitanich: \u00abNo hay ninguna interferencia en la investigaci\u00f3n\u00bb","author":"GB","date":"30\/01\/2015","format":false,"excerpt":"El jefe de Gabinete asegur\u00f3 que lo que si existe por parte del Ejecutivo es \u201cvoluntad de apoyar para el esclarecimiento del hecho\" y recalc\u00f3 que la pesquisa sobre la muerte del fiscal \"es una responsabilidad que corresponde al Poder Judicial\". \"Las garant\u00edas existen para la investigaci\u00f3n exhaustiva profunda\", indic\u00f3\u2026","rel":"","context":"En \u00abPol\u00edtica\u00bb","block_context":{"text":"Pol\u00edtica","link":"http:\/\/www.24baires.com\/?cat=51"},"img":{"alt_text":"capitanich 4","src":"https:\/\/i0.wp.com\/www.24baires.com\/wp-content\/uploads\/2014\/09\/capitanich-4.jpg?resize=350%2C200","width":350,"height":200,"srcset":"https:\/\/i0.wp.com\/www.24baires.com\/wp-content\/uploads\/2014\/09\/capitanich-4.jpg?resize=350%2C200 1x, https:\/\/i0.wp.com\/www.24baires.com\/wp-content\/uploads\/2014\/09\/capitanich-4.jpg?resize=525%2C300 1.5x"},"classes":[]}],"jetpack_sharing_enabled":true,"jetpack_likes_enabled":true,"jetpack_featured_media_url":"","_links":{"self":[{"href":"http:\/\/www.24baires.com\/index.php?rest_route=\/wp\/v2\/posts\/60786","targetHints":{"allow":["GET"]}}],"collection":[{"href":"http:\/\/www.24baires.com\/index.php?rest_route=\/wp\/v2\/posts"}],"about":[{"href":"http:\/\/www.24baires.com\/index.php?rest_route=\/wp\/v2\/types\/post"}],"author":[{"embeddable":true,"href":"http:\/\/www.24baires.com\/index.php?rest_route=\/wp\/v2\/users\/4"}],"replies":[{"embeddable":true,"href":"http:\/\/www.24baires.com\/index.php?rest_route=%2Fwp%2Fv2%2Fcomments&post=60786"}],"version-history":[{"count":1,"href":"http:\/\/www.24baires.com\/index.php?rest_route=\/wp\/v2\/posts\/60786\/revisions"}],"predecessor-version":[{"id":60787,"href":"http:\/\/www.24baires.com\/index.php?rest_route=\/wp\/v2\/posts\/60786\/revisions\/60787"}],"wp:attachment":[{"href":"http:\/\/www.24baires.com\/index.php?rest_route=%2Fwp%2Fv2%2Fmedia&parent=60786"}],"wp:term":[{"taxonomy":"category","embeddable":true,"href":"http:\/\/www.24baires.com\/index.php?rest_route=%2Fwp%2Fv2%2Fcategories&post=60786"},{"taxonomy":"post_tag","embeddable":true,"href":"http:\/\/www.24baires.com\/index.php?rest_route=%2Fwp%2Fv2%2Ftags&post=60786"}],"curies":[{"name":"wp","href":"https:\/\/api.w.org\/{rel}","templated":true}]}}