{"id":60775,"date":"2015-01-26T20:45:21","date_gmt":"2015-01-26T23:45:21","guid":{"rendered":"http:\/\/www.24baires.com\/?p=60775"},"modified":"2015-01-27T10:20:33","modified_gmt":"2015-01-27T13:20:33","slug":"para-zaffaroni-lo-de-nisman-es-una-tentativa-de-golpe","status":"publish","type":"post","link":"http:\/\/www.24baires.com\/?p=60775","title":{"rendered":"Para Zaffaroni \u201clo de Nisman es una tentativa de golpe\u201d"},"content":{"rendered":"<p><img data-recalc-dims=\"1\" loading=\"lazy\" decoding=\"async\" class=\"aligncenter size-full wp-image-4372\" src=\"https:\/\/i0.wp.com\/www.24baires.com\/wp-content\/uploads\/2012\/11\/zaffaroni2.jpg?resize=560%2C372\" alt=\"zaffaroni2\" width=\"560\" height=\"372\" srcset=\"https:\/\/i0.wp.com\/www.24baires.com\/wp-content\/uploads\/2012\/11\/zaffaroni2.jpg?w=560 560w, https:\/\/i0.wp.com\/www.24baires.com\/wp-content\/uploads\/2012\/11\/zaffaroni2.jpg?resize=300%2C199 300w\" sizes=\"auto, (max-width: 560px) 100vw, 560px\" \/>El ex juez de la Corte consider\u00f3 que la muerte del fiscal Alberto esconde algo muy oscuro y agreg\u00f3: \u201cTirar un muerto no es nada nuevo\u201d.<!--more--><\/p>\n<p>El ex juez de la Corte Suprema de la Naci\u00f3n Ra\u00fal Eugenio Zaffaroni manifest\u00f3 hoy que detr\u00e1s de la muerte del fiscal Alberto Nisman hay \u201cuna tentativa de golpe de Estado de alguna manera, una tentativa seria de desestabilizaci\u00f3n, que no es nueva, tirar un muerto no es nada nuevo\u201d.<\/p>\n<p>En declaraciones a la Televisi\u00f3n P\u00fablica, en el marco de un especial sobre la muerte de Nisman del que participan juristas de renombre, el prestigioso penalista afirm\u00f3 que hay dos hip\u00f3tesis: \u201cO bien se hizo esto como un juego, una luz mala para tratar de armar un esc\u00e1ndalo, y este muchacho se encontr\u00f3 solo con alg\u00fan problema de personalidad y se suicid\u00f3. O bien es una cosa m\u00e1s terrible, que primero lo usaron y despu\u00e9s lo mataron. Yo me inclino hasta hoy por la primera, la segunda me parece terriblemente tenebrosa, quiz\u00e1 el inconsciente me est\u00e9 diciendo esa no es\u201d.<\/p>\n<p>&nbsp;<\/p>\n<p>&nbsp;<\/p>\n<p>&nbsp;<\/p>\n","protected":false},"excerpt":{"rendered":"<p>El ex juez de la Corte consider\u00f3 que la muerte del fiscal Alberto esconde algo muy oscuro y agreg\u00f3: \u201cTirar un muerto no es nada nuevo\u201d.<\/p>\n","protected":false},"author":11,"featured_media":0,"comment_status":"open","ping_status":"open","sticky":false,"template":"","format":"standard","meta":{"_jetpack_newsletter_access":"","_jetpack_dont_email_post_to_subs":false,"_jetpack_newsletter_tier_id":0,"_jetpack_memberships_contains_paywalled_content":false,"_jetpack_memberships_contains_paid_content":false,"footnotes":""},"categories":[68,51],"tags":[],"class_list":["post-60775","post","type-post","status-publish","format-standard","hentry","category-judiciales","category-politica"],"jetpack_shortlink":"https:\/\/wp.me\/p2JWE0-fOf","jetpack-related-posts":[{"id":102494,"url":"http:\/\/www.24baires.com\/?p=102494","url_meta":{"origin":60775,"position":0},"title":"La C\u00e1mara \u00abreflot\u00f3\u00bb la causa Nisman y asegura que se trat\u00f3 de un crimen","author":"AF","date":"01\/06\/2018","format":false,"excerpt":"Confirm\u00f3 que el ex juez Alberto Nisman fue asesinado. Agregaron que el motivo fue su denuncia contra Cristina Kirchner. Adem\u00e1s dejaron firme el procesamiento de Diego Lagomarsino. La C\u00e1mara Federal hizo su aparici\u00f3n en medio de la debacle econ\u00f3mica que enfrenta el gobierno de Mauricio Macri. Entre masivas manifestaciones en\u2026","rel":"","context":"En \u00abJUDICIALES\u00bb","block_context":{"text":"JUDICIALES","link":"http:\/\/www.24baires.com\/?cat=68"},"img":{"alt_text":"","src":"https:\/\/i0.wp.com\/www.24baires.com\/wp-content\/uploads\/2015\/07\/nisman.jpg?resize=350%2C200","width":350,"height":200,"srcset":"https:\/\/i0.wp.com\/www.24baires.com\/wp-content\/uploads\/2015\/07\/nisman.jpg?resize=350%2C200 1x, https:\/\/i0.wp.com\/www.24baires.com\/wp-content\/uploads\/2015\/07\/nisman.jpg?resize=525%2C300 1.5x"},"classes":[]},{"id":106442,"url":"http:\/\/www.24baires.com\/?p=106442","url_meta":{"origin":60775,"position":1},"title":"Lagomarsino, sobre Nisman: \u00abSigo pensando que se suicid\u00f3\u00bb","author":"AF","date":"18\/01\/2019","format":false,"excerpt":"\"Alberto me traicion\u00f3, me meti\u00f3 en una situaci\u00f3n para nada agradable. Pero a pesar de eso lo perdon\u00e9. Si tuvo que matarse con mi arma, lo perdono, le perdono que me haya metido en este problema\", resalt\u00f3 adem\u00e1s Diego Lagomarsino. Al cumplirse cuatro a\u00f1os de la muerte del fiscal Alberto\u2026","rel":"","context":"En \u00abSociedad\u00bb","block_context":{"text":"Sociedad","link":"http:\/\/www.24baires.com\/?cat=1"},"img":{"alt_text":"","src":"https:\/\/i0.wp.com\/www.24baires.com\/wp-content\/uploads\/2015\/01\/lagomarsino-11.jpg?resize=350%2C200","width":350,"height":200,"srcset":"https:\/\/i0.wp.com\/www.24baires.com\/wp-content\/uploads\/2015\/01\/lagomarsino-11.jpg?resize=350%2C200 1x, https:\/\/i0.wp.com\/www.24baires.com\/wp-content\/uploads\/2015\/01\/lagomarsino-11.jpg?resize=525%2C300 1.5x"},"classes":[]},{"id":106064,"url":"http:\/\/www.24baires.com\/?p=106064","url_meta":{"origin":60775,"position":2},"title":"Arroyo Salgado renunci\u00f3 a ser querrelante en la causa Nisman","author":"AF","date":"21\/12\/2018","format":false,"excerpt":"Lo hizo a trav\u00e9s de un escrito en el que dijo que a\u00fan recibe amenazas y que prefiere \"priorizar la paz y espiritualidad del grupo familiar\". La ex esposa de Alberto Nisman, la jueza Sandra Arroyo Salgado, renunci\u00f3 a la querella en la causa por la muerte del fiscal. Lo\u2026","rel":"","context":"En \u00abJUDICIALES\u00bb","block_context":{"text":"JUDICIALES","link":"http:\/\/www.24baires.com\/?cat=68"},"img":{"alt_text":"","src":"https:\/\/i0.wp.com\/www.24baires.com\/wp-content\/uploads\/2015\/02\/arroyo_salgado_senado-nisman.jpg?resize=350%2C200","width":350,"height":200,"srcset":"https:\/\/i0.wp.com\/www.24baires.com\/wp-content\/uploads\/2015\/02\/arroyo_salgado_senado-nisman.jpg?resize=350%2C200 1x, https:\/\/i0.wp.com\/www.24baires.com\/wp-content\/uploads\/2015\/02\/arroyo_salgado_senado-nisman.jpg?resize=525%2C300 1.5x"},"classes":[]},{"id":101512,"url":"http:\/\/www.24baires.com\/?p=101512","url_meta":{"origin":60775,"position":3},"title":"Zaffaroni: \u00abEstamos en un proceso regresivo de la democracia y los derechos humanos\u00bb","author":"AF","date":"09\/04\/2018","format":false,"excerpt":"El ex juez de la Corte Suprema y juez de la Corte Interamericana de Derechos Humanos sostuvo que \"el gobierno quiere manipular la justicia de una forma in\u00e9dita\". En declaraciones al programa Maldita Suerte por FM La Patriada, sostuvo que \"hay una conflictividad interna en los servicios de inteligencia que\u2026","rel":"","context":"En \u00abPol\u00edtica\u00bb","block_context":{"text":"Pol\u00edtica","link":"http:\/\/www.24baires.com\/?cat=51"},"img":{"alt_text":"","src":"https:\/\/i0.wp.com\/www.24baires.com\/wp-content\/uploads\/2012\/11\/zaffaroni21.jpg?resize=350%2C200","width":350,"height":200,"srcset":"https:\/\/i0.wp.com\/www.24baires.com\/wp-content\/uploads\/2012\/11\/zaffaroni21.jpg?resize=350%2C200 1x, https:\/\/i0.wp.com\/www.24baires.com\/wp-content\/uploads\/2012\/11\/zaffaroni21.jpg?resize=525%2C300 1.5x"},"classes":[]},{"id":108203,"url":"http:\/\/www.24baires.com\/?p=108203","url_meta":{"origin":60775,"position":4},"title":"Un empresario fue amenazado para evitar que declare contra el Gobierno","author":"GB","date":"16\/05\/2019","format":false,"excerpt":"Mart\u00ednez Rojas, ex CEO preso, revel\u00f3 que el Ejecutivo y la AFI intentaron guionarlo para involucrar a Cristina y otros ex funcionarios en diversos delitos a cambio de quedar en libertad. Tambi\u00e9n se supo que el abogado de Stornelli busc\u00f3 extorsionarlo en EEUU. Ahora le advirtieron que si habla ante\u2026","rel":"","context":"En \u00abPol\u00edtica\u00bb","block_context":{"text":"Pol\u00edtica","link":"http:\/\/www.24baires.com\/?cat=51"},"img":{"alt_text":"","src":"https:\/\/i0.wp.com\/www.24baires.com\/wp-content\/uploads\/2019\/05\/empresario-amenazado.jpg?resize=350%2C200","width":350,"height":200,"srcset":"https:\/\/i0.wp.com\/www.24baires.com\/wp-content\/uploads\/2019\/05\/empresario-amenazado.jpg?resize=350%2C200 1x, https:\/\/i0.wp.com\/www.24baires.com\/wp-content\/uploads\/2019\/05\/empresario-amenazado.jpg?resize=525%2C300 1.5x"},"classes":[]},{"id":63978,"url":"http:\/\/www.24baires.com\/?p=63978","url_meta":{"origin":60775,"position":5},"title":"Ratifican a Fein al frente de la investigaci\u00f3n por la muerte de Nisman","author":"GB","date":"08\/04\/2015","format":false,"excerpt":"La magistrada rechaz\u00f3 la recusaci\u00f3n que hab\u00eda planteado la ex esposa del fallecido fiscal Alberto Nisman, la jueza federal de San Isidro Sandra Arroyo Salgado. Ayer, las tres mantuvieron una audiencia. La jueza de instrucci\u00f3n Fabiana Palmaghini rechaz\u00f3 la recusaci\u00f3n de la fiscal Viviana Fein que hab\u00eda planteado la ex\u2026","rel":"","context":"En \u00abPol\u00edtica\u00bb","block_context":{"text":"Pol\u00edtica","link":"http:\/\/www.24baires.com\/?cat=51"},"img":{"alt_text":"fein","src":"https:\/\/i0.wp.com\/www.24baires.com\/wp-content\/uploads\/2015\/01\/fein.jpg?resize=350%2C200","width":350,"height":200,"srcset":"https:\/\/i0.wp.com\/www.24baires.com\/wp-content\/uploads\/2015\/01\/fein.jpg?resize=350%2C200 1x, https:\/\/i0.wp.com\/www.24baires.com\/wp-content\/uploads\/2015\/01\/fein.jpg?resize=525%2C300 1.5x"},"classes":[]}],"jetpack_sharing_enabled":true,"jetpack_likes_enabled":true,"jetpack_featured_media_url":"","_links":{"self":[{"href":"http:\/\/www.24baires.com\/index.php?rest_route=\/wp\/v2\/posts\/60775","targetHints":{"allow":["GET"]}}],"collection":[{"href":"http:\/\/www.24baires.com\/index.php?rest_route=\/wp\/v2\/posts"}],"about":[{"href":"http:\/\/www.24baires.com\/index.php?rest_route=\/wp\/v2\/types\/post"}],"author":[{"embeddable":true,"href":"http:\/\/www.24baires.com\/index.php?rest_route=\/wp\/v2\/users\/11"}],"replies":[{"embeddable":true,"href":"http:\/\/www.24baires.com\/index.php?rest_route=%2Fwp%2Fv2%2Fcomments&post=60775"}],"version-history":[{"count":1,"href":"http:\/\/www.24baires.com\/index.php?rest_route=\/wp\/v2\/posts\/60775\/revisions"}],"predecessor-version":[{"id":60776,"href":"http:\/\/www.24baires.com\/index.php?rest_route=\/wp\/v2\/posts\/60775\/revisions\/60776"}],"wp:attachment":[{"href":"http:\/\/www.24baires.com\/index.php?rest_route=%2Fwp%2Fv2%2Fmedia&parent=60775"}],"wp:term":[{"taxonomy":"category","embeddable":true,"href":"http:\/\/www.24baires.com\/index.php?rest_route=%2Fwp%2Fv2%2Fcategories&post=60775"},{"taxonomy":"post_tag","embeddable":true,"href":"http:\/\/www.24baires.com\/index.php?rest_route=%2Fwp%2Fv2%2Ftags&post=60775"}],"curies":[{"name":"wp","href":"https:\/\/api.w.org\/{rel}","templated":true}]}}