{"id":60760,"date":"2015-01-26T18:13:09","date_gmt":"2015-01-26T21:13:09","guid":{"rendered":"http:\/\/www.24baires.com\/?p=60760"},"modified":"2015-01-26T18:13:09","modified_gmt":"2015-01-26T21:13:09","slug":"numerosas-agrupaciones-se-reunen-para-bancar-a-cristina","status":"publish","type":"post","link":"http:\/\/www.24baires.com\/?p=60760","title":{"rendered":"Numerosas agrupaciones se re\u00fanen \u00abpara bancar a Cristina\u00bb"},"content":{"rendered":"<p><img data-recalc-dims=\"1\" loading=\"lazy\" decoding=\"async\" class=\"aligncenter size-full wp-image-58581\" src=\"https:\/\/i0.wp.com\/www.24baires.com\/wp-content\/uploads\/2014\/12\/democracia-acto.jpg?resize=560%2C373\" alt=\"democracia acto\" width=\"560\" height=\"373\" srcset=\"https:\/\/i0.wp.com\/www.24baires.com\/wp-content\/uploads\/2014\/12\/democracia-acto.jpg?w=560 560w, https:\/\/i0.wp.com\/www.24baires.com\/wp-content\/uploads\/2014\/12\/democracia-acto.jpg?resize=300%2C199 300w\" sizes=\"auto, (max-width: 560px) 100vw, 560px\" \/>Los grupos mantendr\u00e1n un encuentro de \u00abmilitantes y ciudadanos para canalizar la expresi\u00f3n del pueblo\u00bb y brindarle apoyo a la Cristina Fern\u00e1ndez de Kirchner, indicaron. mantendr\u00e1n un encuentro de \u00abmilitantes y ciudadanos para canalizar la expresi\u00f3n del pueblo\u00bb y brindarle apoyo a la Cristina Fern\u00e1ndez de Kirchner, indicaron.<!--more--><\/p>\n<p>El encuentro se desarrollar\u00e1 hoy a partir de las 20 en la Casa de la Cultura de la provincia, en calle Carbo y 9 de julio de la capital entrerriana, donde pedir\u00e1n que la Justicia \u00abse expida lo m\u00e1s pronto posible\u00bb en cuanto al esclarecimiento de la muerte del fiscal Alberto Nisman.<\/p>\n<p>El referente de La C\u00e1mpora en Entre R\u00edos y militante de Unidos y Organizados, Juan Manuel Huss, sostuvo que a una semana del fallecimiento de Nisman \u00abrepudiamos y lamentamos el hecho, y queremos que la Justicia act\u00fae de la m\u00e1s forma \u00e1gil y veros\u00edmil posible\u00bb.<\/p>\n<p>\u00abNo vamos a dejar que un hecho que lo tiene que determinar la Justicia, algunos lo conviertan en solamente especulaci\u00f3n, utilizando pol\u00edticamente la muerte de una persona para obtener un par de votos m\u00e1s en las elecciones de las PASO\u00bb, asegur\u00f3 Huss.<\/p>\n<p>Asimismo, el militante de Unidos y Organizados indic\u00f3 que \u00abvemos a la canallada y en la bajeza digna de los pol\u00edticos de la oposici\u00f3n haciendo un carancheo que nos genera repulsi\u00f3n y nos apena como argentinos\u00bb.<\/p>\n<p>\u00abMuchos actores pol\u00edticos, comunicadores, los grandes grupos concentrados de poder y los grandes grupos de comunicaci\u00f3n est\u00e1n haciendo de esto una novela, un reality show, y tratan de ensuciar la figura de la Presidenta y de este gobierno nacional\u00bb, agreg\u00f3.<\/p>\n<p>En ese sentido, el dirigente anticip\u00f3 que en el acto de esta tarde presentar\u00e1n un mensaje \u00abhacia estos sectores y otros, para que quede claro que no van a pasar por sobre los intereses del pueblo, porque la militancia no lo va a permitir\u00bb.<\/p>\n<p>\u00abDesde el 2003 est\u00e1 m\u00e1s que claro que este proyecto pol\u00edtico social impuls\u00f3 la causa AMIA, y se busc\u00f3 una de nuestras premisas fundamentales como es la Memoria, Verdad y Justicia\u00bb, reflexion\u00f3.<\/p>\n<p>Huss asever\u00f3 que \u00abcreemos oportuno compartir hoy las palabras que ha escrito la Presidenta en las redes sociales en sus dos cartas a la ciudadan\u00eda, y remarcar un fuerte apoyo a la figura presidencial y a este proyecto popular, nacional, democr\u00e1tico y de inclusi\u00f3n\u00bb.<\/p>\n<p>Seg\u00fan precis\u00f3, adem\u00e1s de Unidos y Organizados participar\u00e1n \u00abciudadanos, diferentes ramas de la militancia y otras organizaciones que no se encuentran dentro del espacio, pero est\u00e1n comprendidos en este gran arco que representa el kirchnerismo para un gran porcentaje de la sociedad argentina\u00bb.<\/p>\n","protected":false},"excerpt":{"rendered":"<p>Los grupos mantendr\u00e1n un encuentro de \u00abmilitantes y ciudadanos para canalizar la expresi\u00f3n del pueblo\u00bb y brindarle apoyo a la Cristina Fern\u00e1ndez de Kirchner, indicaron. mantendr\u00e1n un encuentro de \u00abmilitantes y ciudadanos para canalizar la expresi\u00f3n del pueblo\u00bb y brindarle apoyo a la Cristina Fern\u00e1ndez de Kirchner, indicaron.<\/p>\n","protected":false},"author":11,"featured_media":0,"comment_status":"open","ping_status":"open","sticky":false,"template":"","format":"standard","meta":{"_jetpack_newsletter_access":"","_jetpack_dont_email_post_to_subs":false,"_jetpack_newsletter_tier_id":0,"_jetpack_memberships_contains_paywalled_content":false,"_jetpack_memberships_contains_paid_content":false,"footnotes":""},"categories":[51],"tags":[],"class_list":["post-60760","post","type-post","status-publish","format-standard","hentry","category-politica"],"jetpack_shortlink":"https:\/\/wp.me\/p2JWE0-fO0","jetpack-related-posts":[{"id":102494,"url":"http:\/\/www.24baires.com\/?p=102494","url_meta":{"origin":60760,"position":0},"title":"La C\u00e1mara \u00abreflot\u00f3\u00bb la causa Nisman y asegura que se trat\u00f3 de un crimen","author":"AF","date":"01\/06\/2018","format":false,"excerpt":"Confirm\u00f3 que el ex juez Alberto Nisman fue asesinado. Agregaron que el motivo fue su denuncia contra Cristina Kirchner. Adem\u00e1s dejaron firme el procesamiento de Diego Lagomarsino. La C\u00e1mara Federal hizo su aparici\u00f3n en medio de la debacle econ\u00f3mica que enfrenta el gobierno de Mauricio Macri. Entre masivas manifestaciones en\u2026","rel":"","context":"En \u00abJUDICIALES\u00bb","block_context":{"text":"JUDICIALES","link":"http:\/\/www.24baires.com\/?cat=68"},"img":{"alt_text":"","src":"https:\/\/i0.wp.com\/www.24baires.com\/wp-content\/uploads\/2015\/07\/nisman.jpg?resize=350%2C200","width":350,"height":200,"srcset":"https:\/\/i0.wp.com\/www.24baires.com\/wp-content\/uploads\/2015\/07\/nisman.jpg?resize=350%2C200 1x, https:\/\/i0.wp.com\/www.24baires.com\/wp-content\/uploads\/2015\/07\/nisman.jpg?resize=525%2C300 1.5x"},"classes":[]},{"id":113554,"url":"http:\/\/www.24baires.com\/?p=113554","url_meta":{"origin":60760,"position":1},"title":"Revocaron la prisi\u00f3n preventiva contra Cristina","author":"AF","date":"23\/12\/2019","format":false,"excerpt":"El tribunal a cargo de la causa dio marcha atr\u00e1s contra la medida que afectaba a la ex presidenta. El Tribunal Federal N\u00b08 decidi\u00f3 revocar la prisi\u00f3n preventiva contra Cristina Kirchner en la causa por el memorandum de entendimiento con Ir\u00e1n. El dictamen hab\u00eda sido promulgado por el juez Claudio\u2026","rel":"","context":"En \u00abJUDICIALES\u00bb","block_context":{"text":"JUDICIALES","link":"http:\/\/www.24baires.com\/?cat=68"},"img":{"alt_text":"","src":"https:\/\/i0.wp.com\/www.24baires.com\/wp-content\/uploads\/2019\/12\/cristina-plaza.jpg?resize=350%2C200","width":350,"height":200,"srcset":"https:\/\/i0.wp.com\/www.24baires.com\/wp-content\/uploads\/2019\/12\/cristina-plaza.jpg?resize=350%2C200 1x, https:\/\/i0.wp.com\/www.24baires.com\/wp-content\/uploads\/2019\/12\/cristina-plaza.jpg?resize=525%2C300 1.5x"},"classes":[]},{"id":103330,"url":"http:\/\/www.24baires.com\/?p=103330","url_meta":{"origin":60760,"position":2},"title":"Timerman asegura que est\u00e1n usando la causa del Memorandum \u00abpara atacar a Cristina\u00bb","author":"AF","date":"13\/07\/2018","format":false,"excerpt":"Adem\u00e1s, el ex canciller se lament\u00f3 porque la \u00fanica causa que avanz\u00f3 es la que se le inici\u00f3 a \u00e9l y ex funcionarios del gobierno kirchnerista. El ex canciller Hector Timerman denunci\u00f3 este viernes que est\u00e1n usando la causa del Memorandum con Ir\u00e1n para atacar a la ex presidenta Cristina\u2026","rel":"","context":"En \u00abPol\u00edtica\u00bb","block_context":{"text":"Pol\u00edtica","link":"http:\/\/www.24baires.com\/?cat=51"},"img":{"alt_text":"","src":"https:\/\/i0.wp.com\/www.24baires.com\/wp-content\/uploads\/2013\/03\/timerman.jpg?resize=350%2C200","width":350,"height":200,"srcset":"https:\/\/i0.wp.com\/www.24baires.com\/wp-content\/uploads\/2013\/03\/timerman.jpg?resize=350%2C200 1x, https:\/\/i0.wp.com\/www.24baires.com\/wp-content\/uploads\/2013\/03\/timerman.jpg?resize=525%2C300 1.5x"},"classes":[]},{"id":61760,"url":"http:\/\/www.24baires.com\/?p=61760","url_meta":{"origin":60760,"position":3},"title":"Correa advirti\u00f3 que Cristina sufre \u00abotro intento de desestabilizaci\u00f3n\u00bb","author":"GB","date":"14\/02\/2015","format":false,"excerpt":"El presidente de Ecuador, Rafael Correa, manifest\u00f3 su abierto apoyo a la presidenta Cristina Fern\u00e1ndez de Kirchner al conocer la decisi\u00f3n juducial de impulsar la denuncia de Nisman, medida que atribuy\u00f3 a \"un nuevo intento de desestabilizaci\u00f3n por medio de instancias jur\u00eddicas\". Al brindar su tradicional informe semanal, el mandatario\u2026","rel":"","context":"En \u00abInternacionales\u00bb","block_context":{"text":"Internacionales","link":"http:\/\/www.24baires.com\/?cat=73"},"img":{"alt_text":"correa cristina","src":"https:\/\/i0.wp.com\/www.24baires.com\/wp-content\/uploads\/2013\/09\/correa-cristina.jpg?resize=350%2C200","width":350,"height":200,"srcset":"https:\/\/i0.wp.com\/www.24baires.com\/wp-content\/uploads\/2013\/09\/correa-cristina.jpg?resize=350%2C200 1x, https:\/\/i0.wp.com\/www.24baires.com\/wp-content\/uploads\/2013\/09\/correa-cristina.jpg?resize=525%2C300 1.5x"},"classes":[]},{"id":112540,"url":"http:\/\/www.24baires.com\/?p=112540","url_meta":{"origin":60760,"position":4},"title":"Alberto Fern\u00e1ndez: \u00abLa pol\u00edtica exige no mentirle a la gente y comprometerse\u00bb","author":"AF","date":"17\/10\/2019","format":false,"excerpt":"El candidato presidencial del Frente de Todos, Alberto Fern\u00e1ndez, calific\u00f3 esta tarde al presidente Mauricio Macri como un \"desvergonzado\" por haber dicho que su gesti\u00f3n se endeud\u00f3 para pagar deuda de la administraci\u00f3n anterior. \"La pol\u00edtica exige no mentirle a la gente. El Presidente sigue mintiendo y dice que la\u2026","rel":"","context":"En \u00abSociedad\u00bb","block_context":{"text":"Sociedad","link":"http:\/\/www.24baires.com\/?cat=1"},"img":{"alt_text":"","src":"https:\/\/i0.wp.com\/www.24baires.com\/wp-content\/uploads\/2019\/10\/alberto-fern%C3%A1ndez.jpg?resize=350%2C200","width":350,"height":200,"srcset":"https:\/\/i0.wp.com\/www.24baires.com\/wp-content\/uploads\/2019\/10\/alberto-fern%C3%A1ndez.jpg?resize=350%2C200 1x, https:\/\/i0.wp.com\/www.24baires.com\/wp-content\/uploads\/2019\/10\/alberto-fern%C3%A1ndez.jpg?resize=525%2C300 1.5x"},"classes":[]},{"id":108203,"url":"http:\/\/www.24baires.com\/?p=108203","url_meta":{"origin":60760,"position":5},"title":"Un empresario fue amenazado para evitar que declare contra el Gobierno","author":"GB","date":"16\/05\/2019","format":false,"excerpt":"Mart\u00ednez Rojas, ex CEO preso, revel\u00f3 que el Ejecutivo y la AFI intentaron guionarlo para involucrar a Cristina y otros ex funcionarios en diversos delitos a cambio de quedar en libertad. Tambi\u00e9n se supo que el abogado de Stornelli busc\u00f3 extorsionarlo en EEUU. Ahora le advirtieron que si habla ante\u2026","rel":"","context":"En \u00abPol\u00edtica\u00bb","block_context":{"text":"Pol\u00edtica","link":"http:\/\/www.24baires.com\/?cat=51"},"img":{"alt_text":"","src":"https:\/\/i0.wp.com\/www.24baires.com\/wp-content\/uploads\/2019\/05\/empresario-amenazado.jpg?resize=350%2C200","width":350,"height":200,"srcset":"https:\/\/i0.wp.com\/www.24baires.com\/wp-content\/uploads\/2019\/05\/empresario-amenazado.jpg?resize=350%2C200 1x, https:\/\/i0.wp.com\/www.24baires.com\/wp-content\/uploads\/2019\/05\/empresario-amenazado.jpg?resize=525%2C300 1.5x"},"classes":[]}],"jetpack_sharing_enabled":true,"jetpack_likes_enabled":true,"jetpack_featured_media_url":"","_links":{"self":[{"href":"http:\/\/www.24baires.com\/index.php?rest_route=\/wp\/v2\/posts\/60760","targetHints":{"allow":["GET"]}}],"collection":[{"href":"http:\/\/www.24baires.com\/index.php?rest_route=\/wp\/v2\/posts"}],"about":[{"href":"http:\/\/www.24baires.com\/index.php?rest_route=\/wp\/v2\/types\/post"}],"author":[{"embeddable":true,"href":"http:\/\/www.24baires.com\/index.php?rest_route=\/wp\/v2\/users\/11"}],"replies":[{"embeddable":true,"href":"http:\/\/www.24baires.com\/index.php?rest_route=%2Fwp%2Fv2%2Fcomments&post=60760"}],"version-history":[{"count":1,"href":"http:\/\/www.24baires.com\/index.php?rest_route=\/wp\/v2\/posts\/60760\/revisions"}],"predecessor-version":[{"id":60761,"href":"http:\/\/www.24baires.com\/index.php?rest_route=\/wp\/v2\/posts\/60760\/revisions\/60761"}],"wp:attachment":[{"href":"http:\/\/www.24baires.com\/index.php?rest_route=%2Fwp%2Fv2%2Fmedia&parent=60760"}],"wp:term":[{"taxonomy":"category","embeddable":true,"href":"http:\/\/www.24baires.com\/index.php?rest_route=%2Fwp%2Fv2%2Fcategories&post=60760"},{"taxonomy":"post_tag","embeddable":true,"href":"http:\/\/www.24baires.com\/index.php?rest_route=%2Fwp%2Fv2%2Ftags&post=60760"}],"curies":[{"name":"wp","href":"https:\/\/api.w.org\/{rel}","templated":true}]}}