{"id":60746,"date":"2015-01-26T15:00:58","date_gmt":"2015-01-26T18:00:58","guid":{"rendered":"http:\/\/www.24baires.com\/?p=60746"},"modified":"2015-01-27T10:23:20","modified_gmt":"2015-01-27T13:23:20","slug":"fein-imputo-a-lagomarsino-por-facilitarle-el-arma-a-nisman","status":"publish","type":"post","link":"http:\/\/www.24baires.com\/?p=60746","title":{"rendered":"Fein imput\u00f3 a Lagomarsino por facilitarle el arma a Nisman"},"content":{"rendered":"<p><img data-recalc-dims=\"1\" loading=\"lazy\" decoding=\"async\" class=\"aligncenter size-full wp-image-60698\" src=\"https:\/\/i0.wp.com\/www.24baires.com\/wp-content\/uploads\/2015\/01\/lagomarsino-1.jpg?resize=560%2C314\" alt=\"lagomarsino-1\" width=\"560\" height=\"314\" srcset=\"https:\/\/i0.wp.com\/www.24baires.com\/wp-content\/uploads\/2015\/01\/lagomarsino-1.jpg?w=560 560w, https:\/\/i0.wp.com\/www.24baires.com\/wp-content\/uploads\/2015\/01\/lagomarsino-1.jpg?resize=300%2C168 300w\" sizes=\"auto, (max-width: 560px) 100vw, 560px\" \/>Es por el delito que conlleva el haber prestado un arma de fuego a quien no era su leg\u00edtimo due\u00f1o. Se trata del Bersa calibre 22 que fue hallada junto al cuerpo del fiscal Nisman en su departamento de Puerto Madero. <!--more--><\/p>\n<p>La fiscal a cargo de la investigaci\u00f3n por la muerte del fiscal de la causa AMIA emiti\u00f3 un nuevo comunicado con el avance de la investigaci\u00f3n. En la nueva comunicaci\u00f3n, destac\u00f3 la imputaci\u00f3n para el colaborador de Nisman por haberle prestado el arma calibre 22 hallada en el departamento del fiscal.<\/p>\n<p>Seg\u00fan detall\u00f3 Fein, el delito por el que imputa a Lagomarsino est\u00e1 previsto en el Art\u00edculo 189 bis, apartado 4 del C\u00f3digo Penal, y estipula de \u00abuno a seis a\u00f1os\u00bb de prisi\u00f3n para quien \u00abentregare un arma de fuego por cualquier t\u00edtulo a quien no acreditare su condici\u00f3n de leg\u00edtimo usuario\u00bb.<\/p>\n<p>Mientras tanto, en la tarde del lunes terminar\u00e1 de declarar la ex esposa de Nisman, la jueza Sandra Arroyo Salgado, luego de que los responsables de ingresos y egresos de la torre Le Parc -de Puerto Madero- y la diputada Patricia Bullrich, declararan en la ma\u00f1ana.<\/p>\n<p>Adem\u00e1s, inform\u00f3 que especialistas de la Divisi\u00f3n Apoyo Tecnol\u00f3gico de la Polic\u00eda Federal Argentina est\u00e1n realizando peritajes con los registros de video del edificio Le Parc dadas las inconsistencias del libro de ingresos y egresos. Tambi\u00e9n indagan en tel\u00e9fonos celulares y l\u00edneas telef\u00f3nicas.<\/p>\n<p>Por \u00faltimo Fein inform\u00f3 que aguarda los resultados del ADN del casquillo de bala que recogieron en el departamento.<\/p>\n<p>&nbsp;<\/p>\n<p>&nbsp;<\/p>\n<p>&nbsp;<\/p>\n<p>&nbsp;<\/p>\n<p>&nbsp;<\/p>\n<p>&nbsp;<\/p>\n<p>&nbsp;<\/p>\n<p>&nbsp;<\/p>\n<p>&nbsp;<\/p>\n<p>&nbsp;<\/p>\n<p>&nbsp;<\/p>\n<p>&nbsp;<\/p>\n","protected":false},"excerpt":{"rendered":"<p>Es por el delito que conlleva el haber prestado un arma de fuego a quien no era su leg\u00edtimo due\u00f1o. Se trata del Bersa calibre 22 que fue hallada junto al cuerpo del fiscal Nisman en su departamento de Puerto Madero.<\/p>\n","protected":false},"author":8,"featured_media":0,"comment_status":"open","ping_status":"open","sticky":false,"template":"","format":"standard","meta":{"_jetpack_newsletter_access":"","_jetpack_dont_email_post_to_subs":false,"_jetpack_newsletter_tier_id":0,"_jetpack_memberships_contains_paywalled_content":false,"_jetpack_memberships_contains_paid_content":false,"footnotes":""},"categories":[51],"tags":[],"class_list":["post-60746","post","type-post","status-publish","format-standard","hentry","category-politica"],"jetpack_shortlink":"https:\/\/wp.me\/p2JWE0-fNM","jetpack-related-posts":[{"id":60876,"url":"http:\/\/www.24baires.com\/?p=60876","url_meta":{"origin":60746,"position":0},"title":"Seg\u00fan el abogado de Lagomarsino, \u00abprestar un arma no es delito\u00bb","author":"GB","date":"28\/01\/2015","format":false,"excerpt":"Maximiliano Rusconi se present\u00f3 en la fiscal\u00eda de Viviana Fein. Pedir\u00e1 que la Justicia cite a declarar a Cristina y a An\u00edbal Fern\u00e1ndez. El abogado de Diego Lagomarsino, \u00fanico imputado en el marco de la causa en la que se investiga la muerte del fiscal Alberto Nisman, se present\u00f3 en\u2026","rel":"","context":"En \u00abPol\u00edtica\u00bb","block_context":{"text":"Pol\u00edtica","link":"http:\/\/www.24baires.com\/?cat=51"},"img":{"alt_text":"lagomarsino-1","src":"https:\/\/i0.wp.com\/www.24baires.com\/wp-content\/uploads\/2015\/01\/lagomarsino-1.jpg?resize=350%2C200","width":350,"height":200,"srcset":"https:\/\/i0.wp.com\/www.24baires.com\/wp-content\/uploads\/2015\/01\/lagomarsino-1.jpg?resize=350%2C200 1x, https:\/\/i0.wp.com\/www.24baires.com\/wp-content\/uploads\/2015\/01\/lagomarsino-1.jpg?resize=525%2C300 1.5x"},"classes":[]},{"id":60611,"url":"http:\/\/www.24baires.com\/?p=60611","url_meta":{"origin":60746,"position":1},"title":"Proh\u00edben a Lagomarsino salir del pa\u00eds","author":"AF","date":"23\/01\/2015","format":false,"excerpt":"La jueza Flavia Palmaghini dispuso la prohibici\u00f3n de salida del pa\u00eds de Diego Lagomarsino, el colaborador de Alberto Nisman que le facilit\u00f3 el arma y lo vio por \u00faltima vez. La jueza Flavia Palmaghini dispuso la prohibici\u00f3n de salida del pa\u00eds de Diego Lagomarsino, el colaborador de Alberto Nisman que\u2026","rel":"","context":"En \u00abJUDICIALES\u00bb","block_context":{"text":"JUDICIALES","link":"http:\/\/www.24baires.com\/?cat=68"},"img":{"alt_text":"","src":"","width":0,"height":0},"classes":[]},{"id":60815,"url":"http:\/\/www.24baires.com\/?p=60815","url_meta":{"origin":60746,"position":2},"title":"Realizan un nuevo operativo en el departamento de Nisman","author":"GB","date":"27\/01\/2015","format":false,"excerpt":"Un operativo judicial se realiza desde este mediod\u00eda en la vivienda del fallecido fiscal Alberto Nisman para obtener elementos de prueba para la investigaci\u00f3n de esa muerte, por disposici\u00f3n de la jueza de instrucci\u00f3n Fabiana Palmaghini. Fuentes vinculadas a la causa indicaron que el procedimiento, con la intervenci\u00f3n de la\u2026","rel":"","context":"En \u00abPol\u00edtica\u00bb","block_context":{"text":"Pol\u00edtica","link":"http:\/\/www.24baires.com\/?cat=51"},"img":{"alt_text":"autopsia","src":"https:\/\/i0.wp.com\/www.24baires.com\/wp-content\/uploads\/2015\/01\/autopsia.jpg?resize=350%2C200","width":350,"height":200,"srcset":"https:\/\/i0.wp.com\/www.24baires.com\/wp-content\/uploads\/2015\/01\/autopsia.jpg?resize=350%2C200 1x, https:\/\/i0.wp.com\/www.24baires.com\/wp-content\/uploads\/2015\/01\/autopsia.jpg?resize=525%2C300 1.5x"},"classes":[]},{"id":60430,"url":"http:\/\/www.24baires.com\/?p=60430","url_meta":{"origin":60746,"position":3},"title":"La fiscal\u00eda analizar\u00e1 las \u00faltimas llamadas de Nisman","author":"Grupo Sierra","date":"20\/01\/2015","format":false,"excerpt":"La fiscal Viviana Fein revel\u00f3 que mantuvo una conversaci\u00f3n con la ex esposa, Sandra Arroyo Salgado. Adem\u00e1s, dispuso una nueva pericia sobre el arma. La fiscal que investiga la muerte de Alberto Nisman, Viviana Fein, adelant\u00f3 hoy que se investigar\u00e1n todas las comunicaciones que se realizaron desde los tel\u00e9fonos del\u2026","rel":"","context":"En \u00abJUDICIALES\u00bb","block_context":{"text":"JUDICIALES","link":"http:\/\/www.24baires.com\/?cat=68"},"img":{"alt_text":"Alberto-Nisman","src":"https:\/\/i0.wp.com\/www.24baires.com\/wp-content\/uploads\/2015\/01\/Alberto-Nisman.jpg?resize=350%2C200","width":350,"height":200,"srcset":"https:\/\/i0.wp.com\/www.24baires.com\/wp-content\/uploads\/2015\/01\/Alberto-Nisman.jpg?resize=350%2C200 1x, https:\/\/i0.wp.com\/www.24baires.com\/wp-content\/uploads\/2015\/01\/Alberto-Nisman.jpg?resize=525%2C300 1.5x"},"classes":[]},{"id":60322,"url":"http:\/\/www.24baires.com\/?p=60322","url_meta":{"origin":60746,"position":4},"title":"La vaina servida se dispar\u00f3 del arma hallada debajo del cuerpo de Nisman","author":"AF","date":"19\/01\/2015","format":false,"excerpt":"As\u00ed lo confirmaron peritos de la Polic\u00eda Federal, quienes analizan el plomo extra\u00eddo de la cabeza del fiscal con la pistola calibre .22 que se encontr\u00f3 debajo de su cuerpo. Tambi\u00e9n se comprob\u00f3 que el arma hab\u00eda sido disparada recientemente. La vaina servida que se encontr\u00f3 junto al cad\u00e1ver del\u2026","rel":"","context":"En \u00abJUDICIALES\u00bb","block_context":{"text":"JUDICIALES","link":"http:\/\/www.24baires.com\/?cat=68"},"img":{"alt_text":"Alberto-Nisman","src":"https:\/\/i0.wp.com\/www.24baires.com\/wp-content\/uploads\/2015\/01\/Alberto-Nisman.jpg?resize=350%2C200","width":350,"height":200,"srcset":"https:\/\/i0.wp.com\/www.24baires.com\/wp-content\/uploads\/2015\/01\/Alberto-Nisman.jpg?resize=350%2C200 1x, https:\/\/i0.wp.com\/www.24baires.com\/wp-content\/uploads\/2015\/01\/Alberto-Nisman.jpg?resize=525%2C300 1.5x"},"classes":[]},{"id":66828,"url":"http:\/\/www.24baires.com\/?p=66828","url_meta":{"origin":60746,"position":5},"title":"Fein: \u00abLa escena no se contamin\u00f3, fue debidamente preservada\u00bb","author":"AF","date":"01\/06\/2015","format":false,"excerpt":"La fiscal a cargo de la investigaci\u00f3n de la muerte de Alberto Nisman, Viviana Fein, sostuvo adem\u00e1s que el arma no fue limpiada en su totalidad aunque tuvo \"l\u00f3gicamente que ser manipulada por Polic\u00eda Cient\u00edfica\". \u201cLa escena del hecho no se contamin\u00f3; fue debidamente preservada\u201d, asever\u00f3 la fiscal, quien sostuvo\u2026","rel":"","context":"En \u00abJUDICIALES\u00bb","block_context":{"text":"JUDICIALES","link":"http:\/\/www.24baires.com\/?cat=68"},"img":{"alt_text":"fein","src":"https:\/\/i0.wp.com\/www.24baires.com\/wp-content\/uploads\/2015\/01\/fein.jpg?resize=350%2C200","width":350,"height":200,"srcset":"https:\/\/i0.wp.com\/www.24baires.com\/wp-content\/uploads\/2015\/01\/fein.jpg?resize=350%2C200 1x, https:\/\/i0.wp.com\/www.24baires.com\/wp-content\/uploads\/2015\/01\/fein.jpg?resize=525%2C300 1.5x"},"classes":[]}],"jetpack_sharing_enabled":true,"jetpack_likes_enabled":true,"jetpack_featured_media_url":"","_links":{"self":[{"href":"http:\/\/www.24baires.com\/index.php?rest_route=\/wp\/v2\/posts\/60746","targetHints":{"allow":["GET"]}}],"collection":[{"href":"http:\/\/www.24baires.com\/index.php?rest_route=\/wp\/v2\/posts"}],"about":[{"href":"http:\/\/www.24baires.com\/index.php?rest_route=\/wp\/v2\/types\/post"}],"author":[{"embeddable":true,"href":"http:\/\/www.24baires.com\/index.php?rest_route=\/wp\/v2\/users\/8"}],"replies":[{"embeddable":true,"href":"http:\/\/www.24baires.com\/index.php?rest_route=%2Fwp%2Fv2%2Fcomments&post=60746"}],"version-history":[{"count":3,"href":"http:\/\/www.24baires.com\/index.php?rest_route=\/wp\/v2\/posts\/60746\/revisions"}],"predecessor-version":[{"id":60749,"href":"http:\/\/www.24baires.com\/index.php?rest_route=\/wp\/v2\/posts\/60746\/revisions\/60749"}],"wp:attachment":[{"href":"http:\/\/www.24baires.com\/index.php?rest_route=%2Fwp%2Fv2%2Fmedia&parent=60746"}],"wp:term":[{"taxonomy":"category","embeddable":true,"href":"http:\/\/www.24baires.com\/index.php?rest_route=%2Fwp%2Fv2%2Fcategories&post=60746"},{"taxonomy":"post_tag","embeddable":true,"href":"http:\/\/www.24baires.com\/index.php?rest_route=%2Fwp%2Fv2%2Ftags&post=60746"}],"curies":[{"name":"wp","href":"https:\/\/api.w.org\/{rel}","templated":true}]}}