{"id":60705,"date":"2015-01-25T17:30:39","date_gmt":"2015-01-25T20:30:39","guid":{"rendered":"http:\/\/www.24baires.com\/?p=60705"},"modified":"2015-01-25T18:59:53","modified_gmt":"2015-01-25T21:59:53","slug":"para-de-vido-no-hay-crisis-energetica","status":"publish","type":"post","link":"http:\/\/www.24baires.com\/?p=60705","title":{"rendered":"Para De Vido, no hay crisis energ\u00e9tica"},"content":{"rendered":"<p>&nbsp;<\/p>\n<p><img data-recalc-dims=\"1\" loading=\"lazy\" decoding=\"async\" class=\"size-full wp-image-57877\" src=\"https:\/\/i0.wp.com\/www.24baires.com\/wp-content\/uploads\/2014\/11\/de-vido.jpg?resize=560%2C336\" alt=\"De Vido neg\u00f3 que haya crisis energ\u00e9tica en Argentina.\" width=\"560\" height=\"336\" srcset=\"https:\/\/i0.wp.com\/www.24baires.com\/wp-content\/uploads\/2014\/11\/de-vido.jpg?w=560 560w, https:\/\/i0.wp.com\/www.24baires.com\/wp-content\/uploads\/2014\/11\/de-vido.jpg?resize=300%2C180 300w\" sizes=\"auto, (max-width: 560px) 100vw, 560px\" \/><\/p>\n<p>El ministro de Planificaci\u00f3n neg\u00f3 que exista una problem\u00e1tica energ\u00e9tica en el pa\u00eds. Adem\u00e1s, se\u00f1al\u00f3 que Argentina importa cantidades insignificantes de petr\u00f3leo<!--more--><\/p>\n<p>El ministro de Planificaci\u00f3n Federal, Julio de Vido, neg\u00f3 este domingo\u00a0que exista crisis energ\u00e9tica en la Argentina y sostuvo que el pa\u00eds importa cantidades insignificantes de petr\u00f3leo.<\/p>\n<p>En declaraciones al diario P\u00e1gina12, De Vido neg\u00f3 que exista tal crisis energ\u00e9tica y dijo que la Argentina importa cantidades insignificantes de petr\u00f3leo y en cambio es exportador de crudo.<\/p>\n<p>En 2014 la importaci\u00f3n no lleg\u00f3 al 2 por ciento de la oferta total de petr\u00f3leo crudo, en 2013 fue del 1,3 por ciento, en 2012 de 0,8 por ciento, entre 2011 y 2009 no se import\u00f3 nada y en 2008 y 2007 el 0,1 por ciento.<\/p>\n<p>En 2014, en cambio, la Argentina export\u00f3 el 7 por ciento de su producci\u00f3n nacional de crudo. La Argentina, dijo, nunca import\u00f3 petr\u00f3leo iran\u00ed, porque tiene 1,3 por ciento de azufre, lo cual impide su refinaci\u00f3n aqu\u00ed, donde no son tolerables niveles superiores a 0,2 por ciento.<\/p>\n<p>Lo que la Argentina importa son combustibles l\u00edquidos y gas natural licuado, pero Ir\u00e1n no tiene plantas de licuefacci\u00f3n.\u00a0Ir\u00e1n exporta gas butano y propano, pero la Argentina tambi\u00e9n. Las estad\u00edsticas oficiales de comercio exterior tampoco dejan lugar a dudas.<\/p>\n<p>Lejos de aumentar el comercio argentino con Ir\u00e1n decreci\u00f3 a partir de la firma del Memorando de Entendimiento en enero de 2013.<\/p>\n","protected":false},"excerpt":{"rendered":"<p>&nbsp; El ministro de Planificaci\u00f3n neg\u00f3 que exista una problem\u00e1tica energ\u00e9tica en el pa\u00eds. Adem\u00e1s, se\u00f1al\u00f3 que Argentina importa cantidades insignificantes de petr\u00f3leo<\/p>\n","protected":false},"author":11,"featured_media":0,"comment_status":"open","ping_status":"open","sticky":false,"template":"","format":"standard","meta":{"_jetpack_newsletter_access":"","_jetpack_dont_email_post_to_subs":false,"_jetpack_newsletter_tier_id":0,"_jetpack_memberships_contains_paywalled_content":false,"_jetpack_memberships_contains_paid_content":false,"footnotes":""},"categories":[51],"tags":[],"class_list":["post-60705","post","type-post","status-publish","format-standard","hentry","category-politica"],"jetpack_shortlink":"https:\/\/wp.me\/p2JWE0-fN7","jetpack-related-posts":[{"id":61312,"url":"http:\/\/www.24baires.com\/?p=61312","url_meta":{"origin":60705,"position":0},"title":"De Vido: \u201cLos acuerdos que firm\u00f3 Cristina son inversiones genuinas para pa\u00eds\u201d","author":"GB","date":"05\/02\/2015","format":false,"excerpt":"El ministro de Planificaci\u00f3n Federal, Julio De Vido, desminti\u00f3 que los acuerdos firmados con la Rep\u00fablica Popular China brinden \"facilidades\" para \"traer mano de obra de Pek\u00edn\", al salir al cruce de un art\u00edculo publicado en La Naci\u00f3n. \"Parece que el enviado del diario estuvo en Tokio o en Sydney\u2026","rel":"","context":"En \u00abPol\u00edtica\u00bb","block_context":{"text":"Pol\u00edtica","link":"http:\/\/www.24baires.com\/?cat=51"},"img":{"alt_text":"De Vido neg\u00f3 que haya crisis energ\u00e9tica en Argentina.","src":"https:\/\/i0.wp.com\/www.24baires.com\/wp-content\/uploads\/2014\/11\/de-vido.jpg?resize=350%2C200","width":350,"height":200,"srcset":"https:\/\/i0.wp.com\/www.24baires.com\/wp-content\/uploads\/2014\/11\/de-vido.jpg?resize=350%2C200 1x, https:\/\/i0.wp.com\/www.24baires.com\/wp-content\/uploads\/2014\/11\/de-vido.jpg?resize=525%2C300 1.5x"},"classes":[]},{"id":120631,"url":"http:\/\/www.24baires.com\/?p=120631","url_meta":{"origin":60705,"position":1},"title":"Kicillof: \u00abLa provincia de Buenos Aires quiere ser protagonista del boom petrolero de la Argentina\u201d","author":"GB","date":"08\/11\/2023","format":false,"excerpt":"El gobernador de la provincia de Buenos Aires, Axel Kicillof, expres\u00f3 su compromiso en acelerar el desarrollo energ\u00e9tico en la regi\u00f3n y su inter\u00e9s en que la provincia sea un actor clave en el auge petrolero en el pa\u00eds. Durante un encuentro con empresarios del Club del Petr\u00f3leo, en el\u2026","rel":"","context":"En \u00abProvincia\u00bb","block_context":{"text":"Provincia","link":"http:\/\/www.24baires.com\/?cat=40"},"img":{"alt_text":"","src":"https:\/\/i0.wp.com\/www.24baires.com\/wp-content\/uploads\/2023\/11\/kicilloff.jpeg?resize=350%2C200","width":350,"height":200,"srcset":"https:\/\/i0.wp.com\/www.24baires.com\/wp-content\/uploads\/2023\/11\/kicilloff.jpeg?resize=350%2C200 1x, https:\/\/i0.wp.com\/www.24baires.com\/wp-content\/uploads\/2023\/11\/kicilloff.jpeg?resize=525%2C300 1.5x, https:\/\/i0.wp.com\/www.24baires.com\/wp-content\/uploads\/2023\/11\/kicilloff.jpeg?resize=700%2C400 2x"},"classes":[]},{"id":119282,"url":"http:\/\/www.24baires.com\/?p=119282","url_meta":{"origin":60705,"position":2},"title":"YPF y Petronas avanzar\u00e1n en desarrollo de GNL con gas de Vaca Muerta","author":"AF","date":"01\/09\/2022","format":false,"excerpt":"Alberto Fern\u00e1ndez, junto al titular de YPF, encabezaron el anuncio de una alianza entre la petrolera argentina y la firma de Malasia. El mandatario asegur\u00f3 que el acuerdo de YPF y Petronas es \"una piedra fundacional\" para la Argentina. YPF y la petrolera malaya Petronas firmaron un Acuerdo de Estudio\u2026","rel":"","context":"En \u00abPol\u00edtica\u00bb","block_context":{"text":"Pol\u00edtica","link":"http:\/\/www.24baires.com\/?cat=51"},"img":{"alt_text":"","src":"https:\/\/i0.wp.com\/www.24baires.com\/wp-content\/uploads\/2022\/09\/6311332ff3e7b_900.jpg?resize=350%2C200","width":350,"height":200,"srcset":"https:\/\/i0.wp.com\/www.24baires.com\/wp-content\/uploads\/2022\/09\/6311332ff3e7b_900.jpg?resize=350%2C200 1x, https:\/\/i0.wp.com\/www.24baires.com\/wp-content\/uploads\/2022\/09\/6311332ff3e7b_900.jpg?resize=525%2C300 1.5x, https:\/\/i0.wp.com\/www.24baires.com\/wp-content\/uploads\/2022\/09\/6311332ff3e7b_900.jpg?resize=700%2C400 2x"},"classes":[]},{"id":59002,"url":"http:\/\/www.24baires.com\/?p=59002","url_meta":{"origin":60705,"position":3},"title":"Es el \u201cmercado\u201d, pavotes","author":"GB","date":"22\/12\/2014","format":false,"excerpt":"En las \u00faltimas semanas, una entidad bastante olvidada por la falta de protagonismo en el rumbo de la econom\u00eda global volvi\u00f3 al centro de la escena. Se trata de nuestra querida OPEP. Quiz\u00e1 si nombro la Organizaci\u00f3n de Pa\u00edses Exportadores de Petr\u00f3leo usted no tenga idea de lo que estoy\u2026","rel":"","context":"En \u00abOpini\u00f3n\u00bb","block_context":{"text":"Opini\u00f3n","link":"http:\/\/www.24baires.com\/?cat=64"},"img":{"alt_text":"barril petroleo","src":"https:\/\/i0.wp.com\/www.24baires.com\/wp-content\/uploads\/2014\/12\/barril-petroleo.jpg?resize=350%2C200","width":350,"height":200,"srcset":"https:\/\/i0.wp.com\/www.24baires.com\/wp-content\/uploads\/2014\/12\/barril-petroleo.jpg?resize=350%2C200 1x, https:\/\/i0.wp.com\/www.24baires.com\/wp-content\/uploads\/2014\/12\/barril-petroleo.jpg?resize=525%2C300 1.5x"},"classes":[]},{"id":105074,"url":"http:\/\/www.24baires.com\/?p=105074","url_meta":{"origin":60705,"position":4},"title":"Derrumbe de las importaciones por la recesi\u00f3n","author":"AF","date":"23\/10\/2018","format":false,"excerpt":"La crisis econ\u00f3mica impact\u00f3 en las compras al exterior, con una baja del 21,2 por ciento en septiembre. Autos y maquinarias son los m\u00e1s afectados. Las exportaciones cayeron 4,8 por ciento por la sequ\u00eda. Hubo super\u00e1vit comercial despu\u00e9s de veinte meses. El derrumbe de la econom\u00eda que sigui\u00f3 a la\u2026","rel":"","context":"En \u00abEconom\u00eda\u00bb","block_context":{"text":"Econom\u00eda","link":"http:\/\/www.24baires.com\/?cat=45"},"img":{"alt_text":"","src":"https:\/\/i0.wp.com\/www.24baires.com\/wp-content\/uploads\/2014\/07\/puerto-ingeniero-white-bah%C3%ADa-blanca.jpg?resize=350%2C200","width":350,"height":200,"srcset":"https:\/\/i0.wp.com\/www.24baires.com\/wp-content\/uploads\/2014\/07\/puerto-ingeniero-white-bah%C3%ADa-blanca.jpg?resize=350%2C200 1x, https:\/\/i0.wp.com\/www.24baires.com\/wp-content\/uploads\/2014\/07\/puerto-ingeniero-white-bah%C3%ADa-blanca.jpg?resize=525%2C300 1.5x"},"classes":[]},{"id":106412,"url":"http:\/\/www.24baires.com\/?p=106412","url_meta":{"origin":60705,"position":5},"title":"La inflaci\u00f3n mayorista fue del 73,5% durante 2018","author":"AF","date":"17\/01\/2019","format":false,"excerpt":"Al comp\u00e1s de la megadevaluaci\u00f3n del a\u00f1o pasado, los precios mayoristas superaron el \u00edndice de inflaci\u00f3n minorista (47,6 por ciento). El petr\u00f3leo crudo y el gas aumentaron 105,5 por ciento, y los veh\u00edculos automotores, carrocer\u00edas y repuestos un 90,6 por ciento. Los precios de los productos importados se incrementaron un\u2026","rel":"","context":"En \u00abEconom\u00eda\u00bb","block_context":{"text":"Econom\u00eda","link":"http:\/\/www.24baires.com\/?cat=45"},"img":{"alt_text":"","src":"https:\/\/i0.wp.com\/www.24baires.com\/wp-content\/uploads\/2015\/12\/autos-0km.jpg?resize=350%2C200","width":350,"height":200,"srcset":"https:\/\/i0.wp.com\/www.24baires.com\/wp-content\/uploads\/2015\/12\/autos-0km.jpg?resize=350%2C200 1x, https:\/\/i0.wp.com\/www.24baires.com\/wp-content\/uploads\/2015\/12\/autos-0km.jpg?resize=525%2C300 1.5x"},"classes":[]}],"jetpack_sharing_enabled":true,"jetpack_likes_enabled":true,"jetpack_featured_media_url":"","_links":{"self":[{"href":"http:\/\/www.24baires.com\/index.php?rest_route=\/wp\/v2\/posts\/60705","targetHints":{"allow":["GET"]}}],"collection":[{"href":"http:\/\/www.24baires.com\/index.php?rest_route=\/wp\/v2\/posts"}],"about":[{"href":"http:\/\/www.24baires.com\/index.php?rest_route=\/wp\/v2\/types\/post"}],"author":[{"embeddable":true,"href":"http:\/\/www.24baires.com\/index.php?rest_route=\/wp\/v2\/users\/11"}],"replies":[{"embeddable":true,"href":"http:\/\/www.24baires.com\/index.php?rest_route=%2Fwp%2Fv2%2Fcomments&post=60705"}],"version-history":[{"count":3,"href":"http:\/\/www.24baires.com\/index.php?rest_route=\/wp\/v2\/posts\/60705\/revisions"}],"predecessor-version":[{"id":60713,"href":"http:\/\/www.24baires.com\/index.php?rest_route=\/wp\/v2\/posts\/60705\/revisions\/60713"}],"wp:attachment":[{"href":"http:\/\/www.24baires.com\/index.php?rest_route=%2Fwp%2Fv2%2Fmedia&parent=60705"}],"wp:term":[{"taxonomy":"category","embeddable":true,"href":"http:\/\/www.24baires.com\/index.php?rest_route=%2Fwp%2Fv2%2Fcategories&post=60705"},{"taxonomy":"post_tag","embeddable":true,"href":"http:\/\/www.24baires.com\/index.php?rest_route=%2Fwp%2Fv2%2Ftags&post=60705"}],"curies":[{"name":"wp","href":"https:\/\/api.w.org\/{rel}","templated":true}]}}