{"id":60680,"date":"2015-01-25T10:30:42","date_gmt":"2015-01-25T13:30:42","guid":{"rendered":"http:\/\/www.24baires.com\/?p=60680"},"modified":"2015-01-25T10:51:00","modified_gmt":"2015-01-25T13:51:00","slug":"scioli-se-reunio-en-mar-del-plata-con-el-embajador-de-estados-unidos","status":"publish","type":"post","link":"http:\/\/www.24baires.com\/?p=60680","title":{"rendered":"Scioli se reuni\u00f3 en Mar del Plata con el embajador de Estados Unidos"},"content":{"rendered":"<p><img data-recalc-dims=\"1\" loading=\"lazy\" decoding=\"async\" class=\"alignleft size-full wp-image-60681\" src=\"https:\/\/i0.wp.com\/www.24baires.com\/wp-content\/uploads\/2015\/01\/scioli-mamet.png?resize=250%2C175\" alt=\"scioli mamet\" width=\"250\" height=\"175\" \/>En medio de la pol\u00e9mica sobre la eventual participaci\u00f3n de servicios de inteligencia extranjera, entre ellos la CIA, en el caso de la muerte del fiscal Alberto Nisman, el gobernador bonaerense, Daniel Scioli, se reuni\u00f3 este s\u00e1bado con el embajador de Estados Unidos en Argentina, Noah Mamet.<!--more--><\/p>\n<p>Scioli se reuni\u00f3 en Mar del Plata con el flamante embajador con quien coincidi\u00f3 en la necesidad de \u00abtrabajar en la cooperaci\u00f3n entre ambos pa\u00edses\u00bb. En un comunicado oficial, se inform\u00f3 que ambos se comprometieron a \u00abredoblar los esfuerzos para fortalecer una agenda positiva con eje en el desarrollo y la producci\u00f3n\u00bb.<\/p>\n<p>El diplom\u00e1tico estadounidense destac\u00f3 \u00abel gran movimiento tur\u00edstico\u00bb que observ\u00f3 durante esta temporada en la ciudad balnearia, y coincidi\u00f3 con el Gobernador en la necesidad de \u00abtrabajar en la cooperaci\u00f3n entre ambos pa\u00edses\u00bb, finaliz\u00f3 el parte de prensa.<\/p>\n<p>&nbsp;<\/p>\n<p>&nbsp;<\/p>\n<p>&nbsp;<\/p>\n<p>&nbsp;<\/p>\n<p>&nbsp;<\/p>\n<p>&nbsp;<\/p>\n<p>&nbsp;<\/p>\n<p>&nbsp;<\/p>\n<p>&nbsp;<\/p>\n<p>&nbsp;<\/p>\n<p>&nbsp;<\/p>\n<p>&nbsp;<\/p>\n<p>&nbsp;<\/p>\n<p>&nbsp;<\/p>\n<p>&nbsp;<\/p>\n<p>&nbsp;<\/p>\n<p>&nbsp;<\/p>\n<p>&nbsp;<\/p>\n<p>&nbsp;<\/p>\n","protected":false},"excerpt":{"rendered":"<p>En medio de la pol\u00e9mica sobre la eventual participaci\u00f3n de servicios de inteligencia extranjera, entre ellos la CIA, en el caso de la muerte del fiscal Alberto Nisman, el gobernador bonaerense, Daniel Scioli, se reuni\u00f3 este s\u00e1bado con el embajador de Estados Unidos en Argentina, Noah Mamet.<\/p>\n","protected":false},"author":4,"featured_media":0,"comment_status":"open","ping_status":"open","sticky":false,"template":"","format":"standard","meta":{"_jetpack_newsletter_access":"","_jetpack_dont_email_post_to_subs":false,"_jetpack_newsletter_tier_id":0,"_jetpack_memberships_contains_paywalled_content":false,"_jetpack_memberships_contains_paid_content":false,"footnotes":""},"categories":[51],"tags":[],"class_list":["post-60680","post","type-post","status-publish","format-standard","hentry","category-politica"],"jetpack_shortlink":"https:\/\/wp.me\/p2JWE0-fMI","jetpack-related-posts":[{"id":120226,"url":"http:\/\/www.24baires.com\/?p=120226","url_meta":{"origin":60680,"position":0},"title":"Cristina recibi\u00f3 a Scioli: \u201cA seguir trabajando, que es lo que hay que hacer\u201d","author":"AF","date":"28\/06\/2023","format":false,"excerpt":"\"Hablamos mucho, con sinceridad y con el respeto de siempre. Me transmiti\u00f3 que su vocaci\u00f3n es ayudar y colaborar como un compa\u00f1ero m\u00e1s\", asegur\u00f3 a trav\u00e9s de las redes sociales la Vicepresidenta sobre el encuentro. La Vicepresidenta Cristina Fern\u00e1ndez de Kirchner public\u00f3 en redes sociales una foto con el embajador\u2026","rel":"","context":"En \u00abPol\u00edtica\u00bb","block_context":{"text":"Pol\u00edtica","link":"http:\/\/www.24baires.com\/?cat=51"},"img":{"alt_text":"","src":"https:\/\/i0.wp.com\/www.24baires.com\/wp-content\/uploads\/2023\/06\/WhatsApp-Image-2023-06-28-at-23.30.42.jpeg?resize=350%2C200","width":350,"height":200,"srcset":"https:\/\/i0.wp.com\/www.24baires.com\/wp-content\/uploads\/2023\/06\/WhatsApp-Image-2023-06-28-at-23.30.42.jpeg?resize=350%2C200 1x, https:\/\/i0.wp.com\/www.24baires.com\/wp-content\/uploads\/2023\/06\/WhatsApp-Image-2023-06-28-at-23.30.42.jpeg?resize=525%2C300 1.5x, https:\/\/i0.wp.com\/www.24baires.com\/wp-content\/uploads\/2023\/06\/WhatsApp-Image-2023-06-28-at-23.30.42.jpeg?resize=700%2C400 2x"},"classes":[]},{"id":108387,"url":"http:\/\/www.24baires.com\/?p=108387","url_meta":{"origin":60680,"position":1},"title":"Scioli ratific\u00f3 su candidatura presidencial","author":"GB","date":"25\/05\/2019","format":false,"excerpt":"El exgobernador de la Provincia de Buenos Aires particip\u00f3 del Congreso Educativo de Ajedrez que se realiz\u00f3 en la ciudad balnearia y manifest\u00f3 sus deseos de ser el primer mandatario del pa\u00eds despu\u00e9s del 10 de diciembre, sin embargo aclar\u00f3: \u201cVer\u00e9 como peronista en qu\u00e9 lugar puedo hacer mi mayor\u2026","rel":"","context":"En \u00abPol\u00edtica\u00bb","block_context":{"text":"Pol\u00edtica","link":"http:\/\/www.24baires.com\/?cat=51"},"img":{"alt_text":"","src":"https:\/\/i0.wp.com\/www.24baires.com\/wp-content\/uploads\/2019\/05\/scioli-mar-del.jpg?resize=350%2C200","width":350,"height":200,"srcset":"https:\/\/i0.wp.com\/www.24baires.com\/wp-content\/uploads\/2019\/05\/scioli-mar-del.jpg?resize=350%2C200 1x, https:\/\/i0.wp.com\/www.24baires.com\/wp-content\/uploads\/2019\/05\/scioli-mar-del.jpg?resize=525%2C300 1.5x"},"classes":[]},{"id":101122,"url":"http:\/\/www.24baires.com\/?p=101122","url_meta":{"origin":60680,"position":2},"title":"Indagar\u00e1n a Scioli por irregularidades en la construcci\u00f3n de las UPA 24","author":"AF","date":"17\/03\/2018","format":false,"excerpt":"El ex gobernador Daniel Scioli y quien fuera su ministro de Salud, Alejandro Collia, fueron imputados y citados a prestar declaraci\u00f3n indagatoria en el marco de una causa que investiga presuntas irregularidades en la adjudicaci\u00f3n de ocho Unidades de Pronta Atenci\u00f3n (UPA 24) para las que se destinaron m\u00e1s de\u2026","rel":"","context":"En \u00abJUDICIALES\u00bb","block_context":{"text":"JUDICIALES","link":"http:\/\/www.24baires.com\/?cat=68"},"img":{"alt_text":"","src":"https:\/\/i0.wp.com\/www.24baires.com\/wp-content\/uploads\/2014\/05\/Daniel-Scioli.jpg?resize=350%2C200","width":350,"height":200,"srcset":"https:\/\/i0.wp.com\/www.24baires.com\/wp-content\/uploads\/2014\/05\/Daniel-Scioli.jpg?resize=350%2C200 1x, https:\/\/i0.wp.com\/www.24baires.com\/wp-content\/uploads\/2014\/05\/Daniel-Scioli.jpg?resize=525%2C300 1.5x"},"classes":[]},{"id":114176,"url":"http:\/\/www.24baires.com\/?p=114176","url_meta":{"origin":60680,"position":3},"title":"Pymes reclaman el control de las importaciones","author":"GB","date":"20\/02\/2020","format":false,"excerpt":"Desde CGERA exigen la regulaci\u00f3n de las operaciones con los pa\u00edses extranjeros para reactivar el mercado interno. \u201cNosotros vivimos del mercado interno, los trabajadores son nuestros sostenedores. Por eso, necesitamos la recomposici\u00f3n salarial, pero la vamos a alcanzar a trav\u00e9s del consumo de nuestra propia producci\u00f3n\u201d expuso el titular de\u2026","rel":"","context":"En \u00abProvincia\u00bb","block_context":{"text":"Provincia","link":"http:\/\/www.24baires.com\/?cat=40"},"img":{"alt_text":"","src":"https:\/\/i0.wp.com\/www.24baires.com\/wp-content\/uploads\/2017\/10\/pyme-1.jpg?resize=350%2C200","width":350,"height":200,"srcset":"https:\/\/i0.wp.com\/www.24baires.com\/wp-content\/uploads\/2017\/10\/pyme-1.jpg?resize=350%2C200 1x, https:\/\/i0.wp.com\/www.24baires.com\/wp-content\/uploads\/2017\/10\/pyme-1.jpg?resize=525%2C300 1.5x"},"classes":[]},{"id":58489,"url":"http:\/\/www.24baires.com\/?p=58489","url_meta":{"origin":60680,"position":4},"title":"Scioli pide ayuda a Clinton","author":"Grupo Sierra","date":"11\/12\/2014","format":false,"excerpt":"El gobernador bonaerense y precandidato a la presidencia en 2015, Daniel Scioli contin\u00faa buscando apoyo tanto en nuestro pa\u00eds como en el resto del mundo, esta vez, particip\u00f3 del encuentro anual de la Fundaci\u00f3n Clinton, acompa\u00f1ando al presidente de esa organizaci\u00f3n y exmandatario de Estados Unidos El evento fue la\u2026","rel":"","context":"En \u00abPol\u00edtica\u00bb","block_context":{"text":"Pol\u00edtica","link":"http:\/\/www.24baires.com\/?cat=51"},"img":{"alt_text":"","src":"https:\/\/i0.wp.com\/www.24baires.com\/wp-content\/uploads\/2014\/12\/clinton-scioli.jpg?resize=350%2C200","width":350,"height":200,"srcset":"https:\/\/i0.wp.com\/www.24baires.com\/wp-content\/uploads\/2014\/12\/clinton-scioli.jpg?resize=350%2C200 1x, https:\/\/i0.wp.com\/www.24baires.com\/wp-content\/uploads\/2014\/12\/clinton-scioli.jpg?resize=525%2C300 1.5x"},"classes":[]},{"id":63644,"url":"http:\/\/www.24baires.com\/?p=63644","url_meta":{"origin":60680,"position":5},"title":"Scioli se reuni\u00f3 con el embajador paraguayo en Argentina","author":"AF","date":"27\/03\/2015","format":false,"excerpt":"El gobernador Daniel Scioli mantuvo una reuni\u00f3n de trabajo con el embajador paraguayo en la Argentina y ex presidente de ese pa\u00eds, Nicanor Duarte Frutos, para avanzar en una agenda bilateral y analizar las relaciones comerciales con la Provincia. Paraguay es uno de los principales socios comerciales de la provincia\u2026","rel":"","context":"En \u00abInternacionales\u00bb","block_context":{"text":"Internacionales","link":"http:\/\/www.24baires.com\/?cat=73"},"img":{"alt_text":"","src":"https:\/\/i0.wp.com\/www.24baires.com\/wp-content\/uploads\/2015\/03\/scioli-duarte.jpg?resize=350%2C200","width":350,"height":200,"srcset":"https:\/\/i0.wp.com\/www.24baires.com\/wp-content\/uploads\/2015\/03\/scioli-duarte.jpg?resize=350%2C200 1x, https:\/\/i0.wp.com\/www.24baires.com\/wp-content\/uploads\/2015\/03\/scioli-duarte.jpg?resize=525%2C300 1.5x"},"classes":[]}],"jetpack_sharing_enabled":true,"jetpack_likes_enabled":true,"jetpack_featured_media_url":"","_links":{"self":[{"href":"http:\/\/www.24baires.com\/index.php?rest_route=\/wp\/v2\/posts\/60680","targetHints":{"allow":["GET"]}}],"collection":[{"href":"http:\/\/www.24baires.com\/index.php?rest_route=\/wp\/v2\/posts"}],"about":[{"href":"http:\/\/www.24baires.com\/index.php?rest_route=\/wp\/v2\/types\/post"}],"author":[{"embeddable":true,"href":"http:\/\/www.24baires.com\/index.php?rest_route=\/wp\/v2\/users\/4"}],"replies":[{"embeddable":true,"href":"http:\/\/www.24baires.com\/index.php?rest_route=%2Fwp%2Fv2%2Fcomments&post=60680"}],"version-history":[{"count":1,"href":"http:\/\/www.24baires.com\/index.php?rest_route=\/wp\/v2\/posts\/60680\/revisions"}],"predecessor-version":[{"id":60682,"href":"http:\/\/www.24baires.com\/index.php?rest_route=\/wp\/v2\/posts\/60680\/revisions\/60682"}],"wp:attachment":[{"href":"http:\/\/www.24baires.com\/index.php?rest_route=%2Fwp%2Fv2%2Fmedia&parent=60680"}],"wp:term":[{"taxonomy":"category","embeddable":true,"href":"http:\/\/www.24baires.com\/index.php?rest_route=%2Fwp%2Fv2%2Fcategories&post=60680"},{"taxonomy":"post_tag","embeddable":true,"href":"http:\/\/www.24baires.com\/index.php?rest_route=%2Fwp%2Fv2%2Ftags&post=60680"}],"curies":[{"name":"wp","href":"https:\/\/api.w.org\/{rel}","templated":true}]}}