{"id":60675,"date":"2015-01-24T20:50:57","date_gmt":"2015-01-24T23:50:57","guid":{"rendered":"http:\/\/www.24baires.com\/?p=60675"},"modified":"2015-01-24T20:50:57","modified_gmt":"2015-01-24T23:50:57","slug":"todo-lo-que-hace-clarin-es-para-perjudicar-la-gobernabilidad-en-argentina","status":"publish","type":"post","link":"http:\/\/www.24baires.com\/?p=60675","title":{"rendered":"\u00abTodo lo que hace Clar\u00edn es para perjudicar la gobernabilidad en Argentina\u00bb"},"content":{"rendered":"<p><img data-recalc-dims=\"1\" loading=\"lazy\" decoding=\"async\" class=\"aligncenter size-full wp-image-52714\" src=\"https:\/\/i0.wp.com\/www.24baires.com\/wp-content\/uploads\/2014\/08\/timerman.jpg?resize=560%2C333\" alt=\"timerman\" width=\"560\" height=\"333\" srcset=\"https:\/\/i0.wp.com\/www.24baires.com\/wp-content\/uploads\/2014\/08\/timerman.jpg?w=560 560w, https:\/\/i0.wp.com\/www.24baires.com\/wp-content\/uploads\/2014\/08\/timerman.jpg?resize=300%2C178 300w\" sizes=\"auto, (max-width: 560px) 100vw, 560px\" \/>El canciller denunci\u00f3 la manipulaci\u00f3n por parte del diario de informaci\u00f3n falsa sobre la firma del Memor\u00e1ndum con Ir\u00e1n y la pol\u00edtica seguida por el gobierno sobre las alertas rojas de Interpol.<!--more--><\/p>\n<p>El canciller asegur\u00f3 hoy que el dario Clar\u00edn \u00abmanipula informaci\u00f3n\u00bb, ante la publicaci\u00f3n de un cable de marzo de 2013 en el cual la agencia IRNA sosten\u00eda que por la firma del Memor\u00e1ndum con Ir\u00e1n, Interpol deb\u00eda levantar las alertas rojas, \u00abalgo que la propia realidad demuestra que no ocurri\u00f3 ni pod\u00eda ocurrir\u00bb.<\/p>\n<p>T\u00e9lam: Hoy Clarin publica un cable de marzo del 2013 del la agencia oficial iran\u00ed, IRNA, en el cual el entonces canciller iran\u00ed declara que, por la firma del Memor\u00e1ndum, Interpol deb\u00eda levantar las alertas rojas de los sospechosos de haber participado en el atentado a la AMIA.<\/p>\n<p>Timerman: Es una nueva muestra de c\u00f3mo Clar\u00edn manipula la informaci\u00f3n. Un cable de 2013 donde anuncia algo que la propia realidad demuestra que no ocurri\u00f3 y que no pod\u00eda ocurrir. Cualquiera que se tome el tiempo de leer el reglamento de Interpol podr\u00e1 ver que s\u00f3lo el juez de la causa puede solicitar que se emitan las famosas alertas rojas as\u00ed como su cancelaci\u00f3n. El Poder Ejecutivo no tiene potestad para solicitar acciones de Interpol ni para negociar medidas de Interpol con otro pa\u00eds. La obligaci\u00f3n del Poder Ejecutivo es informar cualquier novedad en los temas en que act\u00faa Interpol. Es lo que hicimos.<\/p>\n<p>T\u00e9lam: \u00bfVe intencionalidad en la publicaci\u00f3n de una informaci\u00f3n del 2013 sobre algo que no ocurri\u00f3?<\/p>\n<p>Timerman: Todo lo que hace Clar\u00edn tiene la intencionalidad de perjudicar la gobernabillidad de Argentina. Lo primero que deber\u00eda hacer un periodista profesional es leer el reglamento de Interpol y luego llamar a Interpol para obtener las respuestas de fuentes oficiales de dicho organismo. En cambio, pretenden armar una supuesta noticia de actualidad usando un cable de una agencia iran\u00ed publicado en marzo de 2013 \u00aby enviado\u00bb (dice Clarin) por argentinos residentes en Lyon. Es poco serio hasta para un caluroso s\u00e1bado de enero.<\/p>\n<p>&nbsp;<\/p>\n<p>&nbsp;<\/p>\n<p>&nbsp;<\/p>\n<p>&nbsp;<\/p>\n<p>&nbsp;<\/p>\n<p>&nbsp;<\/p>\n<p>&nbsp;<\/p>\n<p>&nbsp;<\/p>\n<p>&nbsp;<\/p>\n<p>&nbsp;<\/p>\n<p>&nbsp;<\/p>\n<p>&nbsp;<\/p>\n","protected":false},"excerpt":{"rendered":"<p>El canciller denunci\u00f3 la manipulaci\u00f3n por parte del diario de informaci\u00f3n falsa sobre la firma del Memor\u00e1ndum con Ir\u00e1n y la pol\u00edtica seguida por el gobierno sobre las alertas rojas de Interpol.<\/p>\n","protected":false},"author":8,"featured_media":0,"comment_status":"open","ping_status":"open","sticky":false,"template":"","format":"standard","meta":{"_jetpack_newsletter_access":"","_jetpack_dont_email_post_to_subs":false,"_jetpack_newsletter_tier_id":0,"_jetpack_memberships_contains_paywalled_content":false,"_jetpack_memberships_contains_paid_content":false,"footnotes":""},"categories":[51],"tags":[],"class_list":["post-60675","post","type-post","status-publish","format-standard","hentry","category-politica"],"jetpack_shortlink":"https:\/\/wp.me\/p2JWE0-fMD","jetpack-related-posts":[{"id":103330,"url":"http:\/\/www.24baires.com\/?p=103330","url_meta":{"origin":60675,"position":0},"title":"Timerman asegura que est\u00e1n usando la causa del Memorandum \u00abpara atacar a Cristina\u00bb","author":"AF","date":"13\/07\/2018","format":false,"excerpt":"Adem\u00e1s, el ex canciller se lament\u00f3 porque la \u00fanica causa que avanz\u00f3 es la que se le inici\u00f3 a \u00e9l y ex funcionarios del gobierno kirchnerista. El ex canciller Hector Timerman denunci\u00f3 este viernes que est\u00e1n usando la causa del Memorandum con Ir\u00e1n para atacar a la ex presidenta Cristina\u2026","rel":"","context":"En \u00abPol\u00edtica\u00bb","block_context":{"text":"Pol\u00edtica","link":"http:\/\/www.24baires.com\/?cat=51"},"img":{"alt_text":"","src":"https:\/\/i0.wp.com\/www.24baires.com\/wp-content\/uploads\/2013\/03\/timerman.jpg?resize=350%2C200","width":350,"height":200,"srcset":"https:\/\/i0.wp.com\/www.24baires.com\/wp-content\/uploads\/2013\/03\/timerman.jpg?resize=350%2C200 1x, https:\/\/i0.wp.com\/www.24baires.com\/wp-content\/uploads\/2013\/03\/timerman.jpg?resize=525%2C300 1.5x"},"classes":[]},{"id":60273,"url":"http:\/\/www.24baires.com\/?p=60273","url_meta":{"origin":60675,"position":1},"title":"\u00abLo que dice el fiscal Nisman es falso\u00bb, dijo el ex secretario de Interpol","author":"GB","date":"18\/01\/2015","format":false,"excerpt":"El ex secretario general de Interpol, Ronald Noble, dijo que ninguna autoridad argentina trat\u00f3 de cancelar los alertas rojos contra los acusados iran\u00edes, ni se sugiri\u00f3 que no fueran responsables del ataque a la AMIA y que la firma del memor\u00e1ndum fue un intento por destrabar la causa. \"La afirmaci\u00f3n\u2026","rel":"","context":"En \u00abPol\u00edtica\u00bb","block_context":{"text":"Pol\u00edtica","link":"http:\/\/www.24baires.com\/?cat=51"},"img":{"alt_text":"","src":"https:\/\/i0.wp.com\/www.24baires.com\/wp-content\/uploads\/2015\/01\/ex-secretario-interpol.jpg?resize=350%2C200","width":350,"height":200,"srcset":"https:\/\/i0.wp.com\/www.24baires.com\/wp-content\/uploads\/2015\/01\/ex-secretario-interpol.jpg?resize=350%2C200 1x, https:\/\/i0.wp.com\/www.24baires.com\/wp-content\/uploads\/2015\/01\/ex-secretario-interpol.jpg?resize=525%2C300 1.5x"},"classes":[]},{"id":19025,"url":"http:\/\/www.24baires.com\/?p=19025","url_meta":{"origin":60675,"position":2},"title":"El canciller Timerman agradeci\u00f3 a Interpol por su evaluaci\u00f3n del memor\u00e1ndum con Ir\u00e1n","author":"AF","date":"21\/03\/2013","format":false,"excerpt":"El canciller expres\u00f3 su \u201cagradecimiento\u201d al Secretario General de Interpol, Ronal Noble, por la carta en la que el Consejero Jur\u00eddico de ese organismo, Joel Sollier, evalu\u00f3 como \u201cpositivo\u201d el acuerdo. Reiter\u00f3 adem\u00e1s que \u201cla vigencia de las notificaciones rojas\u201d en la causa AMIA \u201cha sido una pieza fundamental en\u2026","rel":"","context":"En \u00abPol\u00edtica\u00bb","block_context":{"text":"Pol\u00edtica","link":"http:\/\/www.24baires.com\/?cat=51"},"img":{"alt_text":"","src":"https:\/\/i0.wp.com\/www.24baires.com\/wp-content\/uploads\/2013\/03\/timerman.jpg?resize=350%2C200","width":350,"height":200,"srcset":"https:\/\/i0.wp.com\/www.24baires.com\/wp-content\/uploads\/2013\/03\/timerman.jpg?resize=350%2C200 1x, https:\/\/i0.wp.com\/www.24baires.com\/wp-content\/uploads\/2013\/03\/timerman.jpg?resize=525%2C300 1.5x"},"classes":[]},{"id":60210,"url":"http:\/\/www.24baires.com\/?p=60210","url_meta":{"origin":60675,"position":3},"title":"Timerman anticip\u00f3 que dialog\u00f3 con Interpol y \u00abla denuncia de Nisman es mentira\u00bb","author":"Grupo Sierra","date":"16\/01\/2015","format":false,"excerpt":"El canciller ley\u00f3 en la Sala de Conferencias de la Casa Rosada una carta que le envi\u00f3 el ex Director de Interpol entre 2000 y 2014, Ronald Noble. All\u00ed, el ex funcionario norteamericano ratifica que las afirmaciones hechas por el fiscal son falsas. El canciller H\u00e9ctor Timerman sostuvo hoy que\u2026","rel":"","context":"En \u00abGeneral\u00bb","block_context":{"text":"General","link":"http:\/\/www.24baires.com\/?cat=67"},"img":{"alt_text":"timerman","src":"https:\/\/i0.wp.com\/www.24baires.com\/wp-content\/uploads\/2014\/08\/timerman.jpg?resize=350%2C200","width":350,"height":200,"srcset":"https:\/\/i0.wp.com\/www.24baires.com\/wp-content\/uploads\/2014\/08\/timerman.jpg?resize=350%2C200 1x, https:\/\/i0.wp.com\/www.24baires.com\/wp-content\/uploads\/2014\/08\/timerman.jpg?resize=525%2C300 1.5x"},"classes":[]},{"id":76277,"url":"http:\/\/www.24baires.com\/?p=76277","url_meta":{"origin":60675,"position":4},"title":"El nuevo gobierno buscar\u00e1 dejar sin efecto el Memor\u00e1ndum con Ir\u00e1n","author":"GB","date":"11\/12\/2015","format":false,"excerpt":"El lunes pr\u00f3ximo el flamante ministro de Justicia, Germ\u00e1n Garavano, presentar\u00e1 un escrito para dar de baja el acuerdo de entendimiento. Desistir\u00e1 de la apelaci\u00f3n que hab\u00eda presentado el Estado para revertir el fallo que lo hab\u00eda declarado inconstitucional. El recientemente designado ministro de Justicia, Germ\u00e1n Garavano, presentar\u00e1 la pr\u00f3xima\u2026","rel":"","context":"En \u00abPol\u00edtica\u00bb","block_context":{"text":"Pol\u00edtica","link":"http:\/\/www.24baires.com\/?cat=51"},"img":{"alt_text":"","src":"","width":0,"height":0},"classes":[]},{"id":60159,"url":"http:\/\/www.24baires.com\/?p=60159","url_meta":{"origin":60675,"position":5},"title":"Timerman dej\u00f3 entrever una interna de inteligencia en la denuncia contra la Presidenta","author":"Grupo Sierra","date":"15\/01\/2015","format":false,"excerpt":"El canciller H\u00e9ctor Timerman afirm\u00f3 hoy que el fiscal de la Causa Amia, Alberto Nisman, \u201cen vez de investigar a los sospechosos, se dedic\u00f3 clandestinamente a investigar a la Presidenta de la Rep\u00fablica Argentina\u201d, al referirse a la denuncia que aquel formul\u00f3 contra la mandataria y otros funcionarios de Gobierno\u2026","rel":"","context":"En \u00abPol\u00edtica\u00bb","block_context":{"text":"Pol\u00edtica","link":"http:\/\/www.24baires.com\/?cat=51"},"img":{"alt_text":"","src":"","width":0,"height":0},"classes":[]}],"jetpack_sharing_enabled":true,"jetpack_likes_enabled":true,"jetpack_featured_media_url":"","_links":{"self":[{"href":"http:\/\/www.24baires.com\/index.php?rest_route=\/wp\/v2\/posts\/60675","targetHints":{"allow":["GET"]}}],"collection":[{"href":"http:\/\/www.24baires.com\/index.php?rest_route=\/wp\/v2\/posts"}],"about":[{"href":"http:\/\/www.24baires.com\/index.php?rest_route=\/wp\/v2\/types\/post"}],"author":[{"embeddable":true,"href":"http:\/\/www.24baires.com\/index.php?rest_route=\/wp\/v2\/users\/8"}],"replies":[{"embeddable":true,"href":"http:\/\/www.24baires.com\/index.php?rest_route=%2Fwp%2Fv2%2Fcomments&post=60675"}],"version-history":[{"count":1,"href":"http:\/\/www.24baires.com\/index.php?rest_route=\/wp\/v2\/posts\/60675\/revisions"}],"predecessor-version":[{"id":60676,"href":"http:\/\/www.24baires.com\/index.php?rest_route=\/wp\/v2\/posts\/60675\/revisions\/60676"}],"wp:attachment":[{"href":"http:\/\/www.24baires.com\/index.php?rest_route=%2Fwp%2Fv2%2Fmedia&parent=60675"}],"wp:term":[{"taxonomy":"category","embeddable":true,"href":"http:\/\/www.24baires.com\/index.php?rest_route=%2Fwp%2Fv2%2Fcategories&post=60675"},{"taxonomy":"post_tag","embeddable":true,"href":"http:\/\/www.24baires.com\/index.php?rest_route=%2Fwp%2Fv2%2Ftags&post=60675"}],"curies":[{"name":"wp","href":"https:\/\/api.w.org\/{rel}","templated":true}]}}