{"id":60670,"date":"2015-01-24T19:30:37","date_gmt":"2015-01-24T22:30:37","guid":{"rendered":"http:\/\/www.24baires.com\/?p=60670"},"modified":"2015-01-24T19:21:05","modified_gmt":"2015-01-24T22:21:05","slug":"lagomarsino-se-habia-ofrecido-como-informante-a-la-psa","status":"publish","type":"post","link":"http:\/\/www.24baires.com\/?p=60670","title":{"rendered":"Lagomarsino se hab\u00eda ofrecido como informante a la PSA"},"content":{"rendered":"<p><img data-recalc-dims=\"1\" loading=\"lazy\" decoding=\"async\" class=\"alignleft wp-image-15396\" src=\"https:\/\/i0.wp.com\/www.24baires.com\/wp-content\/uploads\/2013\/02\/sain-marcelo.jpg?resize=333%2C200\" alt=\"sain marcelo\" width=\"333\" height=\"200\" srcset=\"https:\/\/i0.wp.com\/www.24baires.com\/wp-content\/uploads\/2013\/02\/sain-marcelo.jpg?w=500 500w, https:\/\/i0.wp.com\/www.24baires.com\/wp-content\/uploads\/2013\/02\/sain-marcelo.jpg?resize=300%2C180 300w\" sizes=\"auto, (max-width: 333px) 100vw, 333px\" \/>El ex interventor de la Polic\u00eda de Seguridad Aeroportuaria (PSA) y actual diputado provincial por Nuevo Encuentro, Marcelo Sa\u00edn, se\u00f1al\u00f3 hoy que Diego Lagomarsino, el hombre que le entreg\u00f3 el arma Bersa calibre.22 al fiscal Alberto Nisman horas antes de su muerte, \u00abdeber\u00eda ser llamado a declarar al menos como sospechoso\u00bb y record\u00f3 que hace diez a\u00f1os30, el joven se habr\u00eda ofrecido como informante de esa fuerza, aduciendo tener capacidad de entregar \u00aborganizaciones narcos\u00bb.<!--more--><\/p>\n<p>\u00abNo entiendo como la jueza no lo investiga como posible homicida, cuando en realidad deber\u00eda sospecharse de mucha gente, y m\u00e1s a\u00fan con la \u00faltima persona que lo vio con vida\u00bb, destac\u00f3 Sa\u00edn en di\u00e1logo con T\u00e9lam y sostuvo tambi\u00e9n que le no entiende \u00abpor qu\u00e9 ni siquiera lo llam\u00f3 a declarar a \u00e9l, o a Antonio Stiusso\u00bb, en referencia al ex agente de la Secretar\u00eda de Inteligencia.<\/p>\n<p>Sa\u00edn manifest\u00f3 que \u00aben 2005 creo recordar que se fue a ofrecer como servicio, dec\u00eda que pod\u00eda entregarme organizaciones narcotraficantes\u00bb y seg\u00fan se hab\u00eda dejado trascender el actual diputado se\u00f1al\u00f3 que \u00abse dec\u00eda que ven\u00eda recomendado por un oficial del grupo Halc\u00f3n, y que lo primero que hab\u00eda pedido era plata, y como se le dijo que habr\u00eda dinero si entregaba, se fue asegurando que \u00e9l hablaba solo de plata\u00bb.<\/p>\n<p>Con respecto al accionar de la jueza a cargo de la causa de la muerte del fiscal, Fabiana Palmaghini, Sa\u00edn resalt\u00f3 que \u00abveo muchas incompetencia de parte de la jueza, porque para ser justos y equilibrados tambi\u00e9n deber\u00eda ser llamada la custodia, ya que entr\u00f3 una persona con un arma y pas\u00f3 tranquilamente; eso podr\u00eda ser una negligencia, claramente, porque el hecho de que la persona sea conocida, no implica que no se tenga que revisar al ingresar\u00bb.<\/p>\n<p>&nbsp;<\/p>\n<p>&nbsp;<\/p>\n<p>&nbsp;<\/p>\n<p>&nbsp;<\/p>\n<p>&nbsp;<\/p>\n<p>&nbsp;<\/p>\n<p>&nbsp;<\/p>\n<p>&nbsp;<\/p>\n<p>&nbsp;<\/p>\n<p>&nbsp;<\/p>\n","protected":false},"excerpt":{"rendered":"<p>El ex interventor de la Polic\u00eda de Seguridad Aeroportuaria (PSA) y actual diputado provincial por Nuevo Encuentro, Marcelo Sa\u00edn, se\u00f1al\u00f3 hoy que Diego Lagomarsino, el hombre que le entreg\u00f3 el arma Bersa calibre.22 al fiscal Alberto Nisman horas antes de su muerte, \u00abdeber\u00eda ser llamado a declarar al menos como sospechoso\u00bb y record\u00f3 que hace diez a\u00f1os30, el joven se [&#8230;]<\/p>\n","protected":false},"author":8,"featured_media":0,"comment_status":"open","ping_status":"open","sticky":false,"template":"","format":"standard","meta":{"_jetpack_newsletter_access":"","_jetpack_dont_email_post_to_subs":false,"_jetpack_newsletter_tier_id":0,"_jetpack_memberships_contains_paywalled_content":false,"_jetpack_memberships_contains_paid_content":false,"footnotes":""},"categories":[51],"tags":[],"class_list":["post-60670","post","type-post","status-publish","format-standard","hentry","category-politica"],"jetpack_shortlink":"https:\/\/wp.me\/p2JWE0-fMy","jetpack-related-posts":[{"id":60796,"url":"http:\/\/www.24baires.com\/?p=60796","url_meta":{"origin":60670,"position":0},"title":"Lagomarsino fue visto sacando fotos en una marcha por Croma\u00f1\u00f3n","author":"AF","date":"27\/01\/2015","format":false,"excerpt":"Jos\u00e9 Iglesias, padre de uno de los j\u00f3venes fallecidos reconoci\u00f3 a Lagomarsino como el joven que se present\u00f3 como \u201caficionado\u201d para registrar un acto por justicia. Dijo tener \u201cun problema\u201d en su c\u00e1mara cuando le pidieron ver las im\u00e1genes. Nunca m\u00e1s lo volvieron a ver. El padre de una de\u2026","rel":"","context":"En \u00abSociedad\u00bb","block_context":{"text":"Sociedad","link":"http:\/\/www.24baires.com\/?cat=1"},"img":{"alt_text":"lagomarsino-1","src":"https:\/\/i0.wp.com\/www.24baires.com\/wp-content\/uploads\/2015\/01\/lagomarsino-1.jpg?resize=350%2C200","width":350,"height":200,"srcset":"https:\/\/i0.wp.com\/www.24baires.com\/wp-content\/uploads\/2015\/01\/lagomarsino-1.jpg?resize=350%2C200 1x, https:\/\/i0.wp.com\/www.24baires.com\/wp-content\/uploads\/2015\/01\/lagomarsino-1.jpg?resize=525%2C300 1.5x"},"classes":[]},{"id":49005,"url":"http:\/\/www.24baires.com\/?p=49005","url_meta":{"origin":60670,"position":1},"title":"Sa\u00edn: \u00abEl Frente Renovador pact\u00f3 con la Bonaerense\u00bb","author":"Grupo Sierra","date":"30\/06\/2014","format":false,"excerpt":"El diputado provincial por Nuevo Encuentro atribuy\u00f3 al bloque de Massa el fracaso del proyecto de ley para crear polic\u00edas comunales en territorio bonaerense y acus\u00f3 a su l\u00edder de haber \"pactado con la Polic\u00eda Bonaerense\". \"Todos llevamos adelante una propuesta, que fue consensuada, y se le hicieron modificaciones. Pero\u2026","rel":"","context":"En \u00abPol\u00edtica\u00bb","block_context":{"text":"Pol\u00edtica","link":"http:\/\/www.24baires.com\/?cat=51"},"img":{"alt_text":"sain marcelo","src":"https:\/\/i0.wp.com\/www.24baires.com\/wp-content\/uploads\/2013\/02\/sain-marcelo-300x180.jpg?resize=350%2C200","width":350,"height":200},"classes":[]},{"id":60973,"url":"http:\/\/www.24baires.com\/?p=60973","url_meta":{"origin":60670,"position":2},"title":"Para el abogado de Lagomarsino, \u00abno cambiar\u00eda nada si fuera del servicio de inteligencia\u00bb","author":"Grupo Sierra","date":"29\/01\/2015","format":false,"excerpt":"Maximiliano Rusconi, el abogado del imputado por darle un arma a Alberto Nisman, habl\u00f3 nuevamente pero volvi\u00f3 a sembrar m\u00e1s dudas en torno a su defendido. Tras la conferencia de prensa que su defendido brind\u00f3 ayer, Maximiliano Rusconi -el abogado que eligi\u00f3 Diego Lagomarsino, imputado por darle el arma al\u2026","rel":"","context":"En \u00abJUDICIALES\u00bb","block_context":{"text":"JUDICIALES","link":"http:\/\/www.24baires.com\/?cat=68"},"img":{"alt_text":"lagomarsino 1","src":"https:\/\/i0.wp.com\/www.24baires.com\/wp-content\/uploads\/2015\/01\/lagomarsino-11.jpg?resize=350%2C200","width":350,"height":200,"srcset":"https:\/\/i0.wp.com\/www.24baires.com\/wp-content\/uploads\/2015\/01\/lagomarsino-11.jpg?resize=350%2C200 1x, https:\/\/i0.wp.com\/www.24baires.com\/wp-content\/uploads\/2015\/01\/lagomarsino-11.jpg?resize=525%2C300 1.5x"},"classes":[]},{"id":60626,"url":"http:\/\/www.24baires.com\/?p=60626","url_meta":{"origin":60670,"position":3},"title":"Lagomarsino ser\u00e1 custodiado por Gendarmer\u00eda","author":"Grupo Sierra","date":"24\/01\/2015","format":false,"excerpt":"La jueza Palmaghini respondi\u00f3 as\u00ed al ofrecimiento que la Ministra de Seguridad, Mar\u00eda Cecilia Rodr\u00edguez y el hombre que le dio el arma al fallecido fiscal Nisman recibir\u00e1 custodia. Gendarmer\u00eda Nacional, a pedido de la jueza Fabiana Palmaghini, ya se encuentra custodiando a Diego Lagomarsino, el hombre que le entreg\u00f3\u2026","rel":"","context":"En \u00abJUDICIALES\u00bb","block_context":{"text":"JUDICIALES","link":"http:\/\/www.24baires.com\/?cat=68"},"img":{"alt_text":"","src":"https:\/\/i0.wp.com\/www.24baires.com\/wp-content\/uploads\/2015\/01\/lagormarsino.jpg?resize=350%2C200","width":350,"height":200,"srcset":"https:\/\/i0.wp.com\/www.24baires.com\/wp-content\/uploads\/2015\/01\/lagormarsino.jpg?resize=350%2C200 1x, https:\/\/i0.wp.com\/www.24baires.com\/wp-content\/uploads\/2015\/01\/lagormarsino.jpg?resize=525%2C300 1.5x"},"classes":[]},{"id":60876,"url":"http:\/\/www.24baires.com\/?p=60876","url_meta":{"origin":60670,"position":4},"title":"Seg\u00fan el abogado de Lagomarsino, \u00abprestar un arma no es delito\u00bb","author":"GB","date":"28\/01\/2015","format":false,"excerpt":"Maximiliano Rusconi se present\u00f3 en la fiscal\u00eda de Viviana Fein. Pedir\u00e1 que la Justicia cite a declarar a Cristina y a An\u00edbal Fern\u00e1ndez. El abogado de Diego Lagomarsino, \u00fanico imputado en el marco de la causa en la que se investiga la muerte del fiscal Alberto Nisman, se present\u00f3 en\u2026","rel":"","context":"En \u00abPol\u00edtica\u00bb","block_context":{"text":"Pol\u00edtica","link":"http:\/\/www.24baires.com\/?cat=51"},"img":{"alt_text":"lagomarsino-1","src":"https:\/\/i0.wp.com\/www.24baires.com\/wp-content\/uploads\/2015\/01\/lagomarsino-1.jpg?resize=350%2C200","width":350,"height":200,"srcset":"https:\/\/i0.wp.com\/www.24baires.com\/wp-content\/uploads\/2015\/01\/lagomarsino-1.jpg?resize=350%2C200 1x, https:\/\/i0.wp.com\/www.24baires.com\/wp-content\/uploads\/2015\/01\/lagomarsino-1.jpg?resize=525%2C300 1.5x"},"classes":[]},{"id":91764,"url":"http:\/\/www.24baires.com\/?p=91764","url_meta":{"origin":60670,"position":5},"title":"Lagomarsino a Arroyo Salgado: \u00abNo hace falta tener un arma para tener poder\u00bb","author":"AF","date":"20\/01\/2017","format":false,"excerpt":"El t\u00e9cnico inform\u00e1tico, propietario del arma de la cual parti\u00f3 el proyectil que caus\u00f3 la muerte de Alberto Nisman y \u00fanico imputado en la causa que investiga el hecho, respondi\u00f3 a la ex esposa del fiscal fallecido que \"no hace falta tener un arma para tener poder\", y sostuvo que\u2026","rel":"","context":"En \u00abJUDICIALES\u00bb","block_context":{"text":"JUDICIALES","link":"http:\/\/www.24baires.com\/?cat=68"},"img":{"alt_text":"","src":"https:\/\/i0.wp.com\/www.24baires.com\/wp-content\/uploads\/2015\/01\/lagomarsino-11.jpg?resize=350%2C200","width":350,"height":200,"srcset":"https:\/\/i0.wp.com\/www.24baires.com\/wp-content\/uploads\/2015\/01\/lagomarsino-11.jpg?resize=350%2C200 1x, https:\/\/i0.wp.com\/www.24baires.com\/wp-content\/uploads\/2015\/01\/lagomarsino-11.jpg?resize=525%2C300 1.5x"},"classes":[]}],"jetpack_sharing_enabled":true,"jetpack_likes_enabled":true,"jetpack_featured_media_url":"","_links":{"self":[{"href":"http:\/\/www.24baires.com\/index.php?rest_route=\/wp\/v2\/posts\/60670","targetHints":{"allow":["GET"]}}],"collection":[{"href":"http:\/\/www.24baires.com\/index.php?rest_route=\/wp\/v2\/posts"}],"about":[{"href":"http:\/\/www.24baires.com\/index.php?rest_route=\/wp\/v2\/types\/post"}],"author":[{"embeddable":true,"href":"http:\/\/www.24baires.com\/index.php?rest_route=\/wp\/v2\/users\/8"}],"replies":[{"embeddable":true,"href":"http:\/\/www.24baires.com\/index.php?rest_route=%2Fwp%2Fv2%2Fcomments&post=60670"}],"version-history":[{"count":2,"href":"http:\/\/www.24baires.com\/index.php?rest_route=\/wp\/v2\/posts\/60670\/revisions"}],"predecessor-version":[{"id":60672,"href":"http:\/\/www.24baires.com\/index.php?rest_route=\/wp\/v2\/posts\/60670\/revisions\/60672"}],"wp:attachment":[{"href":"http:\/\/www.24baires.com\/index.php?rest_route=%2Fwp%2Fv2%2Fmedia&parent=60670"}],"wp:term":[{"taxonomy":"category","embeddable":true,"href":"http:\/\/www.24baires.com\/index.php?rest_route=%2Fwp%2Fv2%2Fcategories&post=60670"},{"taxonomy":"post_tag","embeddable":true,"href":"http:\/\/www.24baires.com\/index.php?rest_route=%2Fwp%2Fv2%2Ftags&post=60670"}],"curies":[{"name":"wp","href":"https:\/\/api.w.org\/{rel}","templated":true}]}}