{"id":60661,"date":"2015-01-24T16:56:11","date_gmt":"2015-01-24T19:56:11","guid":{"rendered":"http:\/\/www.24baires.com\/?p=60661"},"modified":"2015-01-24T16:56:11","modified_gmt":"2015-01-24T19:56:11","slug":"el-disparo-se-produjo-a-una-distancia-no-mayor-a-un-centimetro-dijo-fein","status":"publish","type":"post","link":"http:\/\/www.24baires.com\/?p=60661","title":{"rendered":"\u00abEl disparo se produjo a una distancia no mayor a un cent\u00edmetro\u00bb, dijo Fein"},"content":{"rendered":"<p><img data-recalc-dims=\"1\" loading=\"lazy\" decoding=\"async\" class=\"aligncenter size-full wp-image-60662\" src=\"https:\/\/i0.wp.com\/www.24baires.com\/wp-content\/uploads\/2015\/01\/fein.jpg?resize=560%2C414\" alt=\"fein\" width=\"560\" height=\"414\" srcset=\"https:\/\/i0.wp.com\/www.24baires.com\/wp-content\/uploads\/2015\/01\/fein.jpg?w=560 560w, https:\/\/i0.wp.com\/www.24baires.com\/wp-content\/uploads\/2015\/01\/fein.jpg?resize=300%2C222 300w\" sizes=\"auto, (max-width: 560px) 100vw, 560px\" \/>As\u00ed lo confirm\u00f3 la fiscal que tiene a su cargo la investigaci\u00f3n de la muerte de Alberto Nisman. \u00abEl disparo fue sobre la oreja\u00bb, agreg\u00f3, y confirm\u00f3 que \u00abel proyectil y la vaina se corresponden con el arma encontrada en el lugar\u00bb .<!--more--><\/p>\n<p>La fiscal Viviana Fein revel\u00f3 este s\u00e1bado que el disparo que mat\u00f3 al fiscal especial de la causa AMIA, Alberto Nisman, se produjo a \u00abuna distancia no mayor a un cent\u00edmetro\u00bb.<\/p>\n<p>En ese sentido, sostuvo que el disparo se efectu\u00f3 \u00abapoyando el arma en el parietal derecho, sobre la oreja\u00bb.<br \/>\nAdem\u00e1s, se\u00f1al\u00f3 que \u00abel proyectil y la vaina se corresponden con el arma encontrada en el lugar\u00bb donde se encontr\u00f3 el cad\u00e1ver de Nisman, el ba\u00f1o de su departamento.<br \/>\n\u00abLa autopsia es la \u00fanica medida de prueba\u00bb que obra en la causa, a\u00f1adi\u00f3 la fiscal que investiga el deceso de su colega ocurrido el fin de semana pasado en el piso 13 de la torre Le Parc, en el barrio porte\u00f1o de Puerto Madero.<br \/>\nAdem\u00e1s, en di\u00e1logo con la prensa, estim\u00f3 que la data de la muerte puede ubicarse \u00abalrededor del mediod\u00eda del d\u00eda domingo\u00bb 18 de enero.<br \/>\nFein remarc\u00f3 que de acuerdo a las pericias \u00abno se infiere la participaci\u00f3n de terceras personas\u00bb y a\u00f1adi\u00f3 que al ser hallado muerto el fiscal Nisman se encontraba \u00abtendido en el piso\u00bb y \u00abla cabeza\u00bb trababa la apertura de la puerta del ba\u00f1o.<br \/>\nLa fiscal acot\u00f3 tambi\u00e9n que \u00abtodas las noticias que doy al aire o d\u00eda a d\u00eda es toda la actuaci\u00f3n que se reflejan en el marco de mi causa\u00bb, y reconoci\u00f3: \u00abson muchas las pruebas que estamos esperando con una sola fiscal\u00eda, tenemos nuestros tiempos para hablar con certeza y seriedad\u00bb.<br \/>\n\u00abEstamos esperando el examen toxicol\u00f3gico e histopatol\u00f3gico que son ex\u00e1menes que pueden demorar\u00bb, acot\u00f3 Fein, y agreg\u00f3 que est\u00e1 estudiando \u00abotras medidas probatorias a futuro\u00bb.<br \/>\nPor \u00faltimo, indic\u00f3 que durante la semana realiz\u00f3 un relevamiento en el complejo de departamentos donde Nisman fue hallado sin vida y advirti\u00f3 \u00abciertas deficiencias t\u00e9cnicas\u00bb.<\/p>\n<p>&nbsp;<\/p>\n<p>&nbsp;<\/p>\n<p>&nbsp;<\/p>\n<p>&nbsp;<\/p>\n<p>&nbsp;<\/p>\n<p>&nbsp;<\/p>\n<p>&nbsp;<\/p>\n<p>&nbsp;<\/p>\n<p>&nbsp;<\/p>\n<p>&nbsp;<\/p>\n","protected":false},"excerpt":{"rendered":"<p>As\u00ed lo confirm\u00f3 la fiscal que tiene a su cargo la investigaci\u00f3n de la muerte de Alberto Nisman. \u00abEl disparo fue sobre la oreja\u00bb, agreg\u00f3, y confirm\u00f3 que \u00abel proyectil y la vaina se corresponden con el arma encontrada en el lugar\u00bb .<\/p>\n","protected":false},"author":8,"featured_media":0,"comment_status":"open","ping_status":"open","sticky":false,"template":"","format":"standard","meta":{"_jetpack_newsletter_access":"","_jetpack_dont_email_post_to_subs":false,"_jetpack_newsletter_tier_id":0,"_jetpack_memberships_contains_paywalled_content":false,"_jetpack_memberships_contains_paid_content":false,"footnotes":""},"categories":[51],"tags":[],"class_list":["post-60661","post","type-post","status-publish","format-standard","hentry","category-politica"],"jetpack_shortlink":"https:\/\/wp.me\/p2JWE0-fMp","jetpack-related-posts":[{"id":60322,"url":"http:\/\/www.24baires.com\/?p=60322","url_meta":{"origin":60661,"position":0},"title":"La vaina servida se dispar\u00f3 del arma hallada debajo del cuerpo de Nisman","author":"AF","date":"19\/01\/2015","format":false,"excerpt":"As\u00ed lo confirmaron peritos de la Polic\u00eda Federal, quienes analizan el plomo extra\u00eddo de la cabeza del fiscal con la pistola calibre .22 que se encontr\u00f3 debajo de su cuerpo. Tambi\u00e9n se comprob\u00f3 que el arma hab\u00eda sido disparada recientemente. La vaina servida que se encontr\u00f3 junto al cad\u00e1ver del\u2026","rel":"","context":"En \u00abJUDICIALES\u00bb","block_context":{"text":"JUDICIALES","link":"http:\/\/www.24baires.com\/?cat=68"},"img":{"alt_text":"Alberto-Nisman","src":"https:\/\/i0.wp.com\/www.24baires.com\/wp-content\/uploads\/2015\/01\/Alberto-Nisman.jpg?resize=350%2C200","width":350,"height":200,"srcset":"https:\/\/i0.wp.com\/www.24baires.com\/wp-content\/uploads\/2015\/01\/Alberto-Nisman.jpg?resize=350%2C200 1x, https:\/\/i0.wp.com\/www.24baires.com\/wp-content\/uploads\/2015\/01\/Alberto-Nisman.jpg?resize=525%2C300 1.5x"},"classes":[]},{"id":61481,"url":"http:\/\/www.24baires.com\/?p=61481","url_meta":{"origin":60661,"position":1},"title":"Peritaje bal\u00edstico confirmar\u00eda la hip\u00f3tesis del suicidio","author":"GB","date":"09\/02\/2015","format":false,"excerpt":"La bala que caus\u00f3 la muerte del fiscal federal Alberto Nisman ingres\u00f3 apenas por encima de la oreja derecha y con trayectoria ligeramente ascendente, seg\u00fan revel\u00f3 un peritaje ordenado por la fiscal Viviana Fein. La bala que caus\u00f3 la muerte del fiscal federal Alberto Nisman ingres\u00f3 apenas por encima de\u2026","rel":"","context":"En \u00abPol\u00edtica\u00bb","block_context":{"text":"Pol\u00edtica","link":"http:\/\/www.24baires.com\/?cat=51"},"img":{"alt_text":"nisman-1","src":"https:\/\/i0.wp.com\/www.24baires.com\/wp-content\/uploads\/2015\/01\/nisman-1.jpg?resize=350%2C200","width":350,"height":200,"srcset":"https:\/\/i0.wp.com\/www.24baires.com\/wp-content\/uploads\/2015\/01\/nisman-1.jpg?resize=350%2C200 1x, https:\/\/i0.wp.com\/www.24baires.com\/wp-content\/uploads\/2015\/01\/nisman-1.jpg?resize=525%2C300 1.5x"},"classes":[]},{"id":61861,"url":"http:\/\/www.24baires.com\/?p=61861","url_meta":{"origin":60661,"position":2},"title":"Fein calific\u00f3 de \u00abdescabellado\u00bb el testimonio de una testigo","author":"GB","date":"17\/02\/2015","format":false,"excerpt":"Viviana Fein sali\u00f3 al cruce de las declaraciones publicadas hoy por el diario Clar\u00edn de una testigo del operativo realizado en el departamento donde muri\u00f3 Alberto Nisman, asegur\u00f3 que las afirmaciones \u201cson expresiones descabelladas\u201d, y reclam\u00f3 \u201cseriedad\u201d a los medios. Ma\u00f1ana dar\u00e1n a conocer las pericias toxicol\u00f3gicas. La fiscal que\u2026","rel":"","context":"En \u00abPol\u00edtica\u00bb","block_context":{"text":"Pol\u00edtica","link":"http:\/\/www.24baires.com\/?cat=51"},"img":{"alt_text":"fein","src":"https:\/\/i0.wp.com\/www.24baires.com\/wp-content\/uploads\/2015\/01\/fein.jpg?resize=350%2C200","width":350,"height":200,"srcset":"https:\/\/i0.wp.com\/www.24baires.com\/wp-content\/uploads\/2015\/01\/fein.jpg?resize=350%2C200 1x, https:\/\/i0.wp.com\/www.24baires.com\/wp-content\/uploads\/2015\/01\/fein.jpg?resize=525%2C300 1.5x"},"classes":[]},{"id":61015,"url":"http:\/\/www.24baires.com\/?p=61015","url_meta":{"origin":60661,"position":3},"title":"Confirman que el \u00fanico ADN hallado en la escena es de Nisman","author":"Grupo Sierra","date":"30\/01\/2015","format":false,"excerpt":"Las muestras de ADN recogidas en el departamento del fiscal poco despu\u00e9s de encontrar su cuerpo sin vida corresponden \u201cde modo categ\u00f3rico\u201d a su perfil gen\u00e9tico, inform\u00f3 un comunicado de la fiscal Viviana Fein. La pericia, de vital importancia para determinar si se trat\u00f3 de un suicidio o de un\u2026","rel":"","context":"En \u00abPoliciales\u00bb","block_context":{"text":"Policiales","link":"http:\/\/www.24baires.com\/?cat=49"},"img":{"alt_text":"casa nisman","src":"https:\/\/i0.wp.com\/www.24baires.com\/wp-content\/uploads\/2015\/01\/casa-nisman.jpg?resize=350%2C200","width":350,"height":200,"srcset":"https:\/\/i0.wp.com\/www.24baires.com\/wp-content\/uploads\/2015\/01\/casa-nisman.jpg?resize=350%2C200 1x, https:\/\/i0.wp.com\/www.24baires.com\/wp-content\/uploads\/2015\/01\/casa-nisman.jpg?resize=525%2C300 1.5x"},"classes":[]},{"id":62790,"url":"http:\/\/www.24baires.com\/?p=62790","url_meta":{"origin":60661,"position":4},"title":"\u00abEn cualquier pa\u00eds Lagomarsino estar\u00eda detenido\u00bb","author":"Grupo Sierra","date":"07\/03\/2015","format":false,"excerpt":"El jefe de Gabinete lo afirm\u00f3 al tratarse de \"la persona que aport\u00f3 el arma\" de la que sali\u00f3 el disparo que mat\u00f3 al fiscal Nisman. Al volver a tomar distancia de la pericia de parte presentada la jueza Sandra Arroyo Salgado, Fern\u00e1ndez record\u00f3 que en la investigaci\u00f3n que lleva\u2026","rel":"","context":"En \u00abLegislativo\u00bb","block_context":{"text":"Legislativo","link":"http:\/\/www.24baires.com\/?cat=75"},"img":{"alt_text":"fern\u00e1ndez an\u00edbal","src":"https:\/\/i0.wp.com\/www.24baires.com\/wp-content\/uploads\/2012\/11\/fern%C3%A1ndez-an%C3%ADbal.jpg?resize=350%2C200","width":350,"height":200,"srcset":"https:\/\/i0.wp.com\/www.24baires.com\/wp-content\/uploads\/2012\/11\/fern%C3%A1ndez-an%C3%ADbal.jpg?resize=350%2C200 1x, https:\/\/i0.wp.com\/www.24baires.com\/wp-content\/uploads\/2012\/11\/fern%C3%A1ndez-an%C3%ADbal.jpg?resize=525%2C300 1.5x"},"classes":[]},{"id":61508,"url":"http:\/\/www.24baires.com\/?p=61508","url_meta":{"origin":60661,"position":5},"title":"Fein confirm\u00f3 los llamados entre Stiuso y Nisman antes de su muerte","author":"Grupo Sierra","date":"09\/02\/2015","format":false,"excerpt":"La fiscal Viviana Fein inform\u00f3 acerca de las \u00faltimas novedades de la investigaci\u00f3n: los llamados entre, la declaraci\u00f3n del exagente de inteligencia, la trayectoria de la bala y los peritajes pendientes. En un nuevo comunicado, la fiscal Viviana Fein inform\u00f3 los avances de la investigaci\u00f3n sobre la muerte de Alberto\u2026","rel":"","context":"En \u00abJUDICIALES\u00bb","block_context":{"text":"JUDICIALES","link":"http:\/\/www.24baires.com\/?cat=68"},"img":{"alt_text":"fein","src":"https:\/\/i0.wp.com\/www.24baires.com\/wp-content\/uploads\/2015\/01\/fein.jpg?resize=350%2C200","width":350,"height":200,"srcset":"https:\/\/i0.wp.com\/www.24baires.com\/wp-content\/uploads\/2015\/01\/fein.jpg?resize=350%2C200 1x, https:\/\/i0.wp.com\/www.24baires.com\/wp-content\/uploads\/2015\/01\/fein.jpg?resize=525%2C300 1.5x"},"classes":[]}],"jetpack_sharing_enabled":true,"jetpack_likes_enabled":true,"jetpack_featured_media_url":"","_links":{"self":[{"href":"http:\/\/www.24baires.com\/index.php?rest_route=\/wp\/v2\/posts\/60661","targetHints":{"allow":["GET"]}}],"collection":[{"href":"http:\/\/www.24baires.com\/index.php?rest_route=\/wp\/v2\/posts"}],"about":[{"href":"http:\/\/www.24baires.com\/index.php?rest_route=\/wp\/v2\/types\/post"}],"author":[{"embeddable":true,"href":"http:\/\/www.24baires.com\/index.php?rest_route=\/wp\/v2\/users\/8"}],"replies":[{"embeddable":true,"href":"http:\/\/www.24baires.com\/index.php?rest_route=%2Fwp%2Fv2%2Fcomments&post=60661"}],"version-history":[{"count":1,"href":"http:\/\/www.24baires.com\/index.php?rest_route=\/wp\/v2\/posts\/60661\/revisions"}],"predecessor-version":[{"id":60663,"href":"http:\/\/www.24baires.com\/index.php?rest_route=\/wp\/v2\/posts\/60661\/revisions\/60663"}],"wp:attachment":[{"href":"http:\/\/www.24baires.com\/index.php?rest_route=%2Fwp%2Fv2%2Fmedia&parent=60661"}],"wp:term":[{"taxonomy":"category","embeddable":true,"href":"http:\/\/www.24baires.com\/index.php?rest_route=%2Fwp%2Fv2%2Fcategories&post=60661"},{"taxonomy":"post_tag","embeddable":true,"href":"http:\/\/www.24baires.com\/index.php?rest_route=%2Fwp%2Fv2%2Ftags&post=60661"}],"curies":[{"name":"wp","href":"https:\/\/api.w.org\/{rel}","templated":true}]}}