{"id":60646,"date":"2015-01-24T13:10:03","date_gmt":"2015-01-24T16:10:03","guid":{"rendered":"http:\/\/www.24baires.com\/?p=60646"},"modified":"2015-01-25T12:09:30","modified_gmt":"2015-01-25T15:09:30","slug":"hay-que-luchar-contra-quienes-pretenden-desestabilizar","status":"publish","type":"post","link":"http:\/\/www.24baires.com\/?p=60646","title":{"rendered":"\u00abHay que luchar contra quienes pretenden desestabilizar\u00bb"},"content":{"rendered":"<p><img data-recalc-dims=\"1\" loading=\"lazy\" decoding=\"async\" class=\"aligncenter size-full wp-image-55607\" src=\"https:\/\/i0.wp.com\/www.24baires.com\/wp-content\/uploads\/2014\/10\/capitanich-17O.jpg?resize=560%2C372\" alt=\"capitanich 17O\" width=\"560\" height=\"372\" srcset=\"https:\/\/i0.wp.com\/www.24baires.com\/wp-content\/uploads\/2014\/10\/capitanich-17O.jpg?w=560 560w, https:\/\/i0.wp.com\/www.24baires.com\/wp-content\/uploads\/2014\/10\/capitanich-17O.jpg?resize=300%2C199 300w\" sizes=\"auto, (max-width: 560px) 100vw, 560px\" \/>El jefe de gabinete, Jorge Capitanich, llam\u00f3 a luchar por el gobierno de la presidenta Cristina Fern\u00e1ndez de Kirchner, en su visita a Campo Largo, Chaco, donde inaugur\u00f3 viviendas, pavimento, electrificaci\u00f3n urbana y rural, y anunci\u00f3 emprendimientos que demandar\u00e1n una inversi\u00f3n de 583 millones de pesos.<!--more--><\/p>\n<p>En esta localidad del centro de la provincia, a 214 kil\u00f3metros al oeste de la capital chaque\u00f1a, el tambi\u00e9n vicepresidente primero del Consejo Federal del Partido Justicialista habl\u00f3 anoche sobre \u201clas mafias y monopolios medi\u00e1ticos\u201d que operan \u201cla cadena del des\u00e1nimo\u201d y alert\u00f3 que \u201cen esta Argentina no hay lugar para los pusil\u00e1nimes, sino solo para valientes y corajudos\u201d.<\/p>\n<p>Sin aludir con palabras a la muerte del fiscal federal Alberto Nisman, carg\u00f3 contra el \u201cgran operativo de las corporaciones\u201d para intentar vincular ese episodio \u201ccon el gobierno de nuestra compa\u00f1era Presidenta, quien prefiere seguir trabajando por todos y cada uno de los argentinos\u201d.<\/p>\n<p>Luego sostuvo que ese caso evidencia, como nunca antes ocurri\u00f3, a los grupos econ\u00f3micos que \u201chan hecho mucha plata\u201d y que a\u00fan as\u00ed \u201cson los grandes detractores de la pol\u00edtica del crecimiento, la equidad y la inclusi\u00f3n social\u201d que impulsaron y llevaron a cabo los presidentes N\u00e9stor Kirchner y Cristina Fern\u00e1ndez.<\/p>\n<p>El jefe de gabinete admiti\u00f3 que no esperaban esos mensajes de \u201clas mafias y grupos econ\u00f3micos y medi\u00e1ticos\u201d, y sostuvo que junto a la presidenta de la Naci\u00f3n \u201chay dirigentes pol\u00edticos con dignidad, con hidalgu\u00eda y con coraje para defender lo que hicimos y para seguir construyendo la grandeza de la patria\u201d.<\/p>\n<p>A continuaci\u00f3n remarc\u00f3: \u201cRepresentamos un proyecto pol\u00edtico que transform\u00f3 la Argentina y la provincia. Y lo hacemos con el orgullo de sentirnos protagonistas de un cambio hist\u00f3rico\u201d y que este a\u00f1o \u201cla opci\u00f3n, como siempre, es elegir a un presidente de la democracia o a empleados de las corporaciones\u201d.<\/p>\n<p>Por ello cree hay grupos que \u201cno pueden ver a la Argentina en paz\u201d , record\u00f3 que esos grupos econ\u00f3micos y medi\u00e1ticos que \u201cpactaron con la dictadura, con la sangre de la dictadura, quisieron lograr hegemon\u00eda comunicacional para extorsionar a los gobiernos democr\u00e1ticos. Quisieron quedarse con el monopolio de la voz, la imagen y la comunicaci\u00f3n\u201d.<\/p>\n<p>&nbsp;<\/p>\n<p>&nbsp;<\/p>\n<p>&nbsp;<\/p>\n","protected":false},"excerpt":{"rendered":"<p>El jefe de gabinete, Jorge Capitanich, llam\u00f3 a luchar por el gobierno de la presidenta Cristina Fern\u00e1ndez de Kirchner, en su visita a Campo Largo, Chaco, donde inaugur\u00f3 viviendas, pavimento, electrificaci\u00f3n urbana y rural, y anunci\u00f3 emprendimientos que demandar\u00e1n una inversi\u00f3n de 583 millones de pesos.<\/p>\n","protected":false},"author":11,"featured_media":0,"comment_status":"open","ping_status":"open","sticky":false,"template":"","format":"standard","meta":{"_jetpack_newsletter_access":"","_jetpack_dont_email_post_to_subs":false,"_jetpack_newsletter_tier_id":0,"_jetpack_memberships_contains_paywalled_content":false,"_jetpack_memberships_contains_paid_content":false,"footnotes":""},"categories":[51],"tags":[],"class_list":["post-60646","post","type-post","status-publish","format-standard","hentry","category-politica"],"jetpack_shortlink":"https:\/\/wp.me\/p2JWE0-fMa","jetpack-related-posts":[{"id":104063,"url":"http:\/\/www.24baires.com\/?p=104063","url_meta":{"origin":60646,"position":0},"title":"Allanaron el departamento de Recoleta de Cristina Fern\u00e1ndez","author":"AF","date":"23\/08\/2018","format":false,"excerpt":"Efectivos de la Polic\u00eda Federal ingresaron este mediod\u00eda a la residencia de la ex Presidenta tras el aval de la C\u00e1mara de Senadores a los pedidos del juez federal Claudio Bonadio. El abogado defensor denunci\u00f3 que lo echaron del operativo. Efectivos de la Polic\u00eda Federal allanan desde el mediod\u00eda el\u2026","rel":"","context":"En \u00abJUDICIALES\u00bb","block_context":{"text":"JUDICIALES","link":"http:\/\/www.24baires.com\/?cat=68"},"img":{"alt_text":"","src":"https:\/\/i0.wp.com\/www.24baires.com\/wp-content\/uploads\/2018\/08\/allanamiento-cfk.jpg?resize=350%2C200","width":350,"height":200,"srcset":"https:\/\/i0.wp.com\/www.24baires.com\/wp-content\/uploads\/2018\/08\/allanamiento-cfk.jpg?resize=350%2C200 1x, https:\/\/i0.wp.com\/www.24baires.com\/wp-content\/uploads\/2018\/08\/allanamiento-cfk.jpg?resize=525%2C300 1.5x"},"classes":[]},{"id":107919,"url":"http:\/\/www.24baires.com\/?p=107919","url_meta":{"origin":60646,"position":1},"title":"Patricia Bullrich reclama que los gremios que organizaron el paro paguen 23 millones","author":"AF","date":"30\/04\/2019","format":false,"excerpt":"Es el costo que calcul\u00f3 el Ministerio de Seguridad que gast\u00f3 por el operativo que despleg\u00f3 para reprimir en las marchas que convocaron los gremios. El Ministerio de Seguridad de la Naci\u00f3n, a cargo de Patricia Bullrich, pidi\u00f3 que los organizadores del paro de este martes se hagan cargo de\u2026","rel":"","context":"En \u00abSociedad\u00bb","block_context":{"text":"Sociedad","link":"http:\/\/www.24baires.com\/?cat=1"},"img":{"alt_text":"","src":"https:\/\/i0.wp.com\/www.24baires.com\/wp-content\/uploads\/2019\/01\/bullrich.jpg?resize=350%2C200","width":350,"height":200,"srcset":"https:\/\/i0.wp.com\/www.24baires.com\/wp-content\/uploads\/2019\/01\/bullrich.jpg?resize=350%2C200 1x, https:\/\/i0.wp.com\/www.24baires.com\/wp-content\/uploads\/2019\/01\/bullrich.jpg?resize=525%2C300 1.5x"},"classes":[]},{"id":104090,"url":"http:\/\/www.24baires.com\/?p=104090","url_meta":{"origin":60646,"position":2},"title":"Allanaron la casa de Cristina en Calafate","author":"AF","date":"24\/08\/2018","format":false,"excerpt":"La propiedad, en la que pas\u00f3 los \u00faltimos minutos con vida N\u00e9stor Kirchner, es la tercera vivienda revisada por orden del juez Claudio Bonadio. Manifestantes cuestionaron el operativo y les gritaron \"cirqueros\" a los polic\u00edas. Efectivos de la Polic\u00eda Federal ingresaron esta tarde al domicilio de la ex presidenta Cristina\u2026","rel":"","context":"En \u00abJUDICIALES\u00bb","block_context":{"text":"JUDICIALES","link":"http:\/\/www.24baires.com\/?cat=68"},"img":{"alt_text":"","src":"https:\/\/i0.wp.com\/www.24baires.com\/wp-content\/uploads\/2018\/08\/casa-cristina-calafate.jpg?resize=350%2C200","width":350,"height":200,"srcset":"https:\/\/i0.wp.com\/www.24baires.com\/wp-content\/uploads\/2018\/08\/casa-cristina-calafate.jpg?resize=350%2C200 1x, https:\/\/i0.wp.com\/www.24baires.com\/wp-content\/uploads\/2018\/08\/casa-cristina-calafate.jpg?resize=525%2C300 1.5x"},"classes":[]},{"id":101846,"url":"http:\/\/www.24baires.com\/?p=101846","url_meta":{"origin":60646,"position":3},"title":"Bonadio desvincul\u00f3 a Arribas y un fiscal pidi\u00f3 procesar a Echegaray","author":"AF","date":"26\/04\/2018","format":false,"excerpt":"El juez federal liber\u00f3 de culpa y cargo al jefe de la AFI aunque reconoci\u00f3 que recibi\u00f3 dinero de un operador financiero. El fiscal de casaci\u00f3n tambi\u00e9n pidi\u00f3 reencarcelar a Crist\u00f3bal L\u00f3pez. El favorito del gobierno nacional en el mundo judicial, Claudio Bonadio, le hizo el d\u00eda a la Casa\u2026","rel":"","context":"En \u00abJUDICIALES\u00bb","block_context":{"text":"JUDICIALES","link":"http:\/\/www.24baires.com\/?cat=68"},"img":{"alt_text":"","src":"https:\/\/i0.wp.com\/www.24baires.com\/wp-content\/uploads\/2017\/05\/arribas.jpg?resize=350%2C200","width":350,"height":200,"srcset":"https:\/\/i0.wp.com\/www.24baires.com\/wp-content\/uploads\/2017\/05\/arribas.jpg?resize=350%2C200 1x, https:\/\/i0.wp.com\/www.24baires.com\/wp-content\/uploads\/2017\/05\/arribas.jpg?resize=525%2C300 1.5x"},"classes":[]},{"id":112519,"url":"http:\/\/www.24baires.com\/?p=112519","url_meta":{"origin":60646,"position":4},"title":"Imputaron a tres oficiales de la Armada en la causa por el ARA San Juan","author":"AF","date":"16\/10\/2019","format":false,"excerpt":"La Justicia Federal llamar\u00e1 a indagatoria al ex jefe de Log\u00edstica de la Fuerza de Submarinos, al ex encargado de Operaciones del Comando de la Fuerza de Submarinos y a quien era el jefe del Estado Mayor de la Fuerza de Submarinos. Un a\u00f1o y 11 meses despu\u00e9s de la\u2026","rel":"","context":"En \u00abJUDICIALES\u00bb","block_context":{"text":"JUDICIALES","link":"http:\/\/www.24baires.com\/?cat=68"},"img":{"alt_text":"","src":"https:\/\/i0.wp.com\/www.24baires.com\/wp-content\/uploads\/2017\/11\/ara-submarino-san-juan.jpg?resize=350%2C200","width":350,"height":200,"srcset":"https:\/\/i0.wp.com\/www.24baires.com\/wp-content\/uploads\/2017\/11\/ara-submarino-san-juan.jpg?resize=350%2C200 1x, https:\/\/i0.wp.com\/www.24baires.com\/wp-content\/uploads\/2017\/11\/ara-submarino-san-juan.jpg?resize=525%2C300 1.5x"},"classes":[]},{"id":101076,"url":"http:\/\/www.24baires.com\/?p=101076","url_meta":{"origin":60646,"position":5},"title":"Detuvieron a un hombre acusado de realizar una amenaza de bomba a Macri","author":"GB","date":"15\/03\/2018","format":false,"excerpt":"MAR DEL PLATAEl sujeto, de 40 a\u00f1os, hab\u00eda llamado al 911 para dar el falso aviso durante la estad\u00eda del Presidente en Chapadmalal Durante su estad\u00eda en el descanso de Carnaval, los agentes encargados del operativo de seguridad del presidente Mauricio Macri hab\u00edan recibido una llamada del 911 que informaba\u2026","rel":"","context":"En \u00abPoliciales\u00bb","block_context":{"text":"Policiales","link":"http:\/\/www.24baires.com\/?cat=49"},"img":{"alt_text":"","src":"https:\/\/i0.wp.com\/www.24baires.com\/wp-content\/uploads\/2013\/09\/polic%C3%ADa21-300x199.jpg?resize=350%2C200","width":350,"height":200},"classes":[]}],"jetpack_sharing_enabled":true,"jetpack_likes_enabled":true,"jetpack_featured_media_url":"","_links":{"self":[{"href":"http:\/\/www.24baires.com\/index.php?rest_route=\/wp\/v2\/posts\/60646","targetHints":{"allow":["GET"]}}],"collection":[{"href":"http:\/\/www.24baires.com\/index.php?rest_route=\/wp\/v2\/posts"}],"about":[{"href":"http:\/\/www.24baires.com\/index.php?rest_route=\/wp\/v2\/types\/post"}],"author":[{"embeddable":true,"href":"http:\/\/www.24baires.com\/index.php?rest_route=\/wp\/v2\/users\/11"}],"replies":[{"embeddable":true,"href":"http:\/\/www.24baires.com\/index.php?rest_route=%2Fwp%2Fv2%2Fcomments&post=60646"}],"version-history":[{"count":1,"href":"http:\/\/www.24baires.com\/index.php?rest_route=\/wp\/v2\/posts\/60646\/revisions"}],"predecessor-version":[{"id":60647,"href":"http:\/\/www.24baires.com\/index.php?rest_route=\/wp\/v2\/posts\/60646\/revisions\/60647"}],"wp:attachment":[{"href":"http:\/\/www.24baires.com\/index.php?rest_route=%2Fwp%2Fv2%2Fmedia&parent=60646"}],"wp:term":[{"taxonomy":"category","embeddable":true,"href":"http:\/\/www.24baires.com\/index.php?rest_route=%2Fwp%2Fv2%2Fcategories&post=60646"},{"taxonomy":"post_tag","embeddable":true,"href":"http:\/\/www.24baires.com\/index.php?rest_route=%2Fwp%2Fv2%2Ftags&post=60646"}],"curies":[{"name":"wp","href":"https:\/\/api.w.org\/{rel}","templated":true}]}}