{"id":60640,"date":"2015-01-24T11:45:55","date_gmt":"2015-01-24T14:45:55","guid":{"rendered":"http:\/\/www.24baires.com\/?p=60640"},"modified":"2015-01-24T09:47:37","modified_gmt":"2015-01-24T12:47:37","slug":"stolbizer-dice-que-el-accionar-del-pj-ante-el-caso-nisman-fue-inmoral","status":"publish","type":"post","link":"http:\/\/www.24baires.com\/?p=60640","title":{"rendered":"Stolbizer dice que el accionar del PJ ante el caso Nisman fue \u00abinmoral\u00bb"},"content":{"rendered":"<p><img data-recalc-dims=\"1\" loading=\"lazy\" decoding=\"async\" src=\"https:\/\/i0.wp.com\/www.24baires.com\/wp-content\/uploads\/2014\/08\/Stolbizer2.jpg?resize=560%2C336\" alt=\"Stolbizer2\" width=\"560\" height=\"336\" class=\"aligncenter size-full wp-image-52048\" srcset=\"https:\/\/i0.wp.com\/www.24baires.com\/wp-content\/uploads\/2014\/08\/Stolbizer2.jpg?w=560 560w, https:\/\/i0.wp.com\/www.24baires.com\/wp-content\/uploads\/2014\/08\/Stolbizer2.jpg?resize=300%2C180 300w\" sizes=\"auto, (max-width: 560px) 100vw, 560px\" \/>La diputada del GEN Margarita Stolbizer atribuy\u00f3 hoy a una \u00abnecesidad estrictamente electoral\u00bb la defensa que hizo el justicialismo de la presidenta Cristina Fern\u00e1ndez, tras la muerte del fiscal Alberto Nisman, y advirti\u00f3 que creer que \u00abcon eso pueden tener una ventaja\u00bb en los comicios de este a\u00f1o \u00abhace mucho m\u00e1s inmoral el acto\u00bb partidario.  <!--more--><\/p>\n<p>Stolbizer consider\u00f3 que acusar de \u00abgolpismo\u00bb a medios, fiscales y jueces, como hizo ayer el Conejo Nacional del PJ, \u00abva en l\u00ednea con lo que la Presidenta hab\u00eda manifestado en el delirio de su carta\u00bb de ayer, en la que se manifest\u00f3 convencida de que la muerte de Nisman no fue un suicidio y que su desaparici\u00f3n estar\u00eda orientada a perjudicar al Gobierno.<\/p>\n<p>La titular del GEN afirm\u00f3 que en la primera carta que difundi\u00f3 por las redes sociales, la primera mandataria se \u00abvuelve a poner en el centro de la escena diciendo &#8216;yo, yo, yo&#8217; cuarenta veces y tambi\u00e9n lo hace al d\u00eda siguiente cuando sugiere que, en realidad, le est\u00e1n tirando un muerto a su gobierno\u00bb.<\/p>\n<p>\u00abY otra vez vuelve a estar ella en el medio utilizando lo que han utilizado otras veces que es tratar de instalar la idea de la desestabilizaci\u00f3n, de los factores corporativos y de poder que est\u00e1n en contra del gobierno porque cree que con eso pueden tener una ventaja estrictamente electoral y eso hace mucho m\u00e1s inmoral el acto (partidario de ayer)\u00bb, dispar\u00f3.  <\/p>\n","protected":false},"excerpt":{"rendered":"<p>La diputada del GEN Margarita Stolbizer atribuy\u00f3 hoy a una \u00abnecesidad estrictamente electoral\u00bb la defensa que hizo el justicialismo de la presidenta Cristina Fern\u00e1ndez, tras la muerte del fiscal Alberto Nisman, y advirti\u00f3 que creer que \u00abcon eso pueden tener una ventaja\u00bb en los comicios de este a\u00f1o \u00abhace mucho m\u00e1s inmoral el acto\u00bb partidario.<\/p>\n","protected":false},"author":11,"featured_media":0,"comment_status":"open","ping_status":"open","sticky":false,"template":"","format":"standard","meta":{"_jetpack_newsletter_access":"","_jetpack_dont_email_post_to_subs":false,"_jetpack_newsletter_tier_id":0,"_jetpack_memberships_contains_paywalled_content":false,"_jetpack_memberships_contains_paid_content":false,"footnotes":""},"categories":[51],"tags":[],"class_list":["post-60640","post","type-post","status-publish","format-standard","hentry","category-politica"],"jetpack_shortlink":"https:\/\/wp.me\/p2JWE0-fM4","jetpack-related-posts":[{"id":102494,"url":"http:\/\/www.24baires.com\/?p=102494","url_meta":{"origin":60640,"position":0},"title":"La C\u00e1mara \u00abreflot\u00f3\u00bb la causa Nisman y asegura que se trat\u00f3 de un crimen","author":"AF","date":"01\/06\/2018","format":false,"excerpt":"Confirm\u00f3 que el ex juez Alberto Nisman fue asesinado. Agregaron que el motivo fue su denuncia contra Cristina Kirchner. Adem\u00e1s dejaron firme el procesamiento de Diego Lagomarsino. La C\u00e1mara Federal hizo su aparici\u00f3n en medio de la debacle econ\u00f3mica que enfrenta el gobierno de Mauricio Macri. Entre masivas manifestaciones en\u2026","rel":"","context":"En \u00abJUDICIALES\u00bb","block_context":{"text":"JUDICIALES","link":"http:\/\/www.24baires.com\/?cat=68"},"img":{"alt_text":"","src":"https:\/\/i0.wp.com\/www.24baires.com\/wp-content\/uploads\/2015\/07\/nisman.jpg?resize=350%2C200","width":350,"height":200,"srcset":"https:\/\/i0.wp.com\/www.24baires.com\/wp-content\/uploads\/2015\/07\/nisman.jpg?resize=350%2C200 1x, https:\/\/i0.wp.com\/www.24baires.com\/wp-content\/uploads\/2015\/07\/nisman.jpg?resize=525%2C300 1.5x"},"classes":[]},{"id":118969,"url":"http:\/\/www.24baires.com\/?p=118969","url_meta":{"origin":60640,"position":1},"title":"M\u00e1s de 60 pueblos de la Provincia buscan ser municipios","author":"GB","date":"14\/06\/2022","format":false,"excerpt":"Con la presencia de su presidente Patricio Pro, su vicepresidenta Adriana Tapia y representantes de los movimientos de Quequ\u00e9n, Barker y sus Villas, Chillar, Sierra de los Padres y Bat\u00e1n, la Asociaci\u00f3n para el reconocimiento de Nuevos Municipios de la Provincia de Buenos Aires particip\u00f3 del Foro GEN de Pol\u00edticas\u2026","rel":"","context":"En \u00abMunicipios\u00bb","block_context":{"text":"Municipios","link":"http:\/\/www.24baires.com\/?cat=44"},"img":{"alt_text":"","src":"https:\/\/i0.wp.com\/www.24baires.com\/wp-content\/uploads\/2022\/06\/IMG-20220614-WA0000.jpg?resize=350%2C200","width":350,"height":200,"srcset":"https:\/\/i0.wp.com\/www.24baires.com\/wp-content\/uploads\/2022\/06\/IMG-20220614-WA0000.jpg?resize=350%2C200 1x, https:\/\/i0.wp.com\/www.24baires.com\/wp-content\/uploads\/2022\/06\/IMG-20220614-WA0000.jpg?resize=525%2C300 1.5x, https:\/\/i0.wp.com\/www.24baires.com\/wp-content\/uploads\/2022\/06\/IMG-20220614-WA0000.jpg?resize=700%2C400 2x, https:\/\/i0.wp.com\/www.24baires.com\/wp-content\/uploads\/2022\/06\/IMG-20220614-WA0000.jpg?resize=1050%2C600 3x"},"classes":[]},{"id":106628,"url":"http:\/\/www.24baires.com\/?p=106628","url_meta":{"origin":60640,"position":2},"title":"La AMIA busca retirarse de la querella contra Cristina por el Memor\u00e1ndum con Ir\u00e1n","author":"AF","date":"31\/01\/2019","format":false,"excerpt":"Fue un pedido a la DAIA en la causa que se origin\u00f3 con la denuncia del fiscal Alberto Nisman y busca \u201cempezar a tomar distancia de una causa que est\u00e1 en el centro de la famosa grieta\u201d. La Asociaci\u00f3n Mutual Israelita Argentina (AMIA) le reclam\u00f3 a la Delegaci\u00f3n de Asociaciones\u2026","rel":"","context":"En \u00abJUDICIALES\u00bb","block_context":{"text":"JUDICIALES","link":"http:\/\/www.24baires.com\/?cat=68"},"img":{"alt_text":"","src":"https:\/\/i0.wp.com\/www.24baires.com\/wp-content\/uploads\/2015\/04\/amia.jpg?resize=350%2C200","width":350,"height":200,"srcset":"https:\/\/i0.wp.com\/www.24baires.com\/wp-content\/uploads\/2015\/04\/amia.jpg?resize=350%2C200 1x, https:\/\/i0.wp.com\/www.24baires.com\/wp-content\/uploads\/2015\/04\/amia.jpg?resize=525%2C300 1.5x"},"classes":[]},{"id":102717,"url":"http:\/\/www.24baires.com\/?p=102717","url_meta":{"origin":60640,"position":3},"title":"Stolbizer: \u00abLa gesti\u00f3n de Vidal es tan mala como la de Scioli\u00bb","author":"GB","date":"13\/06\/2018","format":false,"excerpt":"La l\u00edder del GEN endureci\u00f3 su discurso contra la Gobernadora y afirm\u00f3 que \"no puede mostrar avances\" en educaci\u00f3n, salud y seguridad. Margarita Stolbizer abandon\u00f3 el discurso conciliador con Mar\u00eda Eugenia Vidal y afirm\u00f3 que su gesti\u00f3n \"es tan mala\" como la de su antecesor Daniel Scioli. Durante una visita\u2026","rel":"","context":"En \u00abPol\u00edtica\u00bb","block_context":{"text":"Pol\u00edtica","link":"http:\/\/www.24baires.com\/?cat=51"},"img":{"alt_text":"","src":"https:\/\/i0.wp.com\/www.24baires.com\/wp-content\/uploads\/2016\/08\/vidal-stolbizer.jpg?resize=350%2C200","width":350,"height":200,"srcset":"https:\/\/i0.wp.com\/www.24baires.com\/wp-content\/uploads\/2016\/08\/vidal-stolbizer.jpg?resize=350%2C200 1x, https:\/\/i0.wp.com\/www.24baires.com\/wp-content\/uploads\/2016\/08\/vidal-stolbizer.jpg?resize=525%2C300 1.5x"},"classes":[]},{"id":103517,"url":"http:\/\/www.24baires.com\/?p=103517","url_meta":{"origin":60640,"position":4},"title":"Stolbizer denunciar\u00e1 nuevos casos de aportantes truchos","author":"AF","date":"24\/07\/2018","format":false,"excerpt":"Por primera vez, la dirigente del GEN ir\u00e1 contra su amiga, la gobernadora de la provincia de Buenos Aires, Mar\u00eda Eugenia Vidal, quien est\u00e1 denunciada por corrupci\u00f3n en las campa\u00f1as de Cambiemos de 2015 y 2017. La dirigente Margarita Stolbizer, patrocinada por Silvina Mart\u00ednez, presentar\u00e1 este mi\u00e9rcoles, ante el juzgado\u2026","rel":"","context":"En \u00abPol\u00edtica\u00bb","block_context":{"text":"Pol\u00edtica","link":"http:\/\/www.24baires.com\/?cat=51"},"img":{"alt_text":"","src":"https:\/\/i0.wp.com\/www.24baires.com\/wp-content\/uploads\/2016\/08\/vidal-stolbizer.jpg?resize=350%2C200","width":350,"height":200,"srcset":"https:\/\/i0.wp.com\/www.24baires.com\/wp-content\/uploads\/2016\/08\/vidal-stolbizer.jpg?resize=350%2C200 1x, https:\/\/i0.wp.com\/www.24baires.com\/wp-content\/uploads\/2016\/08\/vidal-stolbizer.jpg?resize=525%2C300 1.5x"},"classes":[]},{"id":106064,"url":"http:\/\/www.24baires.com\/?p=106064","url_meta":{"origin":60640,"position":5},"title":"Arroyo Salgado renunci\u00f3 a ser querrelante en la causa Nisman","author":"AF","date":"21\/12\/2018","format":false,"excerpt":"Lo hizo a trav\u00e9s de un escrito en el que dijo que a\u00fan recibe amenazas y que prefiere \"priorizar la paz y espiritualidad del grupo familiar\". La ex esposa de Alberto Nisman, la jueza Sandra Arroyo Salgado, renunci\u00f3 a la querella en la causa por la muerte del fiscal. Lo\u2026","rel":"","context":"En \u00abJUDICIALES\u00bb","block_context":{"text":"JUDICIALES","link":"http:\/\/www.24baires.com\/?cat=68"},"img":{"alt_text":"","src":"https:\/\/i0.wp.com\/www.24baires.com\/wp-content\/uploads\/2015\/02\/arroyo_salgado_senado-nisman.jpg?resize=350%2C200","width":350,"height":200,"srcset":"https:\/\/i0.wp.com\/www.24baires.com\/wp-content\/uploads\/2015\/02\/arroyo_salgado_senado-nisman.jpg?resize=350%2C200 1x, https:\/\/i0.wp.com\/www.24baires.com\/wp-content\/uploads\/2015\/02\/arroyo_salgado_senado-nisman.jpg?resize=525%2C300 1.5x"},"classes":[]}],"jetpack_sharing_enabled":true,"jetpack_likes_enabled":true,"jetpack_featured_media_url":"","_links":{"self":[{"href":"http:\/\/www.24baires.com\/index.php?rest_route=\/wp\/v2\/posts\/60640","targetHints":{"allow":["GET"]}}],"collection":[{"href":"http:\/\/www.24baires.com\/index.php?rest_route=\/wp\/v2\/posts"}],"about":[{"href":"http:\/\/www.24baires.com\/index.php?rest_route=\/wp\/v2\/types\/post"}],"author":[{"embeddable":true,"href":"http:\/\/www.24baires.com\/index.php?rest_route=\/wp\/v2\/users\/11"}],"replies":[{"embeddable":true,"href":"http:\/\/www.24baires.com\/index.php?rest_route=%2Fwp%2Fv2%2Fcomments&post=60640"}],"version-history":[{"count":1,"href":"http:\/\/www.24baires.com\/index.php?rest_route=\/wp\/v2\/posts\/60640\/revisions"}],"predecessor-version":[{"id":60641,"href":"http:\/\/www.24baires.com\/index.php?rest_route=\/wp\/v2\/posts\/60640\/revisions\/60641"}],"wp:attachment":[{"href":"http:\/\/www.24baires.com\/index.php?rest_route=%2Fwp%2Fv2%2Fmedia&parent=60640"}],"wp:term":[{"taxonomy":"category","embeddable":true,"href":"http:\/\/www.24baires.com\/index.php?rest_route=%2Fwp%2Fv2%2Fcategories&post=60640"},{"taxonomy":"post_tag","embeddable":true,"href":"http:\/\/www.24baires.com\/index.php?rest_route=%2Fwp%2Fv2%2Ftags&post=60640"}],"curies":[{"name":"wp","href":"https:\/\/api.w.org\/{rel}","templated":true}]}}