{"id":60618,"date":"2015-01-23T20:00:25","date_gmt":"2015-01-23T23:00:25","guid":{"rendered":"http:\/\/www.24baires.com\/?p=60618"},"modified":"2015-01-23T18:46:38","modified_gmt":"2015-01-23T21:46:38","slug":"acusan-a-mario-ishii-de-vandalismo","status":"publish","type":"post","link":"http:\/\/www.24baires.com\/?p=60618","title":{"rendered":"Acusan a Mario Ishii de vandalismo"},"content":{"rendered":"<p><img data-recalc-dims=\"1\" loading=\"lazy\" decoding=\"async\" class=\"aligncenter size-full wp-image-60619\" src=\"https:\/\/i0.wp.com\/www.24baires.com\/wp-content\/uploads\/2015\/01\/ishii-carteles.jpg?resize=560%2C315\" alt=\"ishii carteles\" width=\"560\" height=\"315\" srcset=\"https:\/\/i0.wp.com\/www.24baires.com\/wp-content\/uploads\/2015\/01\/ishii-carteles.jpg?w=560 560w, https:\/\/i0.wp.com\/www.24baires.com\/wp-content\/uploads\/2015\/01\/ishii-carteles.jpg?resize=300%2C169 300w\" sizes=\"auto, (max-width: 560px) 100vw, 560px\" \/>Una serie de carteles de obras de rehabilitaci\u00f3n de la Ruta provincial 6 en los distritos de Marcos Paz, General Rodr\u00edguez y Luj\u00e1n aparecieron da\u00f1ados y con pasacalles pegados encima con la leyenda \u00abMario Ishii 2015\u00bb. Fueron divulgados por la prensa del Ministerio de Infraestructura bonaerense, cuyo titular Alejandro Arl\u00eda recorri\u00f3 la zona junto a empresarios.<!--more--><\/p>\n<p>Este viernes, el Ministro de Infraestructura Alejandro Arl\u00eda recorr\u00eda las obras de rehabilitaci\u00f3n de la Ruta provincial N\u00b0 6 en los distritos de Marcos Paz, Luj\u00e1n y General Rodr\u00edguez junto a empresarios de la zona, cuando se encontr\u00f3 con da\u00f1os en todos los carteles colocados a la vera del camino relacionado con esas tareas.<\/p>\n<p>\u00abEn un rato, recorro la Autovia 6. Ultimando detalles para su inauguraci\u00f3n total. 180 Kms de Autovia. Gesti\u00f3n Daniel Scioli\u00bb, anunci\u00f3 Arl\u00eda esta ma\u00f1ana v\u00eda Twitter. Durante la recorrida, public\u00f3 por la misma red social que \u00abla Autovia 6 genera nuevos emprendimientos productivos, como el Parque Industrial II que va a inaugurar Gustavo Arrieta en Ca\u00f1uelas\u00bb.<\/p>\n<p>Personal de prensa del Ministerio de Infraestructura difundi\u00f3 una serie de fotograf\u00edas que muestran los carteles destruidos, algunos en su totalidad, otros con da\u00f1os menores, pero todos con pasacalles encima que dan cuenta de la campa\u00f1a del Senador y exintendente de Jos\u00e9 C. Paz Mario Ishii. La situaci\u00f3n fue calificada como \u00abvandalismo\u00bb sobre \u00abobras de gesti\u00f3n\u00bb del Gobernador Daniel Scioli y atribuida a la agrupaci\u00f3n de Ishii.<\/p>\n<p>&nbsp;<\/p>\n<p>&nbsp;<\/p>\n<p>&nbsp;<\/p>\n<p>&nbsp;<\/p>\n<p>&nbsp;<\/p>\n<p>&nbsp;<\/p>\n<p>&nbsp;<\/p>\n<p>&nbsp;<\/p>\n<p>&nbsp;<\/p>\n<p>&nbsp;<\/p>\n<p>&nbsp;<\/p>\n<p>&nbsp;<\/p>\n<p>&nbsp;<\/p>\n<p>&nbsp;<\/p>\n<p>&nbsp;<\/p>\n<p>&nbsp;<\/p>\n","protected":false},"excerpt":{"rendered":"<p>Una serie de carteles de obras de rehabilitaci\u00f3n de la Ruta provincial 6 en los distritos de Marcos Paz, General Rodr\u00edguez y Luj\u00e1n aparecieron da\u00f1ados y con pasacalles pegados encima con la leyenda \u00abMario Ishii 2015\u00bb. Fueron divulgados por la prensa del Ministerio de Infraestructura bonaerense, cuyo titular Alejandro Arl\u00eda recorri\u00f3 la zona junto a empresarios.<\/p>\n","protected":false},"author":4,"featured_media":0,"comment_status":"open","ping_status":"open","sticky":false,"template":"","format":"standard","meta":{"_jetpack_newsletter_access":"","_jetpack_dont_email_post_to_subs":false,"_jetpack_newsletter_tier_id":0,"_jetpack_memberships_contains_paywalled_content":false,"_jetpack_memberships_contains_paid_content":false,"footnotes":""},"categories":[51],"tags":[],"class_list":["post-60618","post","type-post","status-publish","format-standard","hentry","category-politica"],"jetpack_shortlink":"https:\/\/wp.me\/p2JWE0-fLI","jetpack-related-posts":[{"id":42175,"url":"http:\/\/www.24baires.com\/?p=42175","url_meta":{"origin":60618,"position":0},"title":"Anuncian en Ca\u00f1uelas mejoras en las obras de la Autov\u00eda 6","author":"Grupo Sierra","date":"15\/03\/2014","format":false,"excerpt":"\"Por pedido del Gobernador Scioli y del Ministro Alejandro Arl\u00eda monitoreamos permanentemente estas obras que se convierten hoy en el cuarto anillo de circunvalaci\u00f3n al gran Buenos Aires\" se\u00f1al\u00f3 la administradora general de la Direcci\u00f3n de Vialidad, Patricia Tombesi. Con el objetivo de informar los avances de la obra \"Rehabilitaci\u00f3n\u2026","rel":"","context":"En \u00abLocales\u00bb","block_context":{"text":"Locales","link":"http:\/\/www.24baires.com\/?cat=38"},"img":{"alt_text":"ruta 6","src":"https:\/\/i0.wp.com\/www.24baires.com\/wp-content\/uploads\/2013\/04\/ruta-6.jpg?resize=350%2C200","width":350,"height":200,"srcset":"https:\/\/i0.wp.com\/www.24baires.com\/wp-content\/uploads\/2013\/04\/ruta-6.jpg?resize=350%2C200 1x, https:\/\/i0.wp.com\/www.24baires.com\/wp-content\/uploads\/2013\/04\/ruta-6.jpg?resize=525%2C300 1.5x"},"classes":[]},{"id":258,"url":"http:\/\/www.24baires.com\/?p=258","url_meta":{"origin":60618,"position":1},"title":"Abrir\u00e1n los sobres para la repavimentaci\u00f3n de la Ruta 6 desde La Plata a Campana","author":"Grupo Sierra","date":"24\/09\/2012","format":false,"excerpt":"El gobernador Daniel Scioli encabezar\u00e1 el martes pr\u00f3ximo la apertura de sobres para la licitaci\u00f3n de las obras de la Ruta Provincial 6, el cuarto anillo de circunvalaci\u00f3n del Gran Buenos Aires, que une la ciudad de La Plata con la zona portuaria de Campana-Z\u00e1rate y vincula las rutas nacionales\u2026","rel":"","context":"En \u00abProvincia\u00bb","block_context":{"text":"Provincia","link":"http:\/\/www.24baires.com\/?cat=40"},"img":{"alt_text":"","src":"","width":0,"height":0},"classes":[]},{"id":12162,"url":"http:\/\/www.24baires.com\/?p=12162","url_meta":{"origin":60618,"position":2},"title":"Adjudican obras en la ruta 6 para la reconstrucci\u00f3n de cinco subtramos","author":"AF","date":"14\/01\/2013","format":false,"excerpt":"El gobierno bonaerense adjudic\u00f3 cinco subtramos de la obra \u201cRehabilitaci\u00f3n de la Ruta Provincial n\u00famero 6\u201d, por un monto total de $1.391.892.956,69, inform\u00f3 el Ministerio de Infraestructura bonaerense. Los trabajos incluyen reconstrucci\u00f3n de losas, construcci\u00f3n de segunda calzada y obras complementarias, y comprende los partidos de La Plata, Cnel. Brandsen,\u2026","rel":"","context":"En \u00abProvincia\u00bb","block_context":{"text":"Provincia","link":"http:\/\/www.24baires.com\/?cat=40"},"img":{"alt_text":"","src":"","width":0,"height":0},"classes":[]},{"id":425,"url":"http:\/\/www.24baires.com\/?p=425","url_meta":{"origin":60618,"position":3},"title":"Abrieron los sobres por la Ruta 6 y Scioli anunci\u00f3 el traspaso de la Autopista La Plata-Buenos Aires a la Provincia","author":"Grupo Sierra","date":"25\/09\/2012","format":false,"excerpt":"Daniel Scioli encabez\u00f3 la apertura de sobres para la licitaci\u00f3n de las obras de la Ruta 6, el cuarto anillo de circunvalaci\u00f3n del Gran Buenos Aires, que une La Plata con la zona portuaria de Campana-Z\u00e1rate y vincula las rutas nacionales m\u00e1s transitadas. Tambi\u00e9n ante varios incumplimientos de la concesionaria\u2026","rel":"","context":"En \u00abProvincia\u00bb","block_context":{"text":"Provincia","link":"http:\/\/www.24baires.com\/?cat=40"},"img":{"alt_text":"","src":"","width":0,"height":0},"classes":[]},{"id":46010,"url":"http:\/\/www.24baires.com\/?p=46010","url_meta":{"origin":60618,"position":4},"title":"El ministro Arl\u00eda se reuni\u00f3 con el intendente de Rauch por obras viales","author":"GB","date":"14\/05\/2014","format":false,"excerpt":"El ministro de Infraestructura bonaerense, Alejandro Arl\u00eda, recibi\u00f3 este mi\u00e9rcoles junto a parte de su gabinete al intendente de Rauch, Jorge Mario Ram\u00f3n Ugarte, con el objetivo de llevar adelante un repaso integral a las obras en ejecuci\u00f3n y las previstas en el presupuesto vigente. Seg\u00fan se inform\u00f3 desde esa\u2026","rel":"","context":"En \u00abMunicipios\u00bb","block_context":{"text":"Municipios","link":"http:\/\/www.24baires.com\/?cat=44"},"img":{"alt_text":"arlia y ugarte","src":"https:\/\/i0.wp.com\/www.24baires.com\/wp-content\/uploads\/2014\/05\/arlia-y-ugarte.png?resize=350%2C200","width":350,"height":200},"classes":[]},{"id":60560,"url":"http:\/\/www.24baires.com\/?p=60560","url_meta":{"origin":60618,"position":5},"title":"Avanzan los trabajos en la Ruta Provincial 15, en la entrada a Berisso","author":"Grupo Sierra","date":"22\/01\/2015","format":false,"excerpt":"Se contemplan adem\u00e1s trabajos en las rutas provinciales 11, 36, 1, 14, 53, 210, 205 y 215. En el marco del Plan integral de mantenimiento, conservaci\u00f3n y rehabilitaci\u00f3n de rutas que est\u00e1 ejecutando el gobierno provincial, contin\u00faan las obras de rehabilitaci\u00f3n de calzada en la Ruta 15 en el tramo\u2026","rel":"","context":"En \u00abLocales\u00bb","block_context":{"text":"Locales","link":"http:\/\/www.24baires.com\/?cat=38"},"img":{"alt_text":"ruta 6","src":"https:\/\/i0.wp.com\/www.24baires.com\/wp-content\/uploads\/2013\/04\/ruta-6.jpg?resize=350%2C200","width":350,"height":200,"srcset":"https:\/\/i0.wp.com\/www.24baires.com\/wp-content\/uploads\/2013\/04\/ruta-6.jpg?resize=350%2C200 1x, https:\/\/i0.wp.com\/www.24baires.com\/wp-content\/uploads\/2013\/04\/ruta-6.jpg?resize=525%2C300 1.5x"},"classes":[]}],"jetpack_sharing_enabled":true,"jetpack_likes_enabled":true,"jetpack_featured_media_url":"","_links":{"self":[{"href":"http:\/\/www.24baires.com\/index.php?rest_route=\/wp\/v2\/posts\/60618","targetHints":{"allow":["GET"]}}],"collection":[{"href":"http:\/\/www.24baires.com\/index.php?rest_route=\/wp\/v2\/posts"}],"about":[{"href":"http:\/\/www.24baires.com\/index.php?rest_route=\/wp\/v2\/types\/post"}],"author":[{"embeddable":true,"href":"http:\/\/www.24baires.com\/index.php?rest_route=\/wp\/v2\/users\/4"}],"replies":[{"embeddable":true,"href":"http:\/\/www.24baires.com\/index.php?rest_route=%2Fwp%2Fv2%2Fcomments&post=60618"}],"version-history":[{"count":1,"href":"http:\/\/www.24baires.com\/index.php?rest_route=\/wp\/v2\/posts\/60618\/revisions"}],"predecessor-version":[{"id":60620,"href":"http:\/\/www.24baires.com\/index.php?rest_route=\/wp\/v2\/posts\/60618\/revisions\/60620"}],"wp:attachment":[{"href":"http:\/\/www.24baires.com\/index.php?rest_route=%2Fwp%2Fv2%2Fmedia&parent=60618"}],"wp:term":[{"taxonomy":"category","embeddable":true,"href":"http:\/\/www.24baires.com\/index.php?rest_route=%2Fwp%2Fv2%2Fcategories&post=60618"},{"taxonomy":"post_tag","embeddable":true,"href":"http:\/\/www.24baires.com\/index.php?rest_route=%2Fwp%2Fv2%2Ftags&post=60618"}],"curies":[{"name":"wp","href":"https:\/\/api.w.org\/{rel}","templated":true}]}}