{"id":60595,"date":"2015-01-23T12:30:04","date_gmt":"2015-01-23T15:30:04","guid":{"rendered":"http:\/\/www.24baires.com\/?p=60595"},"modified":"2015-01-23T12:29:37","modified_gmt":"2015-01-23T15:29:37","slug":"kunkel-califico-a-massa-de-cachivache","status":"publish","type":"post","link":"http:\/\/www.24baires.com\/?p=60595","title":{"rendered":"Kunkel calific\u00f3 a Massa de \u00abcachivache\u00bb"},"content":{"rendered":"<p><img data-recalc-dims=\"1\" loading=\"lazy\" decoding=\"async\" class=\"alignleft size-full wp-image-33235\" src=\"https:\/\/i0.wp.com\/www.24baires.com\/wp-content\/uploads\/2013\/10\/kunkel.jpg?resize=320%2C200\" alt=\"kunkel\" width=\"320\" height=\"200\" srcset=\"https:\/\/i0.wp.com\/www.24baires.com\/wp-content\/uploads\/2013\/10\/kunkel.jpg?w=320 320w, https:\/\/i0.wp.com\/www.24baires.com\/wp-content\/uploads\/2013\/10\/kunkel.jpg?resize=300%2C187 300w\" sizes=\"auto, (max-width: 320px) 100vw, 320px\" \/>El diputado nacional kirchnerista Carlos Kunkel cruz\u00f3 hoy con dureza al candidato presidencial y l\u00edder del Frente Renovador, Sergio Massa, a quien consider\u00f3 como \u201cun cachivache\u201d por presentarse como querellante en la causa que investiga la muerte del fiscal federal Alberto Nisman.<!--more--><\/p>\n<p>Kunkel calific\u00f3 como \u201cpoco serio\u201d el intento judicial de Massa, y se\u00f1al\u00f3 que \u201cno le corresponde, pero es un cachivache y est\u00e1 preocupado porque pas\u00f3 a ser la opci\u00f3n B del c\u00edrculo rojo\u201d.<\/p>\n<p>\u201cAhora es el muleto por si se les cae Macri a \u00faltimo momento\u201d, sostuvo Kunkel sobre Massa, de quien dijo que \u201cno sabe c\u00f3mo proceder porque est\u00e1 lejos de Malena (su esposa) que es la que le da letra\u201d.<\/p>\n<p>Sobre la muerte del fiscal, el legislador ultrakirchnerista indic\u00f3 que \u201cen el conjunto de la sociedad argentina existe una preocupaci\u00f3n y en la dirigencia pol\u00edtica una profunda pena y una consternaci\u00f3n. Consternaci\u00f3n por la muerte del doctor Nisman, y pena por la verg\u00fcenza que nos da la actitud que han tenido dirigentes amontonados en la puerta del departamento del fiscal para hacer declaraciones y siendo poco serios, haciendo un aprovechamiento para las campa\u00f1as electorales\u201d.<\/p>\n<p>&nbsp;<\/p>\n<p>&nbsp;<\/p>\n<p>&nbsp;<\/p>\n<p>&nbsp;<\/p>\n<p>&nbsp;<\/p>\n<p>&nbsp;<\/p>\n<p>&nbsp;<\/p>\n<p>&nbsp;<\/p>\n<p>&nbsp;<\/p>\n<p>&nbsp;<\/p>\n<p>&nbsp;<\/p>\n<p>&nbsp;<\/p>\n<p>&nbsp;<\/p>\n<p>&nbsp;<\/p>\n","protected":false},"excerpt":{"rendered":"<p>El diputado nacional kirchnerista Carlos Kunkel cruz\u00f3 hoy con dureza al candidato presidencial y l\u00edder del Frente Renovador, Sergio Massa, a quien consider\u00f3 como \u201cun cachivache\u201d por presentarse como querellante en la causa que investiga la muerte del fiscal federal Alberto Nisman.<\/p>\n","protected":false},"author":8,"featured_media":0,"comment_status":"open","ping_status":"open","sticky":false,"template":"","format":"standard","meta":{"_jetpack_newsletter_access":"","_jetpack_dont_email_post_to_subs":false,"_jetpack_newsletter_tier_id":0,"_jetpack_memberships_contains_paywalled_content":false,"_jetpack_memberships_contains_paid_content":false,"footnotes":""},"categories":[51],"tags":[],"class_list":["post-60595","post","type-post","status-publish","format-standard","hentry","category-politica"],"jetpack_shortlink":"https:\/\/wp.me\/p2JWE0-fLl","jetpack-related-posts":[{"id":41920,"url":"http:\/\/www.24baires.com\/?p=41920","url_meta":{"origin":60595,"position":0},"title":"Kunkel liquid\u00f3 a Massa: \u00abEs un analfabeto jur\u00eddico\u00bb","author":"Grupo Sierra","date":"11\/03\/2014","format":false,"excerpt":"El Diputado Nacional por el kirchnerismo carg\u00f3 contra su par del Frente Renovador a ra\u00edz de las posiciones tomadas a partir del anteproyecto de reforma del C\u00f3digo Penal. \"Est\u00e1 planteando una reforma en la Constituci\u00f3n al llamar a una consulta popular en cuestiones penales que la Constituci\u00f3n actual lo proh\u00edbe\",\u2026","rel":"","context":"En \u00abPol\u00edtica\u00bb","block_context":{"text":"Pol\u00edtica","link":"http:\/\/www.24baires.com\/?cat=51"},"img":{"alt_text":"kunkel_columna","src":"https:\/\/i0.wp.com\/www.24baires.com\/wp-content\/uploads\/2014\/02\/kunkel_columna.jpg?resize=350%2C200","width":350,"height":200,"srcset":"https:\/\/i0.wp.com\/www.24baires.com\/wp-content\/uploads\/2014\/02\/kunkel_columna.jpg?resize=350%2C200 1x, https:\/\/i0.wp.com\/www.24baires.com\/wp-content\/uploads\/2014\/02\/kunkel_columna.jpg?resize=525%2C300 1.5x"},"classes":[]},{"id":30210,"url":"http:\/\/www.24baires.com\/?p=30210","url_meta":{"origin":60595,"position":1},"title":"Kunkel catalog\u00f3 a Massa como \u00abvocero de la oligarqu\u00eda\u00bb","author":"GB","date":"15\/08\/2013","format":false,"excerpt":"El diputado nacional del FpV critic\u00f3 al l\u00edder del Frente Renovador, Sergio Massa. Adem\u00e1s, se refiri\u00f3 a los resultados de las PASO, y se\u00f1al\u00f3 que el oficialismo \"seguramente no ha llevado con suficiente profundidad las medidas para mejorar las condiciones de vida de los ciudadanos\". El diputado nacional por el\u2026","rel":"","context":"En \u00abPol\u00edtica\u00bb","block_context":{"text":"Pol\u00edtica","link":"http:\/\/www.24baires.com\/?cat=51"},"img":{"alt_text":"","src":"","width":0,"height":0},"classes":[]},{"id":27353,"url":"http:\/\/www.24baires.com\/?p=27353","url_meta":{"origin":60595,"position":2},"title":"\u00abLa lista de Massa la armaron las corporaciones\u00bb afirm\u00f3 Kunkel","author":"Grupo Sierra","date":"01\/07\/2013","format":false,"excerpt":"El diputado nacional por el Frente para la Victoria consider\u00f3 que la lista que encabeza el intendente de Tigre, Sergio Massa pretende un pa\u00eds \"dependiente\". En ese marco critic\u00f3 a los integrantes de la n\u00f3mina, y calific\u00f3 su incorporaci\u00f3n como \"apoyo log\u00edstico a las corporaciones medi\u00e1ticas\". El diputado nacional y\u2026","rel":"","context":"En \u00abPol\u00edtica\u00bb","block_context":{"text":"Pol\u00edtica","link":"http:\/\/www.24baires.com\/?cat=51"},"img":{"alt_text":"","src":"","width":0,"height":0},"classes":[]},{"id":55727,"url":"http:\/\/www.24baires.com\/?p=55727","url_meta":{"origin":60595,"position":3},"title":"Aldo Rico y De La Torre, de golpistas a massistas","author":"Grupo Sierra","date":"20\/10\/2014","format":false,"excerpt":"El diputado nacional Carlos Kunkel carg\u00f3 contra ambos dirigentes por impulsar intentos de \u201cdesestabilizaci\u00f3n de la democracia\u201d y sentenci\u00f3: \u201cNo pueden decir lo que quieren hacer, sino nadie los va a votar\u201d. El legislador nacional Carlos Kunkel record\u00f3 a Antonio Cafiero y compar\u00f3 su actitud con la de los referentes\u2026","rel":"","context":"En \u00abPol\u00edtica\u00bb","block_context":{"text":"Pol\u00edtica","link":"http:\/\/www.24baires.com\/?cat=51"},"img":{"alt_text":"","src":"https:\/\/i0.wp.com\/www.24baires.com\/wp-content\/uploads\/2014\/10\/Joaqu%C3%ADn-de-la-Torre-massa.jpg?resize=350%2C200","width":350,"height":200,"srcset":"https:\/\/i0.wp.com\/www.24baires.com\/wp-content\/uploads\/2014\/10\/Joaqu%C3%ADn-de-la-Torre-massa.jpg?resize=350%2C200 1x, https:\/\/i0.wp.com\/www.24baires.com\/wp-content\/uploads\/2014\/10\/Joaqu%C3%ADn-de-la-Torre-massa.jpg?resize=525%2C300 1.5x"},"classes":[]},{"id":43765,"url":"http:\/\/www.24baires.com\/?p=43765","url_meta":{"origin":60595,"position":4},"title":"Kunkel contra el proyecto sciolista de bajar las retenciones","author":"Grupo Sierra","date":"12\/04\/2014","format":false,"excerpt":"El diputado nacional Carlos Kunkel calific\u00f3 de \u201cirresponsables\u201d declaraciones como las del Ministro de Asuntos Agrarios bonaerense, Alejandro Rodr\u00edguez, que analiz\u00f3 ayer la posibilidad de bajar retenciones \u201cde manera segmentada\u201d. \u201cNo creo que Scioli impulse pol\u00edticas que impliquen hambrear a millones de argentinos\u201d, retruc\u00f3 Kunkel. \u00a0 Kunkel sostuvo que se\u2026","rel":"","context":"En \u00abPol\u00edtica\u00bb","block_context":{"text":"Pol\u00edtica","link":"http:\/\/www.24baires.com\/?cat=51"},"img":{"alt_text":"kunkel","src":"https:\/\/i0.wp.com\/www.24baires.com\/wp-content\/uploads\/2013\/10\/kunkel.jpg?resize=350%2C200","width":350,"height":200},"classes":[]},{"id":13691,"url":"http:\/\/www.24baires.com\/?p=13691","url_meta":{"origin":60595,"position":5},"title":"Kunkel se enoj\u00f3 tambi\u00e9n con Scioli por la coparticipaci\u00f3n","author":"Grupo Sierra","date":"27\/01\/2013","format":false,"excerpt":"El diputado nacional por la provincia de Buenos Aires Carlos Kunkel expres\u00f3 esta ma\u00f1ana que \"el equipo del gobernador Scioli estuvo cuatro a\u00f1os y medio al frente del Senado y nunca impuls\u00f3 el debate de la coparticipaci\u00f3n\", y asegur\u00f3 que \"ellos saben bien que la C\u00e1mara de inicio para el\u2026","rel":"","context":"En \u00abPol\u00edtica\u00bb","block_context":{"text":"Pol\u00edtica","link":"http:\/\/www.24baires.com\/?cat=51"},"img":{"alt_text":"","src":"","width":0,"height":0},"classes":[]}],"jetpack_sharing_enabled":true,"jetpack_likes_enabled":true,"jetpack_featured_media_url":"","_links":{"self":[{"href":"http:\/\/www.24baires.com\/index.php?rest_route=\/wp\/v2\/posts\/60595","targetHints":{"allow":["GET"]}}],"collection":[{"href":"http:\/\/www.24baires.com\/index.php?rest_route=\/wp\/v2\/posts"}],"about":[{"href":"http:\/\/www.24baires.com\/index.php?rest_route=\/wp\/v2\/types\/post"}],"author":[{"embeddable":true,"href":"http:\/\/www.24baires.com\/index.php?rest_route=\/wp\/v2\/users\/8"}],"replies":[{"embeddable":true,"href":"http:\/\/www.24baires.com\/index.php?rest_route=%2Fwp%2Fv2%2Fcomments&post=60595"}],"version-history":[{"count":1,"href":"http:\/\/www.24baires.com\/index.php?rest_route=\/wp\/v2\/posts\/60595\/revisions"}],"predecessor-version":[{"id":60596,"href":"http:\/\/www.24baires.com\/index.php?rest_route=\/wp\/v2\/posts\/60595\/revisions\/60596"}],"wp:attachment":[{"href":"http:\/\/www.24baires.com\/index.php?rest_route=%2Fwp%2Fv2%2Fmedia&parent=60595"}],"wp:term":[{"taxonomy":"category","embeddable":true,"href":"http:\/\/www.24baires.com\/index.php?rest_route=%2Fwp%2Fv2%2Fcategories&post=60595"},{"taxonomy":"post_tag","embeddable":true,"href":"http:\/\/www.24baires.com\/index.php?rest_route=%2Fwp%2Fv2%2Ftags&post=60595"}],"curies":[{"name":"wp","href":"https:\/\/api.w.org\/{rel}","templated":true}]}}