{"id":60586,"date":"2015-01-23T11:07:53","date_gmt":"2015-01-23T14:07:53","guid":{"rendered":"http:\/\/www.24baires.com\/?p=60586"},"modified":"2015-01-23T11:07:53","modified_gmt":"2015-01-23T14:07:53","slug":"scioli-se-muestra-otra-vez-con-su-par-de-mendoza-en-mar-del-plata","status":"publish","type":"post","link":"http:\/\/www.24baires.com\/?p=60586","title":{"rendered":"Scioli se muestra otra vez con su par de Mendoza en Mar del Plata"},"content":{"rendered":"<p><img data-recalc-dims=\"1\" loading=\"lazy\" decoding=\"async\" class=\"aligncenter size-full wp-image-60587\" src=\"https:\/\/i0.wp.com\/www.24baires.com\/wp-content\/uploads\/2015\/01\/scioli-gob-mendoza.jpg?resize=560%2C319\" alt=\"scioli gob mendoza\" width=\"560\" height=\"319\" srcset=\"https:\/\/i0.wp.com\/www.24baires.com\/wp-content\/uploads\/2015\/01\/scioli-gob-mendoza.jpg?w=560 560w, https:\/\/i0.wp.com\/www.24baires.com\/wp-content\/uploads\/2015\/01\/scioli-gob-mendoza.jpg?resize=300%2C171 300w\" sizes=\"auto, (max-width: 560px) 100vw, 560px\" \/>El Gobernador bonaerense presentar\u00e1 la Fiesta de la Vendimia en el Museo MAR, de Mar del Plata. M\u00faltiples actividades y otra jornada junto al Mandatario mendocino, Francisco P\u00e9rez.<!--more--><\/p>\n<p>Este viernes, a partir de las 11.00, el Gobernador de la provincia presentar\u00e1 la Fiesta Nacional de la Vendimia 2015 en Mar del Plata, junto a su par de Mendoza, Francisco P\u00e9rez, para promover el turismo y el intercambio entre las dos jurisdicciones. Ayer compartieron cartel en la reuni\u00f3n del PJ nacional y ahora volver\u00e1n a mostrarse juntos, en a\u00f1o electoral.<\/p>\n<p>All\u00ed estar\u00e1n 50 artistas mendocinos, en el Museo MAR.<\/p>\n<p>Y, a las 18.30, presentar\u00e1 a la reina y virreina en el escenario del DiverMar.<\/p>\n<p>&nbsp;<\/p>\n<p>&nbsp;<\/p>\n<p>&nbsp;<\/p>\n<p>&nbsp;<\/p>\n<p>&nbsp;<\/p>\n<p>&nbsp;<\/p>\n<p>&nbsp;<\/p>\n<p>&nbsp;<\/p>\n<p>&nbsp;<\/p>\n","protected":false},"excerpt":{"rendered":"<p>El Gobernador bonaerense presentar\u00e1 la Fiesta de la Vendimia en el Museo MAR, de Mar del Plata. M\u00faltiples actividades y otra jornada junto al Mandatario mendocino, Francisco P\u00e9rez.<\/p>\n","protected":false},"author":8,"featured_media":0,"comment_status":"open","ping_status":"open","sticky":false,"template":"","format":"standard","meta":{"_jetpack_newsletter_access":"","_jetpack_dont_email_post_to_subs":false,"_jetpack_newsletter_tier_id":0,"_jetpack_memberships_contains_paywalled_content":false,"_jetpack_memberships_contains_paid_content":false,"footnotes":""},"categories":[51],"tags":[],"class_list":["post-60586","post","type-post","status-publish","format-standard","hentry","category-politica"],"jetpack_shortlink":"https:\/\/wp.me\/p2JWE0-fLc","jetpack-related-posts":[{"id":17484,"url":"http:\/\/www.24baires.com\/?p=17484","url_meta":{"origin":60586,"position":0},"title":"Scioli fue la figura de un \u00abalmuerzo solidario\u00bb que organizaron Vila y Manzano","author":"Grupo Sierra","date":"04\/03\/2013","format":false,"excerpt":"MENDOZA.- El dato m\u00e1s atractivo de la Vendimia 2013 lleg\u00f3 sobre el final del mitin pol\u00edtico empresarial: el gobernador Daniel Scioli y el intendente de Tigre, Sergio Massa, compartieron el almuerzo que organiz\u00f3 ayer al mediod\u00eda el empresario de medios Daniel Vila y su socio el ex ministro menemista Jos\u00e9\u2026","rel":"","context":"En \u00abPol\u00edtica\u00bb","block_context":{"text":"Pol\u00edtica","link":"http:\/\/www.24baires.com\/?cat=51"},"img":{"alt_text":"","src":"","width":0,"height":0},"classes":[]},{"id":29850,"url":"http:\/\/www.24baires.com\/?p=29850","url_meta":{"origin":60586,"position":1},"title":"Salen a la venta 50 mil nuevas entradas para el recital del Indio Solari","author":"GB","date":"09\/08\/2013","format":false,"excerpt":"El gobernador de Mendoza, Francisco P\u00e9rez, anunci\u00f3 que el recital del Indio cambi\u00f3 otra vez de sede y se realizar\u00e1 el 14 de septiembre en el Aut\u00f3dromo del departamento de San Mart\u00edn, a 50 kil\u00f3metros de la capital provincial. El recital de que Carlos \"El Indio\" Solari cambi\u00f3 nuevamente de\u2026","rel":"","context":"En \u00abEspectaculos\u00bb","block_context":{"text":"Espectaculos","link":"http:\/\/www.24baires.com\/?cat=41"},"img":{"alt_text":"","src":"https:\/\/i0.wp.com\/www.24baires.com\/wp-content\/uploads\/2013\/08\/Indio-Solari.jpg?resize=350%2C200","width":350,"height":200,"srcset":"https:\/\/i0.wp.com\/www.24baires.com\/wp-content\/uploads\/2013\/08\/Indio-Solari.jpg?resize=350%2C200 1x, https:\/\/i0.wp.com\/www.24baires.com\/wp-content\/uploads\/2013\/08\/Indio-Solari.jpg?resize=525%2C300 1.5x"},"classes":[]},{"id":86364,"url":"http:\/\/www.24baires.com\/?p=86364","url_meta":{"origin":60586,"position":2},"title":"Macri fue recibido con globos negros en Mendoza","author":"GB","date":"17\/08\/2016","format":false,"excerpt":"El Presidente se encuentra en la provincia para conmemorar al General San Mart\u00edn y dispuso un operativo especial tras los incidentes en Mar del Plata. El presidente Mauricio Macri visita Mendoza para encabezar un homenaje al general San Mart\u00edn y, una vez m\u00e1s, un grupo de manifestantes se acerc\u00f3 hasta\u2026","rel":"","context":"En \u00abPol\u00edtica\u00bb","block_context":{"text":"Pol\u00edtica","link":"http:\/\/www.24baires.com\/?cat=51"},"img":{"alt_text":"","src":"https:\/\/i0.wp.com\/www.24baires.com\/wp-content\/uploads\/2016\/08\/globosnegros.jpg?resize=350%2C200","width":350,"height":200,"srcset":"https:\/\/i0.wp.com\/www.24baires.com\/wp-content\/uploads\/2016\/08\/globosnegros.jpg?resize=350%2C200 1x, https:\/\/i0.wp.com\/www.24baires.com\/wp-content\/uploads\/2016\/08\/globosnegros.jpg?resize=525%2C300 1.5x"},"classes":[]},{"id":32270,"url":"http:\/\/www.24baires.com\/?p=32270","url_meta":{"origin":60586,"position":3},"title":"Binner y Cobos recorrer\u00e1n la Provincia con el objeto de \u00abapuntalar\u00bb a Stolbizer","author":"Grupo Sierra","date":"22\/09\/2013","format":false,"excerpt":"Hermes Binner y Julio Cobos intensificar\u00e1n su presencia en suelo bonaerense en lo que resta de la campa\u00f1a, con el objetivo de apuntalar la candidatura de Margarita Stolbizer a la C\u00e1mara de Diputados y mostrar al Frente Progresista C\u00edvico y Social (FPCyS) como parte de un armado nacional de cara\u2026","rel":"","context":"En \u00abPol\u00edtica\u00bb","block_context":{"text":"Pol\u00edtica","link":"http:\/\/www.24baires.com\/?cat=51"},"img":{"alt_text":"","src":"","width":0,"height":0},"classes":[]},{"id":36988,"url":"http:\/\/www.24baires.com\/?p=36988","url_meta":{"origin":60586,"position":4},"title":"Scioli y De la Sota, juntos","author":"Grupo Sierra","date":"17\/12\/2013","format":false,"excerpt":"El gobernador Daniel Scioli se reunir\u00e1 este martes en La Plata con su par de C\u00f3rdoba, Jos\u00e9 Manuel de la Sota, en un encuentro que genera diversas especulaciones pol\u00edticas y que, en lo formal, implicar\u00e1 la firma de un acuerdo de reciprocidad tur\u00edstica entre ambas jurisdicciones. El encuentro se producir\u00e1\u2026","rel":"","context":"En \u00abPol\u00edtica\u00bb","block_context":{"text":"Pol\u00edtica","link":"http:\/\/www.24baires.com\/?cat=51"},"img":{"alt_text":"","src":"https:\/\/i0.wp.com\/www.24baires.com\/wp-content\/uploads\/2013\/12\/scioli-de-la-sota.jpg?resize=350%2C200","width":350,"height":200,"srcset":"https:\/\/i0.wp.com\/www.24baires.com\/wp-content\/uploads\/2013\/12\/scioli-de-la-sota.jpg?resize=350%2C200 1x, https:\/\/i0.wp.com\/www.24baires.com\/wp-content\/uploads\/2013\/12\/scioli-de-la-sota.jpg?resize=525%2C300 1.5x"},"classes":[]},{"id":69662,"url":"http:\/\/www.24baires.com\/?p=69662","url_meta":{"origin":60586,"position":5},"title":"Scioli destac\u00f3 la \u00abagenda de integraci\u00f3n\u00bb del Frente para la Victoria","author":"AF","date":"28\/07\/2015","format":false,"excerpt":"El candidato a presidente por el Frente para la Victoria, Daniel Scioli, junto al candidato a vicepresidente, Carlos Zannini, encabez\u00f3 el acto de cierre del encuentro regional de candidatos al Parlasur. El candidato presidencial del Frente para la Victoria, Daniel Scioli, cerr\u00f3 en la capital provincial el encuentro de Parlamentarios\u2026","rel":"","context":"En \u00abPol\u00edtica\u00bb","block_context":{"text":"Pol\u00edtica","link":"http:\/\/www.24baires.com\/?cat=51"},"img":{"alt_text":"","src":"https:\/\/i0.wp.com\/www.24baires.com\/wp-content\/uploads\/2015\/07\/scioli-en-mendoza.jpg?resize=350%2C200","width":350,"height":200,"srcset":"https:\/\/i0.wp.com\/www.24baires.com\/wp-content\/uploads\/2015\/07\/scioli-en-mendoza.jpg?resize=350%2C200 1x, https:\/\/i0.wp.com\/www.24baires.com\/wp-content\/uploads\/2015\/07\/scioli-en-mendoza.jpg?resize=525%2C300 1.5x"},"classes":[]}],"jetpack_sharing_enabled":true,"jetpack_likes_enabled":true,"jetpack_featured_media_url":"","_links":{"self":[{"href":"http:\/\/www.24baires.com\/index.php?rest_route=\/wp\/v2\/posts\/60586","targetHints":{"allow":["GET"]}}],"collection":[{"href":"http:\/\/www.24baires.com\/index.php?rest_route=\/wp\/v2\/posts"}],"about":[{"href":"http:\/\/www.24baires.com\/index.php?rest_route=\/wp\/v2\/types\/post"}],"author":[{"embeddable":true,"href":"http:\/\/www.24baires.com\/index.php?rest_route=\/wp\/v2\/users\/8"}],"replies":[{"embeddable":true,"href":"http:\/\/www.24baires.com\/index.php?rest_route=%2Fwp%2Fv2%2Fcomments&post=60586"}],"version-history":[{"count":1,"href":"http:\/\/www.24baires.com\/index.php?rest_route=\/wp\/v2\/posts\/60586\/revisions"}],"predecessor-version":[{"id":60588,"href":"http:\/\/www.24baires.com\/index.php?rest_route=\/wp\/v2\/posts\/60586\/revisions\/60588"}],"wp:attachment":[{"href":"http:\/\/www.24baires.com\/index.php?rest_route=%2Fwp%2Fv2%2Fmedia&parent=60586"}],"wp:term":[{"taxonomy":"category","embeddable":true,"href":"http:\/\/www.24baires.com\/index.php?rest_route=%2Fwp%2Fv2%2Fcategories&post=60586"},{"taxonomy":"post_tag","embeddable":true,"href":"http:\/\/www.24baires.com\/index.php?rest_route=%2Fwp%2Fv2%2Ftags&post=60586"}],"curies":[{"name":"wp","href":"https:\/\/api.w.org\/{rel}","templated":true}]}}