{"id":60582,"date":"2015-01-23T10:30:37","date_gmt":"2015-01-23T13:30:37","guid":{"rendered":"http:\/\/www.24baires.com\/?p=60582"},"modified":"2015-01-23T10:12:38","modified_gmt":"2015-01-23T13:12:38","slug":"capitanich-ningun-agente-de-inteligencia-puede-condicionar-la-accion-de-un-gobierno","status":"publish","type":"post","link":"http:\/\/www.24baires.com\/?p=60582","title":{"rendered":"Capitanich: \u201cNing\u00fan agente de inteligencia puede condicionar la acci\u00f3n de un gobierno\u00bb"},"content":{"rendered":"<p><img data-recalc-dims=\"1\" loading=\"lazy\" decoding=\"async\" class=\"aligncenter size-full wp-image-53421\" src=\"https:\/\/i0.wp.com\/www.24baires.com\/wp-content\/uploads\/2014\/09\/capitanich-4.jpg?resize=560%2C313\" alt=\"capitanich 4\" width=\"560\" height=\"313\" srcset=\"https:\/\/i0.wp.com\/www.24baires.com\/wp-content\/uploads\/2014\/09\/capitanich-4.jpg?w=560 560w, https:\/\/i0.wp.com\/www.24baires.com\/wp-content\/uploads\/2014\/09\/capitanich-4.jpg?resize=300%2C167 300w\" sizes=\"auto, (max-width: 560px) 100vw, 560px\" \/>El jefe de Gabinete, Jorge Capitanich, asegur\u00f3 hoy que \u00abning\u00fan agente de Inteligencia puede condicionar el ejercicio de la acci\u00f3n de un gobierno\u00bb que tiene \u00abliderazgo pol\u00edtico, base territorial, organizaci\u00f3n, convicci\u00f3n y capacidad de ejercer su liderazgo\u00bb.<!--more--><\/p>\n<p>\u00abEn un gobierno que tiene liderazgo pol\u00edtico, base territorial, proyecto pol\u00edtico, organizaci\u00f3n y convicci\u00f3n, y capacidad de ejercicio de ese liderazgo, las decisiones se adoptan en virtud de un proyecto pol\u00edtico ejecutando ese mandato de car\u00e1cter popular\u00bb, dijo el funcionario en su habitual conferencia de prensa en Casa de Gobierno al ser consultado sobre si la acci\u00f3n de ex agentes de Inteligencia desplazados pod\u00edan poner en riesgo la gobernabilidad del pa\u00eds.<\/p>\n<p>Sin embargo, Capitanich dej\u00f3 claro que no le cab\u00eda \u00abla menor duda\u00bb que \u00aben Argentina ciertos agentes de Inteligencia han estado perfectamente enancados en una estrategia de divulgaci\u00f3n de datos falsos, con una acci\u00f3n psicol\u00f3gica a trav\u00e9s de medios de comunicaci\u00f3n, con periodistas involucrados\u00bb.<\/p>\n<p>&nbsp;<\/p>\n<p>&nbsp;<\/p>\n<p>&nbsp;<\/p>\n<p>&nbsp;<\/p>\n<p>&nbsp;<\/p>\n<p>&nbsp;<\/p>\n<p>&nbsp;<\/p>\n<p>&nbsp;<\/p>\n<p>&nbsp;<\/p>\n<p>&nbsp;<\/p>\n<p>&nbsp;<\/p>\n","protected":false},"excerpt":{"rendered":"<p>El jefe de Gabinete, Jorge Capitanich, asegur\u00f3 hoy que \u00abning\u00fan agente de Inteligencia puede condicionar el ejercicio de la acci\u00f3n de un gobierno\u00bb que tiene \u00abliderazgo pol\u00edtico, base territorial, organizaci\u00f3n, convicci\u00f3n y capacidad de ejercer su liderazgo\u00bb.<\/p>\n","protected":false},"author":8,"featured_media":0,"comment_status":"open","ping_status":"open","sticky":false,"template":"","format":"standard","meta":{"_jetpack_newsletter_access":"","_jetpack_dont_email_post_to_subs":false,"_jetpack_newsletter_tier_id":0,"_jetpack_memberships_contains_paywalled_content":false,"_jetpack_memberships_contains_paid_content":false,"footnotes":""},"categories":[51],"tags":[],"class_list":["post-60582","post","type-post","status-publish","format-standard","hentry","category-politica"],"jetpack_shortlink":"https:\/\/wp.me\/p2JWE0-fL8","jetpack-related-posts":[{"id":47639,"url":"http:\/\/www.24baires.com\/?p=47639","url_meta":{"origin":60582,"position":0},"title":"Capitanich particip\u00f3 del Congreso del PJ en el Chaco junto a Urribarri","author":"AF","date":"08\/06\/2014","format":false,"excerpt":"El jefe de Gabinete afirm\u00f3 que \"la combinaci\u00f3n para un proyecto de gobierno tiene que ver con liderazgo, base territorial y proyecto pol\u00edtico\", al participar del congreso en la localidad de Puerto Tirol. El Congreso del PJ local se realiz\u00f3 en la localidad chaque\u00f1a de Puerto Tirol, con el prop\u00f3sito\u2026","rel":"","context":"En \u00abPol\u00edtica\u00bb","block_context":{"text":"Pol\u00edtica","link":"http:\/\/www.24baires.com\/?cat=51"},"img":{"alt_text":"","src":"https:\/\/i0.wp.com\/www.24baires.com\/wp-content\/uploads\/2014\/06\/capitanich-chaco.jpg?resize=350%2C200","width":350,"height":200,"srcset":"https:\/\/i0.wp.com\/www.24baires.com\/wp-content\/uploads\/2014\/06\/capitanich-chaco.jpg?resize=350%2C200 1x, https:\/\/i0.wp.com\/www.24baires.com\/wp-content\/uploads\/2014\/06\/capitanich-chaco.jpg?resize=525%2C300 1.5x"},"classes":[]},{"id":116123,"url":"http:\/\/www.24baires.com\/?p=116123","url_meta":{"origin":60582,"position":1},"title":"\u00abLa Argentina central que tiene periferias no se puede tolerar m\u00e1s\u00bb","author":"AF","date":"01\/09\/2020","format":false,"excerpt":"El Presidente encabez\u00f3 la firma de convenios con el gobernador de Chaco, Jorge Capitanich. En ese marco, defendi\u00f3 el acceso a la conectividad y al conocimiento en todo el pa\u00eds. El presidente Alberto Fern\u00e1ndez reafirm\u00f3 que \"la Argentina central, que tiene dos periferias, al norte y a sur del pa\u00eds,\u2026","rel":"","context":"En \u00abPol\u00edtica\u00bb","block_context":{"text":"Pol\u00edtica","link":"http:\/\/www.24baires.com\/?cat=51"},"img":{"alt_text":"","src":"https:\/\/i0.wp.com\/www.24baires.com\/wp-content\/uploads\/2020\/09\/fern%C3%A1ndez-capitanich.jpg?resize=350%2C200","width":350,"height":200,"srcset":"https:\/\/i0.wp.com\/www.24baires.com\/wp-content\/uploads\/2020\/09\/fern%C3%A1ndez-capitanich.jpg?resize=350%2C200 1x, https:\/\/i0.wp.com\/www.24baires.com\/wp-content\/uploads\/2020\/09\/fern%C3%A1ndez-capitanich.jpg?resize=525%2C300 1.5x"},"classes":[]},{"id":53305,"url":"http:\/\/www.24baires.com\/?p=53305","url_meta":{"origin":60582,"position":2},"title":"Capitanich reiter\u00f3 las cr\u00edticas a los gremios aeron\u00e1uticos","author":"AF","date":"09\/09\/2014","format":false,"excerpt":"Jorge Capitanich advirti\u00f3 hoy que la \"transformaci\u00f3n extraordinaria\" que alcanz\u00f3 Aerol\u00edneas Argentinas \"no puede tirarse por la borda por acciones irracionales de car\u00e1cter gremial\" y remarc\u00f3 que las paritarias \"deben ser compatibles con la capacidad efectiva de pago de la compa\u00f1\u00eda\". \"Se est\u00e1 en un proceso de negociaci\u00f3n salarial con\u2026","rel":"","context":"En \u00abPol\u00edtica\u00bb","block_context":{"text":"Pol\u00edtica","link":"http:\/\/www.24baires.com\/?cat=51"},"img":{"alt_text":"capitanich","src":"https:\/\/i0.wp.com\/www.24baires.com\/wp-content\/uploads\/2014\/04\/capitanich.jpg?resize=350%2C200","width":350,"height":200,"srcset":"https:\/\/i0.wp.com\/www.24baires.com\/wp-content\/uploads\/2014\/04\/capitanich.jpg?resize=350%2C200 1x, https:\/\/i0.wp.com\/www.24baires.com\/wp-content\/uploads\/2014\/04\/capitanich.jpg?resize=525%2C300 1.5x"},"classes":[]},{"id":35414,"url":"http:\/\/www.24baires.com\/?p=35414","url_meta":{"origin":60582,"position":3},"title":"Funcionarios elogiaron los cambios de gabinete y festejaron el regreso de Cristina","author":"GB","date":"19\/11\/2013","format":false,"excerpt":"Destacaron el regreso de la Presidenta a sus funciones y entendieron que los cambios en el gabinete ratifican el rumbo y confirman la vocaci\u00f3n del gobierno de \"proteger los intereses nacionales\". Amplio respaldo empresario. Anoche se anunci\u00f3 que el gobernador de Chaco, Jorge Capitanich, asumir\u00e1 la jefatura de Gabinete en\u2026","rel":"","context":"En \u00abPol\u00edtica\u00bb","block_context":{"text":"Pol\u00edtica","link":"http:\/\/www.24baires.com\/?cat=51"},"img":{"alt_text":"cristina3","src":"https:\/\/i0.wp.com\/www.24baires.com\/wp-content\/uploads\/2013\/10\/cristina3.jpg?resize=350%2C200","width":350,"height":200,"srcset":"https:\/\/i0.wp.com\/www.24baires.com\/wp-content\/uploads\/2013\/10\/cristina3.jpg?resize=350%2C200 1x, https:\/\/i0.wp.com\/www.24baires.com\/wp-content\/uploads\/2013\/10\/cristina3.jpg?resize=525%2C300 1.5x"},"classes":[]},{"id":43602,"url":"http:\/\/www.24baires.com\/?p=43602","url_meta":{"origin":60582,"position":4},"title":"Capitanich crtic\u00f3 a quienes hacen piquetes y \u00abatacan al pueblo\u00bb","author":"Grupo Sierra","date":"10\/04\/2014","format":false,"excerpt":"El jefe de Gabinete, Jorge Capitanich, consider\u00f3 hoy que los organizadores del paro nacional que se desarrolla hoy \"pretenden sitiar los grandes centros urbanos\" con \"un gran piquete nacional y un paro de transporte\". \"Esa es una metodolog\u00eda a la vieja usanza del medioevo. En la Edad Media los se\u00f1ores\u2026","rel":"","context":"En \u00abSociedad\u00bb","block_context":{"text":"Sociedad","link":"http:\/\/www.24baires.com\/?cat=1"},"img":{"alt_text":"paro micros","src":"https:\/\/i0.wp.com\/www.24baires.com\/wp-content\/uploads\/2013\/05\/paro-micros-300x199.jpg?resize=350%2C200","width":350,"height":200},"classes":[]},{"id":45587,"url":"http:\/\/www.24baires.com\/?p=45587","url_meta":{"origin":60582,"position":5},"title":"\u00abHay una campa\u00f1a para transferir el problema de la inseguridad a Cristina\u00bb, asegur\u00f3 Capitanich","author":"GB","date":"09\/05\/2014","format":false,"excerpt":"En ese sentido, el jefe de Gabinete consider\u00f3 que el documento que difundir\u00e1 la Conferencia Episcopal \"es una buena oportunidad para brindar un mensaje\" sobre las acciones que lleva adelante el Gobierno en la materia, y mencion\u00f3 los incrementos en n\u00fameros de agentes, equipamiento, tecnolog\u00eda e inteligencia criminal. El jefe\u2026","rel":"","context":"En \u00abLocales\u00bb","block_context":{"text":"Locales","link":"http:\/\/www.24baires.com\/?cat=38"},"img":{"alt_text":"capitanich","src":"https:\/\/i0.wp.com\/www.24baires.com\/wp-content\/uploads\/2014\/04\/capitanich.jpg?resize=350%2C200","width":350,"height":200,"srcset":"https:\/\/i0.wp.com\/www.24baires.com\/wp-content\/uploads\/2014\/04\/capitanich.jpg?resize=350%2C200 1x, https:\/\/i0.wp.com\/www.24baires.com\/wp-content\/uploads\/2014\/04\/capitanich.jpg?resize=525%2C300 1.5x"},"classes":[]}],"jetpack_sharing_enabled":true,"jetpack_likes_enabled":true,"jetpack_featured_media_url":"","_links":{"self":[{"href":"http:\/\/www.24baires.com\/index.php?rest_route=\/wp\/v2\/posts\/60582","targetHints":{"allow":["GET"]}}],"collection":[{"href":"http:\/\/www.24baires.com\/index.php?rest_route=\/wp\/v2\/posts"}],"about":[{"href":"http:\/\/www.24baires.com\/index.php?rest_route=\/wp\/v2\/types\/post"}],"author":[{"embeddable":true,"href":"http:\/\/www.24baires.com\/index.php?rest_route=\/wp\/v2\/users\/8"}],"replies":[{"embeddable":true,"href":"http:\/\/www.24baires.com\/index.php?rest_route=%2Fwp%2Fv2%2Fcomments&post=60582"}],"version-history":[{"count":1,"href":"http:\/\/www.24baires.com\/index.php?rest_route=\/wp\/v2\/posts\/60582\/revisions"}],"predecessor-version":[{"id":60583,"href":"http:\/\/www.24baires.com\/index.php?rest_route=\/wp\/v2\/posts\/60582\/revisions\/60583"}],"wp:attachment":[{"href":"http:\/\/www.24baires.com\/index.php?rest_route=%2Fwp%2Fv2%2Fmedia&parent=60582"}],"wp:term":[{"taxonomy":"category","embeddable":true,"href":"http:\/\/www.24baires.com\/index.php?rest_route=%2Fwp%2Fv2%2Fcategories&post=60582"},{"taxonomy":"post_tag","embeddable":true,"href":"http:\/\/www.24baires.com\/index.php?rest_route=%2Fwp%2Fv2%2Ftags&post=60582"}],"curies":[{"name":"wp","href":"https:\/\/api.w.org\/{rel}","templated":true}]}}