{"id":60579,"date":"2015-01-23T10:05:59","date_gmt":"2015-01-23T13:05:59","guid":{"rendered":"http:\/\/www.24baires.com\/?p=60579"},"modified":"2015-01-24T09:54:52","modified_gmt":"2015-01-24T12:54:52","slug":"cuanto-mas-analizamos-la-denuncia-mas-nos-damos-cuenta-que-no-la-escribio-nisman","status":"publish","type":"post","link":"http:\/\/www.24baires.com\/?p=60579","title":{"rendered":"\u00abCuanto m\u00e1s analizamos la denuncia, m\u00e1s nos damos cuenta de que no la escribi\u00f3 Nisman\u201d"},"content":{"rendered":"<p><img data-recalc-dims=\"1\" loading=\"lazy\" decoding=\"async\" class=\"aligncenter size-full wp-image-60580\" src=\"https:\/\/i0.wp.com\/www.24baires.com\/wp-content\/uploads\/2015\/01\/anibal.jpg?resize=560%2C373\" alt=\"anibal\" width=\"560\" height=\"373\" srcset=\"https:\/\/i0.wp.com\/www.24baires.com\/wp-content\/uploads\/2015\/01\/anibal.jpg?w=560 560w, https:\/\/i0.wp.com\/www.24baires.com\/wp-content\/uploads\/2015\/01\/anibal.jpg?resize=300%2C200 300w\" sizes=\"auto, (max-width: 560px) 100vw, 560px\" \/>El secretario general de la Presidencia inform\u00f3 hoy que en las \u00faltimas horas, junto a un grupo de especialistas, se analiz\u00f3 la denuncia del fallecido fiscal. \u00abNisman no pudo haber escrito esa burrada, plagada de horrores jur\u00eddicos\u00bb.<!--more--><\/p>\n<p>El funcionario volvi\u00f3 hoy a tildar de \u201cendeble\u201d la denuncia presentada por Nisman contra la presidenta Cristina Fern\u00e1ndez de Kirchner y el canciller H\u00e9ctor Timerman en el marco de la causa que investiga el atentado a la AMIA, al tiempo que sostuvo que el funcionario judicial \u201cno est\u00e1 muerto por una causalidad\u201d.<\/p>\n<p>Al hablar con la prensa antes de ingresar esta ma\u00f1ana a la Casa de Gobierno, el funcionario asever\u00f3 que en la denuncia \u201cno hay ning\u00fan asidero\u201d y consider\u00f3 est\u00e1 \u201cplagada de horrores jur\u00eddicos\u201d, por lo que el fiscal Nisman, quien \u201csab\u00eda mucho de derecho, no la pudo haber escrito\u201d.<\/p>\n<p>&nbsp;<\/p>\n<p>&nbsp;<\/p>\n<p>&nbsp;<\/p>\n<p>&nbsp;<\/p>\n<p>&nbsp;<\/p>\n<p>&nbsp;<\/p>\n<p>&nbsp;<\/p>\n<p>&nbsp;<\/p>\n<p>&nbsp;<\/p>\n","protected":false},"excerpt":{"rendered":"<p>El secretario general de la Presidencia inform\u00f3 hoy que en las \u00faltimas horas, junto a un grupo de especialistas, se analiz\u00f3 la denuncia del fallecido fiscal. \u00abNisman no pudo haber escrito esa burrada, plagada de horrores jur\u00eddicos\u00bb.<\/p>\n","protected":false},"author":8,"featured_media":0,"comment_status":"open","ping_status":"open","sticky":false,"template":"","format":"standard","meta":{"_jetpack_newsletter_access":"","_jetpack_dont_email_post_to_subs":false,"_jetpack_newsletter_tier_id":0,"_jetpack_memberships_contains_paywalled_content":false,"_jetpack_memberships_contains_paid_content":false,"footnotes":""},"categories":[51],"tags":[],"class_list":["post-60579","post","type-post","status-publish","format-standard","hentry","category-politica"],"jetpack_shortlink":"https:\/\/wp.me\/p2JWE0-fL5","jetpack-related-posts":[{"id":102494,"url":"http:\/\/www.24baires.com\/?p=102494","url_meta":{"origin":60579,"position":0},"title":"La C\u00e1mara \u00abreflot\u00f3\u00bb la causa Nisman y asegura que se trat\u00f3 de un crimen","author":"AF","date":"01\/06\/2018","format":false,"excerpt":"Confirm\u00f3 que el ex juez Alberto Nisman fue asesinado. Agregaron que el motivo fue su denuncia contra Cristina Kirchner. Adem\u00e1s dejaron firme el procesamiento de Diego Lagomarsino. La C\u00e1mara Federal hizo su aparici\u00f3n en medio de la debacle econ\u00f3mica que enfrenta el gobierno de Mauricio Macri. Entre masivas manifestaciones en\u2026","rel":"","context":"En \u00abJUDICIALES\u00bb","block_context":{"text":"JUDICIALES","link":"http:\/\/www.24baires.com\/?cat=68"},"img":{"alt_text":"","src":"https:\/\/i0.wp.com\/www.24baires.com\/wp-content\/uploads\/2015\/07\/nisman.jpg?resize=350%2C200","width":350,"height":200,"srcset":"https:\/\/i0.wp.com\/www.24baires.com\/wp-content\/uploads\/2015\/07\/nisman.jpg?resize=350%2C200 1x, https:\/\/i0.wp.com\/www.24baires.com\/wp-content\/uploads\/2015\/07\/nisman.jpg?resize=525%2C300 1.5x"},"classes":[]},{"id":103330,"url":"http:\/\/www.24baires.com\/?p=103330","url_meta":{"origin":60579,"position":1},"title":"Timerman asegura que est\u00e1n usando la causa del Memorandum \u00abpara atacar a Cristina\u00bb","author":"AF","date":"13\/07\/2018","format":false,"excerpt":"Adem\u00e1s, el ex canciller se lament\u00f3 porque la \u00fanica causa que avanz\u00f3 es la que se le inici\u00f3 a \u00e9l y ex funcionarios del gobierno kirchnerista. El ex canciller Hector Timerman denunci\u00f3 este viernes que est\u00e1n usando la causa del Memorandum con Ir\u00e1n para atacar a la ex presidenta Cristina\u2026","rel":"","context":"En \u00abPol\u00edtica\u00bb","block_context":{"text":"Pol\u00edtica","link":"http:\/\/www.24baires.com\/?cat=51"},"img":{"alt_text":"","src":"https:\/\/i0.wp.com\/www.24baires.com\/wp-content\/uploads\/2013\/03\/timerman.jpg?resize=350%2C200","width":350,"height":200,"srcset":"https:\/\/i0.wp.com\/www.24baires.com\/wp-content\/uploads\/2013\/03\/timerman.jpg?resize=350%2C200 1x, https:\/\/i0.wp.com\/www.24baires.com\/wp-content\/uploads\/2013\/03\/timerman.jpg?resize=525%2C300 1.5x"},"classes":[]},{"id":117875,"url":"http:\/\/www.24baires.com\/?p=117875","url_meta":{"origin":60579,"position":2},"title":"Cristina consider\u00f3 \u00abdisparate judicial, institucional y pol\u00edtico\u00bb a la causa del memor\u00e1ndum","author":"AF","date":"16\/07\/2021","format":false,"excerpt":"La vicepresidenta expuso durante la audiencia p\u00fablica, que fue escuchada por m\u00e1s de 20 mil personas a trav\u00e9s de YouTube. \"Se hicieron maniobras persecutorias para perjudicarnos a m\u00ed y mi familia\", asegur\u00f3. El Tribunal Oral Federal 8 debe resolver si declara o no la nulidad del proceso. La vicepresidenta Cristina\u2026","rel":"","context":"En \u00abJUDICIALES\u00bb","block_context":{"text":"JUDICIALES","link":"http:\/\/www.24baires.com\/?cat=68"},"img":{"alt_text":"","src":"https:\/\/i0.wp.com\/www.24baires.com\/wp-content\/uploads\/2021\/07\/cfk.jpg?resize=350%2C200","width":350,"height":200,"srcset":"https:\/\/i0.wp.com\/www.24baires.com\/wp-content\/uploads\/2021\/07\/cfk.jpg?resize=350%2C200 1x, https:\/\/i0.wp.com\/www.24baires.com\/wp-content\/uploads\/2021\/07\/cfk.jpg?resize=525%2C300 1.5x"},"classes":[]},{"id":106628,"url":"http:\/\/www.24baires.com\/?p=106628","url_meta":{"origin":60579,"position":3},"title":"La AMIA busca retirarse de la querella contra Cristina por el Memor\u00e1ndum con Ir\u00e1n","author":"AF","date":"31\/01\/2019","format":false,"excerpt":"Fue un pedido a la DAIA en la causa que se origin\u00f3 con la denuncia del fiscal Alberto Nisman y busca \u201cempezar a tomar distancia de una causa que est\u00e1 en el centro de la famosa grieta\u201d. La Asociaci\u00f3n Mutual Israelita Argentina (AMIA) le reclam\u00f3 a la Delegaci\u00f3n de Asociaciones\u2026","rel":"","context":"En \u00abJUDICIALES\u00bb","block_context":{"text":"JUDICIALES","link":"http:\/\/www.24baires.com\/?cat=68"},"img":{"alt_text":"","src":"https:\/\/i0.wp.com\/www.24baires.com\/wp-content\/uploads\/2015\/04\/amia.jpg?resize=350%2C200","width":350,"height":200,"srcset":"https:\/\/i0.wp.com\/www.24baires.com\/wp-content\/uploads\/2015\/04\/amia.jpg?resize=350%2C200 1x, https:\/\/i0.wp.com\/www.24baires.com\/wp-content\/uploads\/2015\/04\/amia.jpg?resize=525%2C300 1.5x"},"classes":[]},{"id":106442,"url":"http:\/\/www.24baires.com\/?p=106442","url_meta":{"origin":60579,"position":4},"title":"Lagomarsino, sobre Nisman: \u00abSigo pensando que se suicid\u00f3\u00bb","author":"AF","date":"18\/01\/2019","format":false,"excerpt":"\"Alberto me traicion\u00f3, me meti\u00f3 en una situaci\u00f3n para nada agradable. Pero a pesar de eso lo perdon\u00e9. Si tuvo que matarse con mi arma, lo perdono, le perdono que me haya metido en este problema\", resalt\u00f3 adem\u00e1s Diego Lagomarsino. Al cumplirse cuatro a\u00f1os de la muerte del fiscal Alberto\u2026","rel":"","context":"En \u00abSociedad\u00bb","block_context":{"text":"Sociedad","link":"http:\/\/www.24baires.com\/?cat=1"},"img":{"alt_text":"","src":"https:\/\/i0.wp.com\/www.24baires.com\/wp-content\/uploads\/2015\/01\/lagomarsino-11.jpg?resize=350%2C200","width":350,"height":200,"srcset":"https:\/\/i0.wp.com\/www.24baires.com\/wp-content\/uploads\/2015\/01\/lagomarsino-11.jpg?resize=350%2C200 1x, https:\/\/i0.wp.com\/www.24baires.com\/wp-content\/uploads\/2015\/01\/lagomarsino-11.jpg?resize=525%2C300 1.5x"},"classes":[]},{"id":108203,"url":"http:\/\/www.24baires.com\/?p=108203","url_meta":{"origin":60579,"position":5},"title":"Un empresario fue amenazado para evitar que declare contra el Gobierno","author":"GB","date":"16\/05\/2019","format":false,"excerpt":"Mart\u00ednez Rojas, ex CEO preso, revel\u00f3 que el Ejecutivo y la AFI intentaron guionarlo para involucrar a Cristina y otros ex funcionarios en diversos delitos a cambio de quedar en libertad. Tambi\u00e9n se supo que el abogado de Stornelli busc\u00f3 extorsionarlo en EEUU. Ahora le advirtieron que si habla ante\u2026","rel":"","context":"En \u00abPol\u00edtica\u00bb","block_context":{"text":"Pol\u00edtica","link":"http:\/\/www.24baires.com\/?cat=51"},"img":{"alt_text":"","src":"https:\/\/i0.wp.com\/www.24baires.com\/wp-content\/uploads\/2019\/05\/empresario-amenazado.jpg?resize=350%2C200","width":350,"height":200,"srcset":"https:\/\/i0.wp.com\/www.24baires.com\/wp-content\/uploads\/2019\/05\/empresario-amenazado.jpg?resize=350%2C200 1x, https:\/\/i0.wp.com\/www.24baires.com\/wp-content\/uploads\/2019\/05\/empresario-amenazado.jpg?resize=525%2C300 1.5x"},"classes":[]}],"jetpack_sharing_enabled":true,"jetpack_likes_enabled":true,"jetpack_featured_media_url":"","_links":{"self":[{"href":"http:\/\/www.24baires.com\/index.php?rest_route=\/wp\/v2\/posts\/60579","targetHints":{"allow":["GET"]}}],"collection":[{"href":"http:\/\/www.24baires.com\/index.php?rest_route=\/wp\/v2\/posts"}],"about":[{"href":"http:\/\/www.24baires.com\/index.php?rest_route=\/wp\/v2\/types\/post"}],"author":[{"embeddable":true,"href":"http:\/\/www.24baires.com\/index.php?rest_route=\/wp\/v2\/users\/8"}],"replies":[{"embeddable":true,"href":"http:\/\/www.24baires.com\/index.php?rest_route=%2Fwp%2Fv2%2Fcomments&post=60579"}],"version-history":[{"count":3,"href":"http:\/\/www.24baires.com\/index.php?rest_route=\/wp\/v2\/posts\/60579\/revisions"}],"predecessor-version":[{"id":60609,"href":"http:\/\/www.24baires.com\/index.php?rest_route=\/wp\/v2\/posts\/60579\/revisions\/60609"}],"wp:attachment":[{"href":"http:\/\/www.24baires.com\/index.php?rest_route=%2Fwp%2Fv2%2Fmedia&parent=60579"}],"wp:term":[{"taxonomy":"category","embeddable":true,"href":"http:\/\/www.24baires.com\/index.php?rest_route=%2Fwp%2Fv2%2Fcategories&post=60579"},{"taxonomy":"post_tag","embeddable":true,"href":"http:\/\/www.24baires.com\/index.php?rest_route=%2Fwp%2Fv2%2Ftags&post=60579"}],"curies":[{"name":"wp","href":"https:\/\/api.w.org\/{rel}","templated":true}]}}