{"id":60557,"date":"2015-01-22T19:16:44","date_gmt":"2015-01-22T22:16:44","guid":{"rendered":"http:\/\/www.24baires.com\/?p=60557"},"modified":"2015-01-23T10:04:29","modified_gmt":"2015-01-23T13:04:29","slug":"bancamos-la-gestion-y-exigimos-el-cese-de-la-calumnia-y-la-injuria","status":"publish","type":"post","link":"http:\/\/www.24baires.com\/?p=60557","title":{"rendered":"\u00abBancamos la gesti\u00f3n y exigimos el cese de la calumnia y la injuria\u00bb"},"content":{"rendered":"<p><img data-recalc-dims=\"1\" loading=\"lazy\" decoding=\"async\" class=\"aligncenter size-full wp-image-60558\" src=\"https:\/\/i0.wp.com\/www.24baires.com\/wp-content\/uploads\/2015\/01\/pj.jpg?resize=560%2C311\" alt=\"pj\" width=\"560\" height=\"311\" srcset=\"https:\/\/i0.wp.com\/www.24baires.com\/wp-content\/uploads\/2015\/01\/pj.jpg?w=560 560w, https:\/\/i0.wp.com\/www.24baires.com\/wp-content\/uploads\/2015\/01\/pj.jpg?resize=300%2C167 300w\" sizes=\"auto, (max-width: 560px) 100vw, 560px\" \/>As\u00ed lo expres\u00f3 el presidente del Consejo Nacional del Partido Justicialista y gobernador de Jujuy, Eduardo Fellner, en el encuentro donde se analiz\u00f3 la muerte del fiscal de la causa AMIA.<!--more--><\/p>\n<p>Adem\u00e1s, manifest\u00f3: \u00abHemos estado debatiendo y conversando esta situaci\u00f3n para presentar una idea en com\u00fan a trav\u00e9s de un documento que tiene cuatro puntos principales\u00bb.<\/p>\n<p>\u00abEl primero tiene que ver con la defensa f\u00e9rrea a la gesti\u00f3n de nuestro Gobierno nacional y particularmente de la investigaci\u00f3n al atentado a la AMIA. En segundo lugar, nuestra posici\u00f3n en cuento a la muerte del fiscal Nisman. En tercer lugar entendemos que est\u00e1n en juego las instituciones de la rep\u00fablica por el manoseo de algunos sectores\u00bb, agreg\u00f3 el titular del Consejo.<\/p>\n<p>Por otra parte, Fellner expres\u00f3: \u00abExigimos el cese del uso de la calumnia y la injuria. El Consejo del PJ apoya enf\u00e1ticamente a nuestra presidenta de la Naci\u00f3n, Cristina Fern\u00e1ndez de Kirchner, frente a los ataques infundados promovidos por grupos medi\u00e1ticos\u00bb.<\/p>\n<p>El apoderado del partido, Jorge Landau, ley\u00f3 del comunicado: \u00abLamentamos la muerte del fiscal Nisman. Pedimos que su muerte se esclarezca de forma inmediata porque esto implicar\u00e1 conocer qui\u00e9n presionaba, extorsionaba o dirig\u00eda al fiscal\u00bb. Adem\u00e1s, habl\u00f3 de \u00abgolpismo judicial\u00bb.<\/p>\n<p>Por su parte, el ministro de Defensa, Agust\u00edn Rossi, se\u00f1al\u00f3: \u00abEl Gobierno no cree en el suicidio\u00bb. En ese sentido, el ministro agreg\u00f3: \u00abEl gobierno no cree en el suicidio. La declaraci\u00f3n de la Presidenta va claramente en este sentido\u00bb.<\/p>\n<p>\u00abAc\u00e1 hay tres escenarios distintos. Una cosa es la causa AMIA, que la Presidenta siempre ha tenido un compromiso para encontrar a los responsables del atentado. La otra causa es la denuncia que antes de fallecer present\u00f3 Nisman y queremos que siga adelante. Esa denuncia no tiene sustentabilidad. Los elementos que present\u00f3 el fiscal no est\u00e1n fehacientemente comprobados\u00bb.<\/p>\n<p>\u00abY la tercera causa es el fallecimiento del doctor Nisman. Nosotros queremos que se sepa la verdad para la democracia de la Argentina y las instituciones. No hacemos conjeturas\u00bb, sostuvo Rossi.<\/p>\n<p>El encuentro se llev\u00f3 a cabo en la sede partidaria de la calle Matheu 130, en la Ciudad de Buenos Aires y fue encabezada por el gobernador de Jujuy, Eduardo Fellner, electo en el \u00faltimo congreso de Parque Norte.<\/p>\n<p>&nbsp;<\/p>\n<p>&nbsp;<\/p>\n<p>&nbsp;<\/p>\n<p>&nbsp;<\/p>\n","protected":false},"excerpt":{"rendered":"<p>As\u00ed lo expres\u00f3 el presidente del Consejo Nacional del Partido Justicialista y gobernador de Jujuy, Eduardo Fellner, en el encuentro donde se analiz\u00f3 la muerte del fiscal de la causa AMIA.<\/p>\n","protected":false},"author":11,"featured_media":0,"comment_status":"open","ping_status":"open","sticky":false,"template":"","format":"standard","meta":{"_jetpack_newsletter_access":"","_jetpack_dont_email_post_to_subs":false,"_jetpack_newsletter_tier_id":0,"_jetpack_memberships_contains_paywalled_content":false,"_jetpack_memberships_contains_paid_content":false,"footnotes":""},"categories":[51],"tags":[],"class_list":["post-60557","post","type-post","status-publish","format-standard","hentry","category-politica"],"jetpack_shortlink":"https:\/\/wp.me\/p2JWE0-fKJ","jetpack-related-posts":[{"id":58977,"url":"http:\/\/www.24baires.com\/?p=58977","url_meta":{"origin":60557,"position":0},"title":"Capitanich conden\u00f3 el \u00abhostigamiento medi\u00e1tico\u00bb de Clar\u00edn contra el Gobierno","author":"AF","date":"22\/12\/2014","format":false,"excerpt":"El jefe de Gabinete defendi\u00f3 la utilizaci\u00f3n de la cuenta de Twitter de la Casa Rosada para aclarar la postura de la familia Kirchner. \"El Gobierno debe promover su leg\u00edtima defensa frente a la calumnia, la injuria o la informaci\u00f3n falsa\", dijo. El jefe de Gabinete, Jorge Capitanich, conden\u00f3 el\u2026","rel":"","context":"En \u00abPol\u00edtica\u00bb","block_context":{"text":"Pol\u00edtica","link":"http:\/\/www.24baires.com\/?cat=51"},"img":{"alt_text":"Capitanich","src":"https:\/\/i0.wp.com\/www.24baires.com\/wp-content\/uploads\/2014\/01\/Capitanich.jpg?resize=350%2C200","width":350,"height":200,"srcset":"https:\/\/i0.wp.com\/www.24baires.com\/wp-content\/uploads\/2014\/01\/Capitanich.jpg?resize=350%2C200 1x, https:\/\/i0.wp.com\/www.24baires.com\/wp-content\/uploads\/2014\/01\/Capitanich.jpg?resize=525%2C300 1.5x"},"classes":[]},{"id":76991,"url":"http:\/\/www.24baires.com\/?p=76991","url_meta":{"origin":60557,"position":1},"title":"Amparos y cautelares en todo el pa\u00eds contra la intervenci\u00f3n de la AFSCA","author":"GB","date":"29\/12\/2015","format":false,"excerpt":"Funcionarios de todo el pa\u00eds vinculados a los medios y la comunicaci\u00f3n presentaron ante la Justicia recursos de amparo y cautelares contra la intervenci\u00f3n de la AFSCA. La Senadora Nacional del Frente para la Victoria, Liliana Fellner, arremeti\u00f3 contra Macri y asegur\u00f3 que \u201cel presidente se llev\u00f3 puesto a los\u2026","rel":"","context":"En \u00abMedios\u00bb","block_context":{"text":"Medios","link":"http:\/\/www.24baires.com\/?cat=54"},"img":{"alt_text":"AFSCA","src":"https:\/\/i0.wp.com\/www.24baires.com\/wp-content\/uploads\/2015\/12\/AFSCA.jpg?resize=350%2C200","width":350,"height":200,"srcset":"https:\/\/i0.wp.com\/www.24baires.com\/wp-content\/uploads\/2015\/12\/AFSCA.jpg?resize=350%2C200 1x, https:\/\/i0.wp.com\/www.24baires.com\/wp-content\/uploads\/2015\/12\/AFSCA.jpg?resize=525%2C300 1.5x"},"classes":[]},{"id":60489,"url":"http:\/\/www.24baires.com\/?p=60489","url_meta":{"origin":60557,"position":2},"title":"Tras la muerte de Nisman, el PJ Nacional convoc\u00f3 a una reuni\u00f3n urgente","author":"Grupo Sierra","date":"21\/01\/2015","format":false,"excerpt":"Con invitaci\u00f3n a todos los dirigentes y sectores, las m\u00e1ximas autoridades partidarias convocaron a una reuni\u00f3n de urgencia. Se espere que se brinde el apoyo a la mandataria. Como consecuencia del escenario con la muerte del fiscal Nisman, el Partido Justicialista de la Naci\u00f3n organiz\u00f3 un r\u00e1pido encuentro este jueves\u2026","rel":"","context":"En \u00abPol\u00edtica\u00bb","block_context":{"text":"Pol\u00edtica","link":"http:\/\/www.24baires.com\/?cat=51"},"img":{"alt_text":"pj bona","src":"https:\/\/i0.wp.com\/www.24baires.com\/wp-content\/uploads\/2014\/10\/pj-bona.jpg?resize=350%2C200","width":350,"height":200,"srcset":"https:\/\/i0.wp.com\/www.24baires.com\/wp-content\/uploads\/2014\/10\/pj-bona.jpg?resize=350%2C200 1x, https:\/\/i0.wp.com\/www.24baires.com\/wp-content\/uploads\/2014\/10\/pj-bona.jpg?resize=525%2C300 1.5x"},"classes":[]},{"id":56568,"url":"http:\/\/www.24baires.com\/?p=56568","url_meta":{"origin":60557,"position":3},"title":"Massa pidi\u00f3 pericias psiqui\u00e1tricas para Carri\u00f3: \u00abNo domina sus facultades mentales\u00bb","author":"Grupo Sierra","date":"04\/11\/2014","format":false,"excerpt":"El diputado nacional y candidato a presidente del Frente Renovador (FR) denunci\u00f3 por calumnias e injurias a su par en la C\u00e1mara baja (Coalici\u00f3n C\u00edvica-ARI) por haberlo vinculado con el narcotr\u00e1fico. Fuentes judiciales confirmaron que la acci\u00f3n penal presentada por Massa contra Carri\u00f3 por el delito de \"falsa denuncia\" qued\u00f3\u2026","rel":"","context":"En \u00abPol\u00edtica\u00bb","block_context":{"text":"Pol\u00edtica","link":"http:\/\/www.24baires.com\/?cat=51"},"img":{"alt_text":"","src":"https:\/\/i0.wp.com\/www.24baires.com\/wp-content\/uploads\/2014\/11\/massa-carri%C3%B3.jpg?resize=350%2C200","width":350,"height":200,"srcset":"https:\/\/i0.wp.com\/www.24baires.com\/wp-content\/uploads\/2014\/11\/massa-carri%C3%B3.jpg?resize=350%2C200 1x, https:\/\/i0.wp.com\/www.24baires.com\/wp-content\/uploads\/2014\/11\/massa-carri%C3%B3.jpg?resize=525%2C300 1.5x"},"classes":[]},{"id":60362,"url":"http:\/\/www.24baires.com\/?p=60362","url_meta":{"origin":60557,"position":4},"title":"Comunicado de AMIA y DAIA: \u00abQue no muera la causa\u00bb","author":"Grupo Sierra","date":"19\/01\/2015","format":false,"excerpt":"Ambas instituciones reclamaron que la Unidad Fiscal que lideraba Alberto Nisman \"contin\u00fae trabajando\", luego de manifestar su \"estupor\" por la muerte del funcionario. Los titulares fueron recibidos por el Jefe de Gabinete, el Secretario General de la Presidencia y el Ministro de Justicia. \"La AMIA y la DAIA exigen que\u2026","rel":"","context":"En \u00abJUDICIALES\u00bb","block_context":{"text":"JUDICIALES","link":"http:\/\/www.24baires.com\/?cat=68"},"img":{"alt_text":"","src":"https:\/\/i0.wp.com\/www.24baires.com\/wp-content\/uploads\/2015\/01\/daia.jpg?resize=350%2C200","width":350,"height":200,"srcset":"https:\/\/i0.wp.com\/www.24baires.com\/wp-content\/uploads\/2015\/01\/daia.jpg?resize=350%2C200 1x, https:\/\/i0.wp.com\/www.24baires.com\/wp-content\/uploads\/2015\/01\/daia.jpg?resize=525%2C300 1.5x"},"classes":[]},{"id":106628,"url":"http:\/\/www.24baires.com\/?p=106628","url_meta":{"origin":60557,"position":5},"title":"La AMIA busca retirarse de la querella contra Cristina por el Memor\u00e1ndum con Ir\u00e1n","author":"AF","date":"31\/01\/2019","format":false,"excerpt":"Fue un pedido a la DAIA en la causa que se origin\u00f3 con la denuncia del fiscal Alberto Nisman y busca \u201cempezar a tomar distancia de una causa que est\u00e1 en el centro de la famosa grieta\u201d. La Asociaci\u00f3n Mutual Israelita Argentina (AMIA) le reclam\u00f3 a la Delegaci\u00f3n de Asociaciones\u2026","rel":"","context":"En \u00abJUDICIALES\u00bb","block_context":{"text":"JUDICIALES","link":"http:\/\/www.24baires.com\/?cat=68"},"img":{"alt_text":"","src":"https:\/\/i0.wp.com\/www.24baires.com\/wp-content\/uploads\/2015\/04\/amia.jpg?resize=350%2C200","width":350,"height":200,"srcset":"https:\/\/i0.wp.com\/www.24baires.com\/wp-content\/uploads\/2015\/04\/amia.jpg?resize=350%2C200 1x, https:\/\/i0.wp.com\/www.24baires.com\/wp-content\/uploads\/2015\/04\/amia.jpg?resize=525%2C300 1.5x"},"classes":[]}],"jetpack_sharing_enabled":true,"jetpack_likes_enabled":true,"jetpack_featured_media_url":"","_links":{"self":[{"href":"http:\/\/www.24baires.com\/index.php?rest_route=\/wp\/v2\/posts\/60557","targetHints":{"allow":["GET"]}}],"collection":[{"href":"http:\/\/www.24baires.com\/index.php?rest_route=\/wp\/v2\/posts"}],"about":[{"href":"http:\/\/www.24baires.com\/index.php?rest_route=\/wp\/v2\/types\/post"}],"author":[{"embeddable":true,"href":"http:\/\/www.24baires.com\/index.php?rest_route=\/wp\/v2\/users\/11"}],"replies":[{"embeddable":true,"href":"http:\/\/www.24baires.com\/index.php?rest_route=%2Fwp%2Fv2%2Fcomments&post=60557"}],"version-history":[{"count":1,"href":"http:\/\/www.24baires.com\/index.php?rest_route=\/wp\/v2\/posts\/60557\/revisions"}],"predecessor-version":[{"id":60559,"href":"http:\/\/www.24baires.com\/index.php?rest_route=\/wp\/v2\/posts\/60557\/revisions\/60559"}],"wp:attachment":[{"href":"http:\/\/www.24baires.com\/index.php?rest_route=%2Fwp%2Fv2%2Fmedia&parent=60557"}],"wp:term":[{"taxonomy":"category","embeddable":true,"href":"http:\/\/www.24baires.com\/index.php?rest_route=%2Fwp%2Fv2%2Fcategories&post=60557"},{"taxonomy":"post_tag","embeddable":true,"href":"http:\/\/www.24baires.com\/index.php?rest_route=%2Fwp%2Fv2%2Ftags&post=60557"}],"curies":[{"name":"wp","href":"https:\/\/api.w.org\/{rel}","templated":true}]}}