{"id":60545,"date":"2015-01-22T17:16:49","date_gmt":"2015-01-22T20:16:49","guid":{"rendered":"http:\/\/www.24baires.com\/?p=60545"},"modified":"2015-01-22T17:16:49","modified_gmt":"2015-01-22T20:16:49","slug":"ahora-desde-el-frente-renovador-solicitaron-la-intervencion-de-la-corte","status":"publish","type":"post","link":"http:\/\/www.24baires.com\/?p=60545","title":{"rendered":"Ahora desde el Frente Renovador solicitaron la intervenci\u00f3n de la Corte"},"content":{"rendered":"<p><img data-recalc-dims=\"1\" loading=\"lazy\" decoding=\"async\" class=\"aligncenter size-full wp-image-28669\" src=\"https:\/\/i0.wp.com\/www.24baires.com\/wp-content\/uploads\/2013\/07\/Giustozzi2.jpg?resize=560%2C529\" alt=\"Giustozzi2\" width=\"560\" height=\"529\" srcset=\"https:\/\/i0.wp.com\/www.24baires.com\/wp-content\/uploads\/2013\/07\/Giustozzi2.jpg?w=560 560w, https:\/\/i0.wp.com\/www.24baires.com\/wp-content\/uploads\/2013\/07\/Giustozzi2.jpg?resize=300%2C283 300w\" sizes=\"auto, (max-width: 560px) 100vw, 560px\" \/>Legisladores y referentes del FR, encabezados por el presidente del bloque de diputados Dar\u00edo Giustozzi, le pidieron al presidente de la Corte su intervenci\u00f3n personal en la causa en la que se investiga la muerte del ex fiscal.<!--more--><\/p>\n<p>El mi\u00e9rcoles Lorenzetti se reuni\u00f3 con la jueza Fabiana Palmaghini a quien convoc\u00f3 por la ma\u00f1ana a su despacho \u201cpara transmitirle a la magistrada el respaldo institucional del M\u00e1ximo Tribunal en la tarea de investigaci\u00f3n del citado caso\u201d.<\/p>\n<p>En el escrito los legisladores que \u201chabida cuenta de la complejidad, magnitud y naturales de los investigado se preserve la prueba de manera urgente a fin de que se pueda esclarecer este crimen que afect\u00f3 a toda la ciudadan\u00eda\u201d.<\/p>\n<p>Junto a Guistozzi firman los diputados Graciela Caama\u00f1o, Felipe Sol\u00e1, Marcelo D\u2019Alessandro y Adri\u00e1n P\u00e9rez, entre otros, y aluden a la \u201cgravedad institucional del acontecimiento\u201d.<\/p>\n<p>Los legisladores le piden a Lorenzetti que a los investigadores \u201cse les provea de las medidas de seguridad necesarias tanto para ellos como para sus familias a fin de preservarlos de posibles intimidaciones\u201d.<\/p>\n<p>El objetivo es, sostuvieron, que quienes est\u00e1n involucrados en la pesquisa \u201cpuedan continuar con su cometido en la libertad e independencia que impone un verdadero estado de Derecho\u201d.<\/p>\n<p>&nbsp;<\/p>\n<p>&nbsp;<\/p>\n<p>&nbsp;<\/p>\n<p>&nbsp;<\/p>\n<p>&nbsp;<\/p>\n<p>&nbsp;<\/p>\n<p>&nbsp;<\/p>\n<p>&nbsp;<\/p>\n<p>&nbsp;<\/p>\n<p>&nbsp;<\/p>\n<p>&nbsp;<\/p>\n<p>&nbsp;<\/p>\n<p>&nbsp;<\/p>\n<p>&nbsp;<\/p>\n","protected":false},"excerpt":{"rendered":"<p>Legisladores y referentes del FR, encabezados por el presidente del bloque de diputados Dar\u00edo Giustozzi, le pidieron al presidente de la Corte su intervenci\u00f3n personal en la causa en la que se investiga la muerte del ex fiscal.<\/p>\n","protected":false},"author":8,"featured_media":0,"comment_status":"open","ping_status":"open","sticky":false,"template":"","format":"standard","meta":{"_jetpack_newsletter_access":"","_jetpack_dont_email_post_to_subs":false,"_jetpack_newsletter_tier_id":0,"_jetpack_memberships_contains_paywalled_content":false,"_jetpack_memberships_contains_paid_content":false,"footnotes":""},"categories":[51],"tags":[],"class_list":["post-60545","post","type-post","status-publish","format-standard","hentry","category-politica"],"jetpack_shortlink":"https:\/\/wp.me\/p2JWE0-fKx","jetpack-related-posts":[{"id":100875,"url":"http:\/\/www.24baires.com\/?p=100875","url_meta":{"origin":60545,"position":0},"title":"Vuelven a pedir la intervenci\u00f3n de IOMA para investigar irregularidades","author":"AF","date":"05\/03\/2018","format":false,"excerpt":"Un diputado del Frente Renovador pidi\u00f3 a trav\u00e9s de un proyecto de ley la intervenci\u00f3n de la obra social IOMA y la creaci\u00f3n de una comisi\u00f3n bicameral para investigar la situaci\u00f3n del organismo, que en los \u00faltimos d\u00edas tuvo dificultades para afrontar el pago a proveedores, lo que deriv\u00f3 en\u2026","rel":"","context":"En \u00abSociedad\u00bb","block_context":{"text":"Sociedad","link":"http:\/\/www.24baires.com\/?cat=1"},"img":{"alt_text":"","src":"https:\/\/i0.wp.com\/www.24baires.com\/wp-content\/uploads\/2018\/02\/IOMA.jpg?resize=350%2C200","width":350,"height":200,"srcset":"https:\/\/i0.wp.com\/www.24baires.com\/wp-content\/uploads\/2018\/02\/IOMA.jpg?resize=350%2C200 1x, https:\/\/i0.wp.com\/www.24baires.com\/wp-content\/uploads\/2018\/02\/IOMA.jpg?resize=525%2C300 1.5x"},"classes":[]},{"id":119698,"url":"http:\/\/www.24baires.com\/?p=119698","url_meta":{"origin":60545,"position":1},"title":"El Presidente entreg\u00f3 a Diputados el pedido de juicio pol\u00edtico a la Corte","author":"AF","date":"04\/01\/2023","format":false,"excerpt":"Alberto Fern\u00e1ndez se reuni\u00f3 con el presidente del Bloque de Diputados del Frente de Todos, Germ\u00e1n Mart\u00ednez; y a la diputada Carolina Gaillard, presidenta de la Comisi\u00f3n de Juicio Pol\u00edtico. El presidente Alberto Fern\u00e1ndez entreg\u00f3 al presidente del Bloque de Diputados del Frente de Todos, Germ\u00e1n Mart\u00ednez; y a la\u2026","rel":"","context":"En \u00abSociedad\u00bb","block_context":{"text":"Sociedad","link":"http:\/\/www.24baires.com\/?cat=1"},"img":{"alt_text":"","src":"https:\/\/i0.wp.com\/www.24baires.com\/wp-content\/uploads\/2023\/01\/fernandezz.jpg?resize=350%2C200","width":350,"height":200,"srcset":"https:\/\/i0.wp.com\/www.24baires.com\/wp-content\/uploads\/2023\/01\/fernandezz.jpg?resize=350%2C200 1x, https:\/\/i0.wp.com\/www.24baires.com\/wp-content\/uploads\/2023\/01\/fernandezz.jpg?resize=525%2C300 1.5x, https:\/\/i0.wp.com\/www.24baires.com\/wp-content\/uploads\/2023\/01\/fernandezz.jpg?resize=700%2C400 2x, https:\/\/i0.wp.com\/www.24baires.com\/wp-content\/uploads\/2023\/01\/fernandezz.jpg?resize=1050%2C600 3x"},"classes":[]},{"id":119635,"url":"http:\/\/www.24baires.com\/?p=119635","url_meta":{"origin":60545,"position":2},"title":"La Corte orden\u00f3 que se le tome juramento a los diputados designados para Magistratura","author":"AF","date":"15\/12\/2022","format":false,"excerpt":"Los diputados a los que se orden\u00f3 tomar juramento son Rodolfo Tailhade y Vanesa Siley, del Frente de Todos; Alvaro Gonz\u00e1lez, del PRO, y Roxana Reyes, de la UCR. La Corte Suprema de Justicia de la Naci\u00f3n orden\u00f3 hoy que se tome juramento a los cuatro diputados nacionales designados para\u2026","rel":"","context":"En \u00abJUDICIALES\u00bb","block_context":{"text":"JUDICIALES","link":"http:\/\/www.24baires.com\/?cat=68"},"img":{"alt_text":"","src":"https:\/\/i0.wp.com\/www.24baires.com\/wp-content\/uploads\/2022\/12\/xxx.jpeg?resize=350%2C200","width":350,"height":200,"srcset":"https:\/\/i0.wp.com\/www.24baires.com\/wp-content\/uploads\/2022\/12\/xxx.jpeg?resize=350%2C200 1x, https:\/\/i0.wp.com\/www.24baires.com\/wp-content\/uploads\/2022\/12\/xxx.jpeg?resize=525%2C300 1.5x, https:\/\/i0.wp.com\/www.24baires.com\/wp-content\/uploads\/2022\/12\/xxx.jpeg?resize=700%2C400 2x"},"classes":[]},{"id":110799,"url":"http:\/\/www.24baires.com\/?p=110799","url_meta":{"origin":60545,"position":3},"title":"Denuncian a Macri por un negocio de USD 500 millones con el presidente del Real Madrid","author":"GB","date":"14\/06\/2019","format":false,"excerpt":"Diputados del FpV-PJ denunciaron penalmente a Macri, funcionarios de su gesti\u00f3n y AUSOL S.A, la concesionaria del Acceso Norte, por delitos en el proceso de renegociaci\u00f3n del contrato de concesi\u00f3n del peaje concluido en 2018. C\u00f3mo hicieron el Presidente y Florentino P\u00e9rez para armar el negociado desde antes del inicio\u2026","rel":"","context":"En \u00abPol\u00edtica\u00bb","block_context":{"text":"Pol\u00edtica","link":"http:\/\/www.24baires.com\/?cat=51"},"img":{"alt_text":"","src":"https:\/\/i0.wp.com\/www.24baires.com\/wp-content\/uploads\/2019\/03\/MACRI-CONGRESO.png?resize=350%2C200","width":350,"height":200,"srcset":"https:\/\/i0.wp.com\/www.24baires.com\/wp-content\/uploads\/2019\/03\/MACRI-CONGRESO.png?resize=350%2C200 1x, https:\/\/i0.wp.com\/www.24baires.com\/wp-content\/uploads\/2019\/03\/MACRI-CONGRESO.png?resize=525%2C300 1.5x"},"classes":[]},{"id":107261,"url":"http:\/\/www.24baires.com\/?p=107261","url_meta":{"origin":60545,"position":4},"title":"El Poder Ejecutivo arremete contra Ramos Padilla","author":"AF","date":"18\/03\/2019","format":false,"excerpt":"El Gobierno concret\u00f3 el pedido de destituci\u00f3n del juez Alejo Ramos Padilla, que investiga una red de espionaje y extorsi\u00f3n que podr\u00eda alcanzar a sectores del oficialismo. Por orden del presidente Mauricio Macri, el representante del Poder Ejecutivo ante el Consejo de la Magistratura, Juan Bautista Mah\u00edques, hizo una presentaci\u00f3n\u2026","rel":"","context":"En \u00abJUDICIALES\u00bb","block_context":{"text":"JUDICIALES","link":"http:\/\/www.24baires.com\/?cat=68"},"img":{"alt_text":"","src":"https:\/\/i0.wp.com\/www.24baires.com\/wp-content\/uploads\/2019\/03\/ramos-padilla-1.jpg?resize=350%2C200","width":350,"height":200,"srcset":"https:\/\/i0.wp.com\/www.24baires.com\/wp-content\/uploads\/2019\/03\/ramos-padilla-1.jpg?resize=350%2C200 1x, https:\/\/i0.wp.com\/www.24baires.com\/wp-content\/uploads\/2019\/03\/ramos-padilla-1.jpg?resize=525%2C300 1.5x"},"classes":[]},{"id":119502,"url":"http:\/\/www.24baires.com\/?p=119502","url_meta":{"origin":60545,"position":5},"title":"El Presidente critic\u00f3 a los jueces que ordenaron liberar a integrantes de Revoluci\u00f3n Federal","author":"AF","date":"02\/11\/2022","format":false,"excerpt":"El Presidente apunt\u00f3 contra la C\u00e1mara Federal porte\u00f1a, al asegurar que est\u00e1n empecinados \"en tapar que una banda criminal con ramificaciones y financiamiento oscuro atent\u00f3 contra la vida de la vicepresidenta de la Naci\u00f3n\". Tambi\u00e9n desarm\u00f3 la maniobra de Macri en el Consejo de la Magistratura para bloquear a los\u2026","rel":"","context":"En \u00abPol\u00edtica\u00bb","block_context":{"text":"Pol\u00edtica","link":"http:\/\/www.24baires.com\/?cat=51"},"img":{"alt_text":"","src":"https:\/\/i0.wp.com\/www.24baires.com\/wp-content\/uploads\/2022\/09\/alberto.jpg?resize=350%2C200","width":350,"height":200,"srcset":"https:\/\/i0.wp.com\/www.24baires.com\/wp-content\/uploads\/2022\/09\/alberto.jpg?resize=350%2C200 1x, https:\/\/i0.wp.com\/www.24baires.com\/wp-content\/uploads\/2022\/09\/alberto.jpg?resize=525%2C300 1.5x, https:\/\/i0.wp.com\/www.24baires.com\/wp-content\/uploads\/2022\/09\/alberto.jpg?resize=700%2C400 2x"},"classes":[]}],"jetpack_sharing_enabled":true,"jetpack_likes_enabled":true,"jetpack_featured_media_url":"","_links":{"self":[{"href":"http:\/\/www.24baires.com\/index.php?rest_route=\/wp\/v2\/posts\/60545","targetHints":{"allow":["GET"]}}],"collection":[{"href":"http:\/\/www.24baires.com\/index.php?rest_route=\/wp\/v2\/posts"}],"about":[{"href":"http:\/\/www.24baires.com\/index.php?rest_route=\/wp\/v2\/types\/post"}],"author":[{"embeddable":true,"href":"http:\/\/www.24baires.com\/index.php?rest_route=\/wp\/v2\/users\/8"}],"replies":[{"embeddable":true,"href":"http:\/\/www.24baires.com\/index.php?rest_route=%2Fwp%2Fv2%2Fcomments&post=60545"}],"version-history":[{"count":1,"href":"http:\/\/www.24baires.com\/index.php?rest_route=\/wp\/v2\/posts\/60545\/revisions"}],"predecessor-version":[{"id":60546,"href":"http:\/\/www.24baires.com\/index.php?rest_route=\/wp\/v2\/posts\/60545\/revisions\/60546"}],"wp:attachment":[{"href":"http:\/\/www.24baires.com\/index.php?rest_route=%2Fwp%2Fv2%2Fmedia&parent=60545"}],"wp:term":[{"taxonomy":"category","embeddable":true,"href":"http:\/\/www.24baires.com\/index.php?rest_route=%2Fwp%2Fv2%2Fcategories&post=60545"},{"taxonomy":"post_tag","embeddable":true,"href":"http:\/\/www.24baires.com\/index.php?rest_route=%2Fwp%2Fv2%2Ftags&post=60545"}],"curies":[{"name":"wp","href":"https:\/\/api.w.org\/{rel}","templated":true}]}}