{"id":60529,"date":"2015-01-22T14:00:12","date_gmt":"2015-01-22T17:00:12","guid":{"rendered":"http:\/\/www.24baires.com\/?p=60529"},"modified":"2015-01-22T15:49:58","modified_gmt":"2015-01-22T18:49:58","slug":"scioli-apunto-a-massa-y-dijo-no-puede-haber-especulaciones-en-torno-a-la-muerte-de-nisman","status":"publish","type":"post","link":"http:\/\/www.24baires.com\/?p=60529","title":{"rendered":"Scioli apunt\u00f3 a Massa: \u00abNo puede haber especulaciones en torno a la muerte de Nisman\u00bb"},"content":{"rendered":"<p><img data-recalc-dims=\"1\" loading=\"lazy\" decoding=\"async\" class=\"aligncenter size-full wp-image-52743\" src=\"https:\/\/i0.wp.com\/www.24baires.com\/wp-content\/uploads\/2014\/08\/scioli-saludo.jpg?resize=560%2C373\" alt=\"scioli saludo\" width=\"560\" height=\"373\" srcset=\"https:\/\/i0.wp.com\/www.24baires.com\/wp-content\/uploads\/2014\/08\/scioli-saludo.jpg?w=560 560w, https:\/\/i0.wp.com\/www.24baires.com\/wp-content\/uploads\/2014\/08\/scioli-saludo.jpg?resize=300%2C199 300w\" sizes=\"auto, (max-width: 560px) 100vw, 560px\" \/>El gobernador de la provincia de Buenos Aires lament\u00f3 que el titular del FR, Sergio Massa, quisiera presentarse como querellante en la causa por la muerte del fiscal.<!--more--><\/p>\n<p>Massa anunci\u00f3 ayer que se presentar\u00e1 como querellante ante la Justicia en las causas vinculadas a la AMIA.<\/p>\n<p>\u00abLamento much\u00edsimo lo de Massa con el caso Nisman, hay que tener prudencia\u00bb, sostuvo el gobernador de la provincia de Buenos Aires, Daniel Scioli, al rechazar la postura de Massa.<\/p>\n<p>Y, expres\u00f3: \u00abHay que tener prudencia antes de emitir opiniones tan contundentes, tener responsabilidad, m\u00e1s all\u00e1 que sea un a\u00f1o intensamente pol\u00edtico\u00bb.<\/p>\n<p>En tanto, indic\u00f3 que la Justicia \u00abes quien debe hablar, desde los poderes del Estado\u00bb ya que \u00abgener\u00f3 una gran preocupaci\u00f3n en la sociedad\u00bb.<\/p>\n<p>La carta de Cristina. \u00abLo que hago yo es intentar llevar tranquilidad, la justicia va a esclarecer las circunstancias del desenlace fatal del doctor Nisman, es muy importante interpretar, leer con respeto la carta que ha hecho la Presidenta\u00bb, se\u00f1al\u00f3.<\/p>\n<p>Al tiempo que consider\u00f3: \u00abHay que mostrar la madurez en estos momentos, como yo lo demuestro. Este Gobierno ha hecho cambios muy importantes en lugares impensados\u00bb.<\/p>\n<p>Scioli sostuvo que la mandataria \u00abdemuestra con toda claridad que es la primera interesada en que se esclarezca lo que hay detr\u00e1s de este episodio\u00bb.<\/p>\n<p>\u00abNo solamente, en este caso como en otro, ella es la Jefa de Estado sino tambi\u00e9n demuestra con toda claridad ser la primera interesada en que se esclarezca lo que hay detr\u00e1s de todo este episodio\u00bb, afirm\u00f3 Scioli luego de participar en la ciudad de Bah\u00eda Blanca del acto de inauguraci\u00f3n de la Escuela de Polic\u00eda Local.<\/p>\n<p>El gobernador y precandidato presidencial por el Frente para la Victoria afirm\u00f3 que \u00abson momentos sensibles, en los que hay que actuar con mucha prudencia y responsabilidad\u00bb.<\/p>\n<p>&nbsp;<\/p>\n<p>&nbsp;<\/p>\n<p>&nbsp;<\/p>\n<p>&nbsp;<\/p>\n<p>&nbsp;<\/p>\n<p>&nbsp;<\/p>\n<p>&nbsp;<\/p>\n<p>&nbsp;<\/p>\n<p>&nbsp;<\/p>\n<p>&nbsp;<\/p>\n<p>&nbsp;<\/p>\n<p>&nbsp;<\/p>\n","protected":false},"excerpt":{"rendered":"<p>El gobernador de la provincia de Buenos Aires lament\u00f3 que el titular del FR, Sergio Massa, quisiera presentarse como querellante en la causa por la muerte del fiscal.<\/p>\n","protected":false},"author":8,"featured_media":0,"comment_status":"open","ping_status":"open","sticky":false,"template":"","format":"standard","meta":{"_jetpack_newsletter_access":"","_jetpack_dont_email_post_to_subs":false,"_jetpack_newsletter_tier_id":0,"_jetpack_memberships_contains_paywalled_content":false,"_jetpack_memberships_contains_paid_content":false,"footnotes":""},"categories":[51],"tags":[],"class_list":["post-60529","post","type-post","status-publish","format-standard","hentry","category-politica"],"jetpack_shortlink":"https:\/\/wp.me\/p2JWE0-fKh","jetpack-related-posts":[{"id":60491,"url":"http:\/\/www.24baires.com\/?p=60491","url_meta":{"origin":60529,"position":0},"title":"Massa, el querellante fallido","author":"Grupo Sierra","date":"21\/01\/2015","format":false,"excerpt":"Como candidato presidencial, el tigrense dijo que pretende sumarse a la causa, pero no habr\u00eda vericuetos legales que se lo permitan. El diputado nacional y precandidato presidencial del Frente Renovador, Sergio Massa, anunci\u00f3 que pretende presentarse ante la Justicia para poder ser parte querellante en la causa de la muerte\u2026","rel":"","context":"En \u00abJUDICIALES\u00bb","block_context":{"text":"JUDICIALES","link":"http:\/\/www.24baires.com\/?cat=68"},"img":{"alt_text":"massa congreso","src":"https:\/\/i0.wp.com\/www.24baires.com\/wp-content\/uploads\/2014\/12\/massa-congreso.jpg?resize=350%2C200","width":350,"height":200,"srcset":"https:\/\/i0.wp.com\/www.24baires.com\/wp-content\/uploads\/2014\/12\/massa-congreso.jpg?resize=350%2C200 1x, https:\/\/i0.wp.com\/www.24baires.com\/wp-content\/uploads\/2014\/12\/massa-congreso.jpg?resize=525%2C300 1.5x"},"classes":[]},{"id":60595,"url":"http:\/\/www.24baires.com\/?p=60595","url_meta":{"origin":60529,"position":1},"title":"Kunkel calific\u00f3 a Massa de \u00abcachivache\u00bb","author":"GB","date":"23\/01\/2015","format":false,"excerpt":"El diputado nacional kirchnerista Carlos Kunkel cruz\u00f3 hoy con dureza al candidato presidencial y l\u00edder del Frente Renovador, Sergio Massa, a quien consider\u00f3 como \u201cun cachivache\u201d por presentarse como querellante en la causa que investiga la muerte del fiscal federal Alberto Nisman. Kunkel calific\u00f3 como \u201cpoco serio\u201d el intento judicial\u2026","rel":"","context":"En \u00abPol\u00edtica\u00bb","block_context":{"text":"Pol\u00edtica","link":"http:\/\/www.24baires.com\/?cat=51"},"img":{"alt_text":"kunkel","src":"https:\/\/i0.wp.com\/www.24baires.com\/wp-content\/uploads\/2013\/10\/kunkel.jpg?resize=350%2C200","width":350,"height":200},"classes":[]},{"id":42497,"url":"http:\/\/www.24baires.com\/?p=42497","url_meta":{"origin":60529,"position":2},"title":"Baldomero \u00c1lvarez postul\u00f3 a \u00abScioli presidente y Massa gobernador\u00bb","author":"Grupo Sierra","date":"20\/03\/2014","format":false,"excerpt":"El senador provincial por la provincia de Buenos Aires, Baldomero \u201cCacho\u201d \u00c1lvarez, sorprendi\u00f3 a un funcionario de la provincia de Misiones y a un legislador nacional de aquella provincia, ambos oficialistas, cuando les adelant\u00f3 a estos que pretend\u00eda llevar a Sergio Massa a Misiones para promover el espacio que lidera\u2026","rel":"","context":"En \u00abPol\u00edtica\u00bb","block_context":{"text":"Pol\u00edtica","link":"http:\/\/www.24baires.com\/?cat=51"},"img":{"alt_text":"Baldomero_Alvarez_de_Olivera","src":"https:\/\/i0.wp.com\/www.24baires.com\/wp-content\/uploads\/2014\/03\/Baldomero_Alvarez_de_Olivera-300x235.jpg?resize=350%2C200","width":350,"height":200},"classes":[]},{"id":46306,"url":"http:\/\/www.24baires.com\/?p=46306","url_meta":{"origin":60529,"position":3},"title":"Salieron los afiches Massa-Scioli y Duhalde se separ\u00f3: \u00abNo tengo nada que ver\u00bb","author":"Grupo Sierra","date":"19\/05\/2014","format":false,"excerpt":"Despu\u00e9s de la pol\u00e9mica generada por la aparici\u00f3n de los carteles que ped\u00edan una alianza entre Massa y Scioli, que llevaban la firma de Eduardo Duhalde, el expresidente neg\u00f3 tener algo que ver, aunque plante\u00f3: \"Los quiero juntos\". El expresidente, Eduardo Duhalde, desminti\u00f3 hoy tener algo que ver con los\u2026","rel":"","context":"En \u00abPol\u00edtica\u00bb","block_context":{"text":"Pol\u00edtica","link":"http:\/\/www.24baires.com\/?cat=51"},"img":{"alt_text":"","src":"https:\/\/i0.wp.com\/www.24baires.com\/wp-content\/uploads\/2014\/05\/duhalde-massa-scioli-afiche.jpg?resize=350%2C200","width":350,"height":200,"srcset":"https:\/\/i0.wp.com\/www.24baires.com\/wp-content\/uploads\/2014\/05\/duhalde-massa-scioli-afiche.jpg?resize=350%2C200 1x, https:\/\/i0.wp.com\/www.24baires.com\/wp-content\/uploads\/2014\/05\/duhalde-massa-scioli-afiche.jpg?resize=525%2C300 1.5x"},"classes":[]},{"id":108530,"url":"http:\/\/www.24baires.com\/?p=108530","url_meta":{"origin":60529,"position":4},"title":"Gioja: la unidad del peronismo, la relaci\u00f3n con Massa y la elecci\u00f3n en San Juan","author":"AF","date":"01\/06\/2019","format":false,"excerpt":"El diputado y presidente del PJ destac\u00f3 el renovado v\u00ednculo entre el partido Justicialista y Unidad Ciudadana, respald\u00f3 la f\u00f3rmula Kicillof-Magario y advirti\u00f3 que quienes dividan a la oposici\u00f3n son funcionales al macrismo. Desde San Juan El tres veces gobernador de San Juan, diputado nacional por esa provincia y presidente\u2026","rel":"","context":"En \u00abPol\u00edtica\u00bb","block_context":{"text":"Pol\u00edtica","link":"http:\/\/www.24baires.com\/?cat=51"},"img":{"alt_text":"","src":"https:\/\/i0.wp.com\/www.24baires.com\/wp-content\/uploads\/2013\/10\/gioja.jpg?resize=350%2C200","width":350,"height":200,"srcset":"https:\/\/i0.wp.com\/www.24baires.com\/wp-content\/uploads\/2013\/10\/gioja.jpg?resize=350%2C200 1x, https:\/\/i0.wp.com\/www.24baires.com\/wp-content\/uploads\/2013\/10\/gioja.jpg?resize=525%2C300 1.5x"},"classes":[]},{"id":106064,"url":"http:\/\/www.24baires.com\/?p=106064","url_meta":{"origin":60529,"position":5},"title":"Arroyo Salgado renunci\u00f3 a ser querrelante en la causa Nisman","author":"AF","date":"21\/12\/2018","format":false,"excerpt":"Lo hizo a trav\u00e9s de un escrito en el que dijo que a\u00fan recibe amenazas y que prefiere \"priorizar la paz y espiritualidad del grupo familiar\". La ex esposa de Alberto Nisman, la jueza Sandra Arroyo Salgado, renunci\u00f3 a la querella en la causa por la muerte del fiscal. Lo\u2026","rel":"","context":"En \u00abJUDICIALES\u00bb","block_context":{"text":"JUDICIALES","link":"http:\/\/www.24baires.com\/?cat=68"},"img":{"alt_text":"","src":"https:\/\/i0.wp.com\/www.24baires.com\/wp-content\/uploads\/2015\/02\/arroyo_salgado_senado-nisman.jpg?resize=350%2C200","width":350,"height":200,"srcset":"https:\/\/i0.wp.com\/www.24baires.com\/wp-content\/uploads\/2015\/02\/arroyo_salgado_senado-nisman.jpg?resize=350%2C200 1x, https:\/\/i0.wp.com\/www.24baires.com\/wp-content\/uploads\/2015\/02\/arroyo_salgado_senado-nisman.jpg?resize=525%2C300 1.5x"},"classes":[]}],"jetpack_sharing_enabled":true,"jetpack_likes_enabled":true,"jetpack_featured_media_url":"","_links":{"self":[{"href":"http:\/\/www.24baires.com\/index.php?rest_route=\/wp\/v2\/posts\/60529","targetHints":{"allow":["GET"]}}],"collection":[{"href":"http:\/\/www.24baires.com\/index.php?rest_route=\/wp\/v2\/posts"}],"about":[{"href":"http:\/\/www.24baires.com\/index.php?rest_route=\/wp\/v2\/types\/post"}],"author":[{"embeddable":true,"href":"http:\/\/www.24baires.com\/index.php?rest_route=\/wp\/v2\/users\/8"}],"replies":[{"embeddable":true,"href":"http:\/\/www.24baires.com\/index.php?rest_route=%2Fwp%2Fv2%2Fcomments&post=60529"}],"version-history":[{"count":2,"href":"http:\/\/www.24baires.com\/index.php?rest_route=\/wp\/v2\/posts\/60529\/revisions"}],"predecessor-version":[{"id":60541,"href":"http:\/\/www.24baires.com\/index.php?rest_route=\/wp\/v2\/posts\/60529\/revisions\/60541"}],"wp:attachment":[{"href":"http:\/\/www.24baires.com\/index.php?rest_route=%2Fwp%2Fv2%2Fmedia&parent=60529"}],"wp:term":[{"taxonomy":"category","embeddable":true,"href":"http:\/\/www.24baires.com\/index.php?rest_route=%2Fwp%2Fv2%2Fcategories&post=60529"},{"taxonomy":"post_tag","embeddable":true,"href":"http:\/\/www.24baires.com\/index.php?rest_route=%2Fwp%2Fv2%2Ftags&post=60529"}],"curies":[{"name":"wp","href":"https:\/\/api.w.org\/{rel}","templated":true}]}}