{"id":60499,"date":"2015-01-21T20:46:16","date_gmt":"2015-01-21T23:46:16","guid":{"rendered":"http:\/\/www.24baires.com\/?p=60499"},"modified":"2015-01-21T20:47:00","modified_gmt":"2015-01-21T23:47:00","slug":"reunion-entre-timerman-y-el-embajador-de-eeuu","status":"publish","type":"post","link":"http:\/\/www.24baires.com\/?p=60499","title":{"rendered":"Reuni\u00f3n entre Timerman y el embajador de EEUU"},"content":{"rendered":"<p><img data-recalc-dims=\"1\" loading=\"lazy\" decoding=\"async\" class=\"aligncenter size-full wp-image-60500\" src=\"https:\/\/i0.wp.com\/www.24baires.com\/wp-content\/uploads\/2015\/01\/timerman-embajad-eeuu.jpg?resize=560%2C448\" alt=\"timerman embajad eeuu\" width=\"560\" height=\"448\" srcset=\"https:\/\/i0.wp.com\/www.24baires.com\/wp-content\/uploads\/2015\/01\/timerman-embajad-eeuu.jpg?w=560 560w, https:\/\/i0.wp.com\/www.24baires.com\/wp-content\/uploads\/2015\/01\/timerman-embajad-eeuu.jpg?resize=300%2C240 300w\" sizes=\"auto, (max-width: 560px) 100vw, 560px\" \/>El representante de la Casa Blanca en la Argentina, Noah Mamet, mantuvo su primer encuentro con el canciller, a quien le manifest\u00f3 que busca \u00abampliar la cooperaci\u00f3n\u00bb entre ambos pa\u00edses. <!--more--><\/p>\n<p>El embajador de los Estados Unidos en la Argentina, Noah Mamet, se reuni\u00f3 este mi\u00e9rcoles por la tarde con el canciller H\u00e9ctor Timerman en la sede del Ministerio de Relaciones Exteriores y Culto.<\/p>\n<p>Al t\u00e9rmino de la reuni\u00f3n, el embajador manifest\u00f3: \u00abMe siento sumamente honrado de representar a mi pa\u00eds ante la Argentina por decisi\u00f3n del Presidente Obama. Estoy comprometido a trabajar por el fortalecimiento de la amistad entre nuestros pueblos y ampliar la cooperaci\u00f3n entre nuestros pa\u00edses\u00bb.<\/p>\n<p>Mamet arrib\u00f3 el viernes pasado a Buenos Aires. Ese mismo d\u00eda present\u00f3 una copia de las cartas credenciales ante la Direcci\u00f3n Nacional de Ceremonial del Ministerio de Relaciones Exteriores y Culto.<\/p>\n<p>Mamet, un empresario del Pardido Dem\u00f3crata, fue recaudador de la campa\u00f1a electoral de Obama y ahora reemplaza a la ex embajadora Vilma Mart\u00ednez en su nuevo destino, Buenos Aires. Mart\u00ednez, en realidad, ya hab\u00eda dejado el cargo a mediados del a\u00f1o pasado, y desde entonces qued\u00f3 al frente de la Embajada el encargado de negocios, Kevin Sullivan.<\/p>\n<p>&nbsp;<\/p>\n<p>&nbsp;<\/p>\n<p>&nbsp;<\/p>\n","protected":false},"excerpt":{"rendered":"<p>El representante de la Casa Blanca en la Argentina, Noah Mamet, mantuvo su primer encuentro con el canciller, a quien le manifest\u00f3 que busca \u00abampliar la cooperaci\u00f3n\u00bb entre ambos pa\u00edses.<\/p>\n","protected":false},"author":11,"featured_media":0,"comment_status":"open","ping_status":"open","sticky":false,"template":"","format":"standard","meta":{"_jetpack_newsletter_access":"","_jetpack_dont_email_post_to_subs":false,"_jetpack_newsletter_tier_id":0,"_jetpack_memberships_contains_paywalled_content":false,"_jetpack_memberships_contains_paid_content":false,"footnotes":""},"categories":[51],"tags":[],"class_list":["post-60499","post","type-post","status-publish","format-standard","hentry","category-politica"],"jetpack_shortlink":"https:\/\/wp.me\/p2JWE0-fJN","jetpack-related-posts":[{"id":60680,"url":"http:\/\/www.24baires.com\/?p=60680","url_meta":{"origin":60499,"position":0},"title":"Scioli se reuni\u00f3 en Mar del Plata con el embajador de Estados Unidos","author":"AF","date":"25\/01\/2015","format":false,"excerpt":"En medio de la pol\u00e9mica sobre la eventual participaci\u00f3n de servicios de inteligencia extranjera, entre ellos la CIA, en el caso de la muerte del fiscal Alberto Nisman, el gobernador bonaerense, Daniel Scioli, se reuni\u00f3 este s\u00e1bado con el embajador de Estados Unidos en Argentina, Noah Mamet. Scioli se reuni\u00f3\u2026","rel":"","context":"En \u00abPol\u00edtica\u00bb","block_context":{"text":"Pol\u00edtica","link":"http:\/\/www.24baires.com\/?cat=51"},"img":{"alt_text":"scioli mamet","src":"https:\/\/i0.wp.com\/www.24baires.com\/wp-content\/uploads\/2015\/01\/scioli-mamet.png?resize=350%2C200","width":350,"height":200},"classes":[]},{"id":61376,"url":"http:\/\/www.24baires.com\/?p=61376","url_meta":{"origin":60499,"position":1},"title":"Lo que mejor sabe hacer Massa: Ya visit\u00f3 al nuevo embajador yanqui","author":"Grupo Sierra","date":"06\/02\/2015","format":false,"excerpt":"Una vez m\u00e1s, el flamante embajador de los Estados Unidos en Argentina, Noah Mamet, se mostr\u00f3 con un argentino. En este caso, el precandidato tigrense. Entre ellos, se trataron temas de ciencia y tecnolog\u00eda, energ\u00eda, cooperaci\u00f3n y pol\u00edtica exterior, entre otros. Adem\u00e1s, Massa all\u00ed explic\u00f3 c\u00f3mo piensa el futuro de\u2026","rel":"","context":"En \u00abPol\u00edtica\u00bb","block_context":{"text":"Pol\u00edtica","link":"http:\/\/www.24baires.com\/?cat=51"},"img":{"alt_text":"","src":"https:\/\/i0.wp.com\/www.24baires.com\/wp-content\/uploads\/2015\/02\/MASSA-NOAH.jpg?resize=350%2C200","width":350,"height":200,"srcset":"https:\/\/i0.wp.com\/www.24baires.com\/wp-content\/uploads\/2015\/02\/MASSA-NOAH.jpg?resize=350%2C200 1x, https:\/\/i0.wp.com\/www.24baires.com\/wp-content\/uploads\/2015\/02\/MASSA-NOAH.jpg?resize=525%2C300 1.5x"},"classes":[]},{"id":117955,"url":"http:\/\/www.24baires.com\/?p=117955","url_meta":{"origin":60499,"position":2},"title":"Embajadores de EEUU se reunieron con Macri previo al envi\u00f3 de armas a Bolivia","author":"GB","date":"06\/08\/2021","format":false,"excerpt":"Los registros indican que Edward Prado, por entonces embajador, y Noah Mamet, su antecesor, visitaron la Quinta de Olivos en momentos claves para el env\u00edo de material b\u00e9lico. En noviembre de 2019, d\u00edas previos al env\u00edo de armas argentinas para apoyar el golpe de Estado en Bolivia, embajadores de los\u2026","rel":"","context":"En \u00abPol\u00edtica\u00bb","block_context":{"text":"Pol\u00edtica","link":"http:\/\/www.24baires.com\/?cat=51"},"img":{"alt_text":"","src":"https:\/\/i0.wp.com\/www.24baires.com\/wp-content\/uploads\/2021\/08\/20210806084939_descarga.jpg?resize=350%2C200","width":350,"height":200,"srcset":"https:\/\/i0.wp.com\/www.24baires.com\/wp-content\/uploads\/2021\/08\/20210806084939_descarga.jpg?resize=350%2C200 1x, https:\/\/i0.wp.com\/www.24baires.com\/wp-content\/uploads\/2021\/08\/20210806084939_descarga.jpg?resize=525%2C300 1.5x"},"classes":[]},{"id":62296,"url":"http:\/\/www.24baires.com\/?p=62296","url_meta":{"origin":60499,"position":3},"title":"Memorando de entendimiento con Estados Unidos para incentivar el comercio exterior","author":"Grupo Sierra","date":"25\/02\/2015","format":false,"excerpt":"El acuerdo permitir\u00e1 perseguir las actividades il\u00edcitas que puedan llegar a producirse como el lavado de dinero. Argentina y Estados Unidos firmaron hoy un memorando de entendimiento para reanudar el intercambio de informaci\u00f3n sobre comercio exterior entre ambos pa\u00edses, lo que permitir\u00e1 perseguir las actividades il\u00edcitas que puedan llegar a\u2026","rel":"","context":"En \u00abInternacionales\u00bb","block_context":{"text":"Internacionales","link":"http:\/\/www.24baires.com\/?cat=73"},"img":{"alt_text":"","src":"https:\/\/i0.wp.com\/www.24baires.com\/wp-content\/uploads\/2015\/02\/memorando-eeuu.jpg?resize=350%2C200","width":350,"height":200,"srcset":"https:\/\/i0.wp.com\/www.24baires.com\/wp-content\/uploads\/2015\/02\/memorando-eeuu.jpg?resize=350%2C200 1x, https:\/\/i0.wp.com\/www.24baires.com\/wp-content\/uploads\/2015\/02\/memorando-eeuu.jpg?resize=525%2C300 1.5x"},"classes":[]},{"id":61865,"url":"http:\/\/www.24baires.com\/?p=61865","url_meta":{"origin":60499,"position":4},"title":"Argentina pidi\u00f3 a EE. UU. que incluya el atentado a la AMIA en la negociaci\u00f3n con Ir\u00e1n","author":"GB","date":"17\/02\/2015","format":false,"excerpt":"El Gobierno destac\u00f3 hoy, en una carta dirigida a Estados Unidos e Israel, que \"el pueblo argentino no tiene que tolerar que su pa\u00eds sea un teatro de operaciones pol\u00edticas y de inteligencia\", remarc\u00f3 la posici\u00f3n del gobierno de \"impedir que los enfrentamientos hist\u00f3ricos en sus pa\u00edses de origen sean\u2026","rel":"","context":"En \u00abPol\u00edtica\u00bb","block_context":{"text":"Pol\u00edtica","link":"http:\/\/www.24baires.com\/?cat=51"},"img":{"alt_text":"timerman","src":"https:\/\/i0.wp.com\/www.24baires.com\/wp-content\/uploads\/2014\/08\/timerman.jpg?resize=350%2C200","width":350,"height":200,"srcset":"https:\/\/i0.wp.com\/www.24baires.com\/wp-content\/uploads\/2014\/08\/timerman.jpg?resize=350%2C200 1x, https:\/\/i0.wp.com\/www.24baires.com\/wp-content\/uploads\/2014\/08\/timerman.jpg?resize=525%2C300 1.5x"},"classes":[]},{"id":40041,"url":"http:\/\/www.24baires.com\/?p=40041","url_meta":{"origin":60499,"position":5},"title":"\u00abEs inaceptable la falta de respeto al pueblo argentino\u00bb sentenci\u00f3 Dom\u00ednguez","author":"GB","date":"07\/02\/2014","format":false,"excerpt":"El presidente de la C\u00e1mara de Diputados, Juli\u00e1n Dom\u00ednguez, se refiri\u00f3 a las declaraciones de los senadores norteamericanos que sostuvieron que en la Argentina rige una \"direcci\u00f3n antidemocr\u00e1tica\". \u201cFaltan a la verdad sin preocuparse por acreditar antecedentes\u201d, sostuvo Dom\u00ednguez a trav\u00e9s de un comunicado de prensa mediante el cual sali\u00f3\u2026","rel":"","context":"En \u00abPol\u00edtica\u00bb","block_context":{"text":"Pol\u00edtica","link":"http:\/\/www.24baires.com\/?cat=51"},"img":{"alt_text":"dominguez_julian","src":"https:\/\/i0.wp.com\/www.24baires.com\/wp-content\/uploads\/2013\/01\/dominguez_julian.jpg?resize=350%2C200","width":350,"height":200,"srcset":"https:\/\/i0.wp.com\/www.24baires.com\/wp-content\/uploads\/2013\/01\/dominguez_julian.jpg?resize=350%2C200 1x, https:\/\/i0.wp.com\/www.24baires.com\/wp-content\/uploads\/2013\/01\/dominguez_julian.jpg?resize=525%2C300 1.5x"},"classes":[]}],"jetpack_sharing_enabled":true,"jetpack_likes_enabled":true,"jetpack_featured_media_url":"","_links":{"self":[{"href":"http:\/\/www.24baires.com\/index.php?rest_route=\/wp\/v2\/posts\/60499","targetHints":{"allow":["GET"]}}],"collection":[{"href":"http:\/\/www.24baires.com\/index.php?rest_route=\/wp\/v2\/posts"}],"about":[{"href":"http:\/\/www.24baires.com\/index.php?rest_route=\/wp\/v2\/types\/post"}],"author":[{"embeddable":true,"href":"http:\/\/www.24baires.com\/index.php?rest_route=\/wp\/v2\/users\/11"}],"replies":[{"embeddable":true,"href":"http:\/\/www.24baires.com\/index.php?rest_route=%2Fwp%2Fv2%2Fcomments&post=60499"}],"version-history":[{"count":2,"href":"http:\/\/www.24baires.com\/index.php?rest_route=\/wp\/v2\/posts\/60499\/revisions"}],"predecessor-version":[{"id":60502,"href":"http:\/\/www.24baires.com\/index.php?rest_route=\/wp\/v2\/posts\/60499\/revisions\/60502"}],"wp:attachment":[{"href":"http:\/\/www.24baires.com\/index.php?rest_route=%2Fwp%2Fv2%2Fmedia&parent=60499"}],"wp:term":[{"taxonomy":"category","embeddable":true,"href":"http:\/\/www.24baires.com\/index.php?rest_route=%2Fwp%2Fv2%2Fcategories&post=60499"},{"taxonomy":"post_tag","embeddable":true,"href":"http:\/\/www.24baires.com\/index.php?rest_route=%2Fwp%2Fv2%2Ftags&post=60499"}],"curies":[{"name":"wp","href":"https:\/\/api.w.org\/{rel}","templated":true}]}}