{"id":60483,"date":"2015-01-21T17:00:22","date_gmt":"2015-01-21T20:00:22","guid":{"rendered":"http:\/\/www.24baires.com\/?p=60483"},"modified":"2015-01-21T17:12:57","modified_gmt":"2015-01-21T20:12:57","slug":"el-juez-lijo-ordeno-custodia-a-dos-presuntos-espias-denunciados-por-nisman","status":"publish","type":"post","link":"http:\/\/www.24baires.com\/?p=60483","title":{"rendered":"El juez Lijo orden\u00f3 custodia a dos presuntos esp\u00edas denunciados por Nisman"},"content":{"rendered":"<p><img data-recalc-dims=\"1\" loading=\"lazy\" decoding=\"async\" class=\"aligncenter size-full wp-image-60331\" src=\"https:\/\/i0.wp.com\/www.24baires.com\/wp-content\/uploads\/2015\/01\/ariel-lijo.jpg?resize=560%2C372\" alt=\"ariel lijo\" width=\"560\" height=\"372\" srcset=\"https:\/\/i0.wp.com\/www.24baires.com\/wp-content\/uploads\/2015\/01\/ariel-lijo.jpg?w=560 560w, https:\/\/i0.wp.com\/www.24baires.com\/wp-content\/uploads\/2015\/01\/ariel-lijo.jpg?resize=300%2C199 300w\" sizes=\"auto, (max-width: 560px) 100vw, 560px\" \/>El juez federal Ariel Lijo dispuso custodia sobre los dos presuntos esp\u00edas denunciados por el fallecido fiscal Alberto Nisman, luego de que la Secretar\u00eda de Inteligencia (SI) revelara que no son agentes ni fueron contratados por ese organismo.<!--more--><\/p>\n<p>Se trata de H\u00e9ctor Yrimia y Ramon Allan Bogado, quienes seg\u00fan la denuncia de Nisman eran agentes de la SI y operadores de un supuesto acuerdo secreto entre el gobierno e Ir\u00e1n.<\/p>\n<p>En un breve oficio al Ministerio de Seguridad de la Naci\u00f3n, el juez a cargo provisoriamente de la causa orden\u00f3 que ambos sean protegidos por una fuerza dependiente de ese ministerio.<\/p>\n<p>Anoche el secretario de Inteligencia, Oscar Parrilli, respondi\u00f3 a un exhorto de Lijo se\u00f1alando que los nombrados \u00abno pertenecen ni han pertenecido como personal de la planta permanente, contratado, de gabinete ni personal transitorio\u00bb.<\/p>\n<p>El lunes \u00faltimo, el Gobierno levant\u00f3 la clasificaci\u00f3n sobre la identidad de los denunciados por Nisman ya que la legislaci\u00f3n protege ese dato para los agentes de inteligencia.<\/p>\n<p>En su respuesta, la Secretar\u00eda de Inteligencia revel\u00f3 tambi\u00e9n que Bogado fue denunciado por la propia secretar\u00eda por usurpaci\u00f3n de t\u00edtulo y tr\u00e1fico de influencias al comprobarse que habitualmente se presentaba como miembro de la SI y hab\u00eda realizado gestiones en la Aduana arrog\u00e1ndose esa calidad.<\/p>\n<p>El secretario general de la Presidencia, An\u00edbal Fern\u00e1ndez, reiter\u00f3 hoy ese dato al revelar que la causa radicada en noviembre pasado ante el juez federal Luis Rodr\u00edguez hab\u00eda sido realizada por el ex n\u00famero dos del organismo Francisco Larcher, y el relevado jefe de operaciones Jaime Stiuso.<\/p>\n<p>\u00abEl mismo que le pas\u00f3 la informaci\u00f3n errada a Nisman, lo denunci\u00f3 penalmente\u00bb, remarc\u00f3 Fern\u00e1ndez.<\/p>\n<p>H\u00e9ctor Yrimia, por su parte, es un ex juez del fuero penal porte\u00f1o que renunci\u00f3 hace una d\u00e9cada y dirige en la actualidad un estudio jur\u00eddico bajo el r\u00f3tulo de especializado en temas de seguridad, y que de acuerdo a las escuchas manten\u00eda di\u00e1logos habituales con Jorge Khalil, dirigente de la comunidad isl\u00e1mica argentina, se\u00f1alado por Nisman un agente pro iran\u00ed.<\/p>\n<p>Otro de los denunciados por Nisman como parte del \u00abcomplot criminal\u00bb, el dirigente del grupo Quebracho\u00bb, Fernando Esteche, se present\u00f3 hoy a trav\u00e9s de su abogado Fernando Burlando ante el juzgado de Lijo y pidi\u00f3 ser parte de la causa.<\/p>\n<p>Esteche recuper\u00f3 la libertad el pasado 15 de diciembre luego de estar preso un a\u00f1o y medio cumpliendo una condena por violentos incidentes callejeros.<\/p>\n<p>&nbsp;<\/p>\n<p>&nbsp;<\/p>\n<p>&nbsp;<\/p>\n<p>&nbsp;<\/p>\n<p>&nbsp;<\/p>\n<p>&nbsp;<\/p>\n<p>&nbsp;<\/p>\n<p>&nbsp;<\/p>\n<p>&nbsp;<\/p>\n<p>&nbsp;<\/p>\n<p>&nbsp;<\/p>\n<p>&nbsp;<\/p>\n<p>&nbsp;<\/p>\n","protected":false},"excerpt":{"rendered":"<p>El juez federal Ariel Lijo dispuso custodia sobre los dos presuntos esp\u00edas denunciados por el fallecido fiscal Alberto Nisman, luego de que la Secretar\u00eda de Inteligencia (SI) revelara que no son agentes ni fueron contratados por ese organismo.<\/p>\n","protected":false},"author":8,"featured_media":0,"comment_status":"open","ping_status":"open","sticky":false,"template":"","format":"standard","meta":{"_jetpack_newsletter_access":"","_jetpack_dont_email_post_to_subs":false,"_jetpack_newsletter_tier_id":0,"_jetpack_memberships_contains_paywalled_content":false,"_jetpack_memberships_contains_paid_content":false,"footnotes":""},"categories":[51],"tags":[],"class_list":["post-60483","post","type-post","status-publish","format-standard","hentry","category-politica"],"jetpack_shortlink":"https:\/\/wp.me\/p2JWE0-fJx","jetpack-related-posts":[{"id":60418,"url":"http:\/\/www.24baires.com\/?p=60418","url_meta":{"origin":60483,"position":0},"title":"Lijo pidi\u00f3 conocer la identidad de agentes de inteligencia","author":"GB","date":"20\/01\/2015","format":false,"excerpt":"El juez federal Ariel Lijo pidi\u00f3 hoy a la Secretar\u00eda de Inteligencia (SI) la identidad de dos presuntos esp\u00edas mencionados por el fallecido fiscal Alberto Nisman en su denuncia sobre un supuesto encubrimiento oficial del atentado a la AMIA. En un exhorto librado al titular de la SI, Oscar Parrilli,\u2026","rel":"","context":"En \u00abPol\u00edtica\u00bb","block_context":{"text":"Pol\u00edtica","link":"http:\/\/www.24baires.com\/?cat=51"},"img":{"alt_text":"lijo","src":"https:\/\/i0.wp.com\/www.24baires.com\/wp-content\/uploads\/2014\/06\/lijo.jpg?resize=350%2C200","width":350,"height":200,"srcset":"https:\/\/i0.wp.com\/www.24baires.com\/wp-content\/uploads\/2014\/06\/lijo.jpg?resize=350%2C200 1x, https:\/\/i0.wp.com\/www.24baires.com\/wp-content\/uploads\/2014\/06\/lijo.jpg?resize=525%2C300 1.5x"},"classes":[]},{"id":102494,"url":"http:\/\/www.24baires.com\/?p=102494","url_meta":{"origin":60483,"position":1},"title":"La C\u00e1mara \u00abreflot\u00f3\u00bb la causa Nisman y asegura que se trat\u00f3 de un crimen","author":"AF","date":"01\/06\/2018","format":false,"excerpt":"Confirm\u00f3 que el ex juez Alberto Nisman fue asesinado. Agregaron que el motivo fue su denuncia contra Cristina Kirchner. Adem\u00e1s dejaron firme el procesamiento de Diego Lagomarsino. La C\u00e1mara Federal hizo su aparici\u00f3n en medio de la debacle econ\u00f3mica que enfrenta el gobierno de Mauricio Macri. Entre masivas manifestaciones en\u2026","rel":"","context":"En \u00abJUDICIALES\u00bb","block_context":{"text":"JUDICIALES","link":"http:\/\/www.24baires.com\/?cat=68"},"img":{"alt_text":"","src":"https:\/\/i0.wp.com\/www.24baires.com\/wp-content\/uploads\/2015\/07\/nisman.jpg?resize=350%2C200","width":350,"height":200,"srcset":"https:\/\/i0.wp.com\/www.24baires.com\/wp-content\/uploads\/2015\/07\/nisman.jpg?resize=350%2C200 1x, https:\/\/i0.wp.com\/www.24baires.com\/wp-content\/uploads\/2015\/07\/nisman.jpg?resize=525%2C300 1.5x"},"classes":[]},{"id":61387,"url":"http:\/\/www.24baires.com\/?p=61387","url_meta":{"origin":60483,"position":2},"title":"An\u00edbal destac\u00f3 que hayan citado a declarar al ex agente de Inteligencia","author":"GB","date":"07\/02\/2015","format":false,"excerpt":"El secretario general de la Presidencia, An\u00edbal Fern\u00e1ndez, apunt\u00f3 contra \u00e9l en Radio 10 al considerarlo el autor de la \"bochornosa denuncia\" por encubrimiento que present\u00f3 el fallecido fiscal Alberto Nisman. El secretario general de la Presidencia, An\u00edbal Fern\u00e1ndez, sostuvo este s\u00e1bado que el ex agente de Inteligencia Antonio \"Jaime\"\u2026","rel":"","context":"En \u00abPol\u00edtica\u00bb","block_context":{"text":"Pol\u00edtica","link":"http:\/\/www.24baires.com\/?cat=51"},"img":{"alt_text":"anibal","src":"https:\/\/i0.wp.com\/www.24baires.com\/wp-content\/uploads\/2015\/01\/anibal.jpg?resize=350%2C200","width":350,"height":200,"srcset":"https:\/\/i0.wp.com\/www.24baires.com\/wp-content\/uploads\/2015\/01\/anibal.jpg?resize=350%2C200 1x, https:\/\/i0.wp.com\/www.24baires.com\/wp-content\/uploads\/2015\/01\/anibal.jpg?resize=525%2C300 1.5x"},"classes":[]},{"id":91203,"url":"http:\/\/www.24baires.com\/?p=91203","url_meta":{"origin":60483,"position":3},"title":"El juez Lijo investigar\u00e1 la denuncia de Nisman contra Cristina","author":"AF","date":"30\/12\/2016","format":false,"excerpt":"Se trata de la causa contra la ex presidenta Cristina Kirchner, el ex canciller H\u00e9ctor Timerman, y otros ex funcionarios por presunto encubrimiento de los imputados iran\u00edes por el atentado a la Amia. La causa contra la ex presidenta Cristina Fern\u00e1ndez de Kirchner, el ex canciller H\u00e9ctor Timerman, y otros\u2026","rel":"","context":"En \u00abJUDICIALES\u00bb","block_context":{"text":"JUDICIALES","link":"http:\/\/www.24baires.com\/?cat=68"},"img":{"alt_text":"","src":"https:\/\/i0.wp.com\/www.24baires.com\/wp-content\/uploads\/2016\/08\/Cristina...jpg?resize=350%2C200","width":350,"height":200,"srcset":"https:\/\/i0.wp.com\/www.24baires.com\/wp-content\/uploads\/2016\/08\/Cristina...jpg?resize=350%2C200 1x, https:\/\/i0.wp.com\/www.24baires.com\/wp-content\/uploads\/2016\/08\/Cristina...jpg?resize=525%2C300 1.5x"},"classes":[]},{"id":60330,"url":"http:\/\/www.24baires.com\/?p=60330","url_meta":{"origin":60483,"position":4},"title":"Tras la muerte de Nisman, habilitan la feria judicial para tratar la denuncia del fiscal","author":"GB","date":"19\/01\/2015","format":false,"excerpt":"El juez Federal Ariel Lijo tom\u00f3 la decisi\u00f3n de habilitar la feria para tomar la denuncia del fiscal Nisman. Por su parte, la Procuraci\u00f3n General de la Naci\u00f3n, a cargo de Alejandra Gils Carb\u00f3, nombr\u00f3 al fiscal Alberto Adri\u00e1n Gentili como subrogante al frente de la unidad especial del caso\u2026","rel":"","context":"En \u00abPol\u00edtica\u00bb","block_context":{"text":"Pol\u00edtica","link":"http:\/\/www.24baires.com\/?cat=51"},"img":{"alt_text":"","src":"https:\/\/i0.wp.com\/www.24baires.com\/wp-content\/uploads\/2015\/01\/ariel-lijo.jpg?resize=350%2C200","width":350,"height":200,"srcset":"https:\/\/i0.wp.com\/www.24baires.com\/wp-content\/uploads\/2015\/01\/ariel-lijo.jpg?resize=350%2C200 1x, https:\/\/i0.wp.com\/www.24baires.com\/wp-content\/uploads\/2015\/01\/ariel-lijo.jpg?resize=525%2C300 1.5x"},"classes":[]},{"id":60144,"url":"http:\/\/www.24baires.com\/?p=60144","url_meta":{"origin":60483,"position":5},"title":"Servini de Cubr\u00eda rechaz\u00f3 habilitar la feria por la denuncia de Nisman","author":"GB","date":"15\/01\/2015","format":false,"excerpt":"La jueza federal Mar\u00eda Servini de Cubr\u00eda rechaz\u00f3 hoy habilitar la feria judicial de enero para dar curso a la denuncia presentada ayer por el fiscal federal Alberto Nisman, en relaci\u00f3n a un presunto encubrimiento del atentado a la AMIA por parte de la presidenta Cristina Fern\u00e1ndez de Kirchner y\u2026","rel":"","context":"En \u00abPol\u00edtica\u00bb","block_context":{"text":"Pol\u00edtica","link":"http:\/\/www.24baires.com\/?cat=51"},"img":{"alt_text":"0000servini","src":"https:\/\/i0.wp.com\/www.24baires.com\/wp-content\/uploads\/2013\/06\/0000servini.jpg?resize=350%2C200","width":350,"height":200,"srcset":"https:\/\/i0.wp.com\/www.24baires.com\/wp-content\/uploads\/2013\/06\/0000servini.jpg?resize=350%2C200 1x, https:\/\/i0.wp.com\/www.24baires.com\/wp-content\/uploads\/2013\/06\/0000servini.jpg?resize=525%2C300 1.5x"},"classes":[]}],"jetpack_sharing_enabled":true,"jetpack_likes_enabled":true,"jetpack_featured_media_url":"","_links":{"self":[{"href":"http:\/\/www.24baires.com\/index.php?rest_route=\/wp\/v2\/posts\/60483","targetHints":{"allow":["GET"]}}],"collection":[{"href":"http:\/\/www.24baires.com\/index.php?rest_route=\/wp\/v2\/posts"}],"about":[{"href":"http:\/\/www.24baires.com\/index.php?rest_route=\/wp\/v2\/types\/post"}],"author":[{"embeddable":true,"href":"http:\/\/www.24baires.com\/index.php?rest_route=\/wp\/v2\/users\/8"}],"replies":[{"embeddable":true,"href":"http:\/\/www.24baires.com\/index.php?rest_route=%2Fwp%2Fv2%2Fcomments&post=60483"}],"version-history":[{"count":1,"href":"http:\/\/www.24baires.com\/index.php?rest_route=\/wp\/v2\/posts\/60483\/revisions"}],"predecessor-version":[{"id":60484,"href":"http:\/\/www.24baires.com\/index.php?rest_route=\/wp\/v2\/posts\/60483\/revisions\/60484"}],"wp:attachment":[{"href":"http:\/\/www.24baires.com\/index.php?rest_route=%2Fwp%2Fv2%2Fmedia&parent=60483"}],"wp:term":[{"taxonomy":"category","embeddable":true,"href":"http:\/\/www.24baires.com\/index.php?rest_route=%2Fwp%2Fv2%2Fcategories&post=60483"},{"taxonomy":"post_tag","embeddable":true,"href":"http:\/\/www.24baires.com\/index.php?rest_route=%2Fwp%2Fv2%2Ftags&post=60483"}],"curies":[{"name":"wp","href":"https:\/\/api.w.org\/{rel}","templated":true}]}}