{"id":60470,"date":"2015-01-21T14:30:56","date_gmt":"2015-01-21T17:30:56","guid":{"rendered":"http:\/\/www.24baires.com\/?p=60470"},"modified":"2015-01-21T14:30:15","modified_gmt":"2015-01-21T17:30:15","slug":"caso-nisman-investigan-una-huella-digital-y-una-pisada-en-el-departamento-del-fiscal","status":"publish","type":"post","link":"http:\/\/www.24baires.com\/?p=60470","title":{"rendered":"Caso Nisman: Investigan una huella digital y una pisada en el departamento del fiscal"},"content":{"rendered":"<p><img data-recalc-dims=\"1\" loading=\"lazy\" decoding=\"async\" class=\"aligncenter size-full wp-image-60342\" src=\"https:\/\/i0.wp.com\/www.24baires.com\/wp-content\/uploads\/2015\/01\/autopsia.jpg?resize=560%2C373\" alt=\"autopsia\" width=\"560\" height=\"373\" srcset=\"https:\/\/i0.wp.com\/www.24baires.com\/wp-content\/uploads\/2015\/01\/autopsia.jpg?w=560 560w, https:\/\/i0.wp.com\/www.24baires.com\/wp-content\/uploads\/2015\/01\/autopsia.jpg?resize=300%2C200 300w\" sizes=\"auto, (max-width: 560px) 100vw, 560px\" \/>Ambas son analizados por los investigadores que trabajan en el caso. Esos rastros fueron \u00ablevantados\u00bb de un pasadizo que une el departamento que habitaba Nisman con otro en el mismo piso 13 de la torre Le Park.<!--more--><\/p>\n<p>Rastros de una huella digital y de una pisada en la vivienda del fiscal federal Alberto Nisman son analizados por los investigadores que trabajan en el esclarecimiento de la muerte del ex encargado de la causa AMIA, indicaron hoy fuentes judiciales.<\/p>\n<p>Los informantes se\u00f1alaron que esos rastros fueron \u00ablevantados\u00bb de un pasadizo que une el departamento que habitaba Nisman con otro en el mismo piso 13 de la torre Le Park, en Puerto Madero, y donde est\u00e1n instalados los equipos de aire acondicionado.<br \/>\nSeg\u00fan se determin\u00f3, en el otro departamento vive un ciudadano extranjero y los pesquisas tendr\u00e1n que determinar primero la antig\u00fcedad de los rastros y si pudieren haber sido, o no, de t\u00e9cnicos de esos equipos de refrigeraci\u00f3n.<\/p>\n<p>En esa angosta pasarela los equipos de aire acondicionado est\u00e1n situados sobre la pared y del lado opuesto hay una baranda sobre la que detect\u00f3 la huella digital, seg\u00fan indicaron las fuentes.<\/p>\n<p>&nbsp;<\/p>\n<p>&nbsp;<\/p>\n<p>&nbsp;<\/p>\n<p>&nbsp;<\/p>\n<p>&nbsp;<\/p>\n<p>&nbsp;<\/p>\n<p>&nbsp;<\/p>\n<p>&nbsp;<\/p>\n<p>&nbsp;<\/p>\n<p>&nbsp;<\/p>\n<p>&nbsp;<\/p>\n<p>&nbsp;<\/p>\n<p>&nbsp;<\/p>\n<p>&nbsp;<\/p>\n<p>&nbsp;<\/p>\n<p>&nbsp;<\/p>\n<p>&nbsp;<\/p>\n","protected":false},"excerpt":{"rendered":"<p>Ambas son analizados por los investigadores que trabajan en el caso. Esos rastros fueron \u00ablevantados\u00bb de un pasadizo que une el departamento que habitaba Nisman con otro en el mismo piso 13 de la torre Le Park.<\/p>\n","protected":false},"author":8,"featured_media":0,"comment_status":"open","ping_status":"open","sticky":false,"template":"","format":"standard","meta":{"_jetpack_newsletter_access":"","_jetpack_dont_email_post_to_subs":false,"_jetpack_newsletter_tier_id":0,"_jetpack_memberships_contains_paywalled_content":false,"_jetpack_memberships_contains_paid_content":false,"footnotes":""},"categories":[51],"tags":[],"class_list":["post-60470","post","type-post","status-publish","format-standard","hentry","category-politica"],"jetpack_shortlink":"https:\/\/wp.me\/p2JWE0-fJk","jetpack-related-posts":[{"id":60734,"url":"http:\/\/www.24baires.com\/?p=60734","url_meta":{"origin":60470,"position":0},"title":"Admiten dificultades para identificar el rastro digital en el edificio de Nisman","author":"AF","date":"26\/01\/2015","format":false,"excerpt":"Los especialistas manifestaron a la fiscal Viviana Fein los inconvenientes que presenta esa tarea, debido a que el rastro conseguido en el piso decimotercero de la torre Le Parc donde viv\u00eda Nisman es \"incompleto\". Expertos del Poder Judicial que trabajan en la identificaci\u00f3n de una huella digital hallada en lugar\u2026","rel":"","context":"En \u00abJUDICIALES\u00bb","block_context":{"text":"JUDICIALES","link":"http:\/\/www.24baires.com\/?cat=68"},"img":{"alt_text":"","src":"","width":0,"height":0},"classes":[]},{"id":62613,"url":"http:\/\/www.24baires.com\/?p=62613","url_meta":{"origin":60470,"position":1},"title":"Pericias toxicol\u00f3gicas revelaron que Nisman ten\u00eda 1,73 gramos de alcohol en el est\u00f3mago","author":"AF","date":"04\/03\/2015","format":false,"excerpt":"Seg\u00fan indicaron fuentes allegadas a la investigaci\u00f3n, \"la presencia de esa elevada proporci\u00f3n de alcohol (presuntamente vodka) en el est\u00f3mago indicar\u00eda que no tuvo tiempo material de metabolizarse, es decir que la ingesta habr\u00eda sido muy poco antes de la muerte\". Los mismos informantes apuntaron que en el ba\u00f1o del\u2026","rel":"","context":"En \u00abGeneral\u00bb","block_context":{"text":"General","link":"http:\/\/www.24baires.com\/?cat=67"},"img":{"alt_text":"nisman-1","src":"https:\/\/i0.wp.com\/www.24baires.com\/wp-content\/uploads\/2015\/01\/nisman-1.jpg?resize=350%2C200","width":350,"height":200,"srcset":"https:\/\/i0.wp.com\/www.24baires.com\/wp-content\/uploads\/2015\/01\/nisman-1.jpg?resize=350%2C200 1x, https:\/\/i0.wp.com\/www.24baires.com\/wp-content\/uploads\/2015\/01\/nisman-1.jpg?resize=525%2C300 1.5x"},"classes":[]},{"id":68885,"url":"http:\/\/www.24baires.com\/?p=68885","url_meta":{"origin":60470,"position":2},"title":"Analizar\u00e1n el m\u00f3dem de Nisman","author":"AF","date":"10\/07\/2015","format":false,"excerpt":"Fuentes allegadas a la investigaci\u00f3n recordaron que la fiscal hab\u00eda solicitado autorizaci\u00f3n a la jueza Fabiana Palmaghini para la diligencia judicial, a ra\u00edz de una serie de informes parciales suministrados por los expertos en inform\u00e1tica. La fiscal Viviana Fein tiene previsto realizar el pr\u00f3ximo lunes el procedimiento en b\u00fasqueda del\u2026","rel":"","context":"En \u00abJUDICIALES\u00bb","block_context":{"text":"JUDICIALES","link":"http:\/\/www.24baires.com\/?cat=68"},"img":{"alt_text":"fein","src":"https:\/\/i0.wp.com\/www.24baires.com\/wp-content\/uploads\/2015\/01\/fein.jpg?resize=350%2C200","width":350,"height":200,"srcset":"https:\/\/i0.wp.com\/www.24baires.com\/wp-content\/uploads\/2015\/01\/fein.jpg?resize=350%2C200 1x, https:\/\/i0.wp.com\/www.24baires.com\/wp-content\/uploads\/2015\/01\/fein.jpg?resize=525%2C300 1.5x"},"classes":[]},{"id":61542,"url":"http:\/\/www.24baires.com\/?p=61542","url_meta":{"origin":60470,"position":3},"title":"Hallaron un ADN distinto al de Nisman en su departamento","author":"GB","date":"10\/02\/2015","format":false,"excerpt":"El nuevo perfil gen\u00e9tico que mand\u00f3 a analizar la jueza Fabiana Palmaghini fue encontrado en un pocillo de caf\u00e9 hallado en la pileta de la cocina del departamento del fiscal en la torre Le Parc, en Puerto Madero. Se tratar\u00eda de una taza utilizada por Lagomarsino el s\u00e1bado previo a\u2026","rel":"","context":"En \u00abPol\u00edtica\u00bb","block_context":{"text":"Pol\u00edtica","link":"http:\/\/www.24baires.com\/?cat=51"},"img":{"alt_text":"","src":"","width":0,"height":0},"classes":[]},{"id":60661,"url":"http:\/\/www.24baires.com\/?p=60661","url_meta":{"origin":60470,"position":4},"title":"\u00abEl disparo se produjo a una distancia no mayor a un cent\u00edmetro\u00bb, dijo Fein","author":"GB","date":"24\/01\/2015","format":false,"excerpt":"As\u00ed lo confirm\u00f3 la fiscal que tiene a su cargo la investigaci\u00f3n de la muerte de Alberto Nisman. \"El disparo fue sobre la oreja\", agreg\u00f3, y confirm\u00f3 que \"el proyectil y la vaina se corresponden con el arma encontrada en el lugar\" . La fiscal Viviana Fein revel\u00f3 este s\u00e1bado\u2026","rel":"","context":"En \u00abPol\u00edtica\u00bb","block_context":{"text":"Pol\u00edtica","link":"http:\/\/www.24baires.com\/?cat=51"},"img":{"alt_text":"","src":"https:\/\/i0.wp.com\/www.24baires.com\/wp-content\/uploads\/2015\/01\/fein.jpg?resize=350%2C200","width":350,"height":200,"srcset":"https:\/\/i0.wp.com\/www.24baires.com\/wp-content\/uploads\/2015\/01\/fein.jpg?resize=350%2C200 1x, https:\/\/i0.wp.com\/www.24baires.com\/wp-content\/uploads\/2015\/01\/fein.jpg?resize=525%2C300 1.5x"},"classes":[]},{"id":60590,"url":"http:\/\/www.24baires.com\/?p=60590","url_meta":{"origin":60470,"position":5},"title":"La ex esposa de Nisman ya declara ante la fiscal Fein","author":"GB","date":"23\/01\/2015","format":false,"excerpt":"La jueza Sandra Arroyo Salgado, ingres\u00f3 esta ma\u00f1ana a la Fiscal\u00eda a cargo de Viviana Fein para brindar su testimonio en el marco de la investigaci\u00f3n por la muerte del fiscal especial de la causa AMIA. La ex esposa de Alberto Nisman, la jueza Sandra Arroyo Salgado, ingres\u00f3 esta ma\u00f1ana\u2026","rel":"","context":"En \u00abPol\u00edtica\u00bb","block_context":{"text":"Pol\u00edtica","link":"http:\/\/www.24baires.com\/?cat=51"},"img":{"alt_text":"","src":"https:\/\/i0.wp.com\/www.24baires.com\/wp-content\/uploads\/2015\/01\/esposa-nisman.jpg?resize=350%2C200","width":350,"height":200},"classes":[]}],"jetpack_sharing_enabled":true,"jetpack_likes_enabled":true,"jetpack_featured_media_url":"","_links":{"self":[{"href":"http:\/\/www.24baires.com\/index.php?rest_route=\/wp\/v2\/posts\/60470","targetHints":{"allow":["GET"]}}],"collection":[{"href":"http:\/\/www.24baires.com\/index.php?rest_route=\/wp\/v2\/posts"}],"about":[{"href":"http:\/\/www.24baires.com\/index.php?rest_route=\/wp\/v2\/types\/post"}],"author":[{"embeddable":true,"href":"http:\/\/www.24baires.com\/index.php?rest_route=\/wp\/v2\/users\/8"}],"replies":[{"embeddable":true,"href":"http:\/\/www.24baires.com\/index.php?rest_route=%2Fwp%2Fv2%2Fcomments&post=60470"}],"version-history":[{"count":1,"href":"http:\/\/www.24baires.com\/index.php?rest_route=\/wp\/v2\/posts\/60470\/revisions"}],"predecessor-version":[{"id":60471,"href":"http:\/\/www.24baires.com\/index.php?rest_route=\/wp\/v2\/posts\/60470\/revisions\/60471"}],"wp:attachment":[{"href":"http:\/\/www.24baires.com\/index.php?rest_route=%2Fwp%2Fv2%2Fmedia&parent=60470"}],"wp:term":[{"taxonomy":"category","embeddable":true,"href":"http:\/\/www.24baires.com\/index.php?rest_route=%2Fwp%2Fv2%2Fcategories&post=60470"},{"taxonomy":"post_tag","embeddable":true,"href":"http:\/\/www.24baires.com\/index.php?rest_route=%2Fwp%2Fv2%2Ftags&post=60470"}],"curies":[{"name":"wp","href":"https:\/\/api.w.org\/{rel}","templated":true}]}}