{"id":60418,"date":"2015-01-20T17:30:59","date_gmt":"2015-01-20T20:30:59","guid":{"rendered":"http:\/\/www.24baires.com\/?p=60418"},"modified":"2015-01-20T17:04:11","modified_gmt":"2015-01-20T20:04:11","slug":"lijo-pidio-conocer-la-identidad-de-agentes-de-inteligencia","status":"publish","type":"post","link":"http:\/\/www.24baires.com\/?p=60418","title":{"rendered":"Lijo pidi\u00f3 conocer la identidad de agentes de inteligencia"},"content":{"rendered":"<p><img data-recalc-dims=\"1\" loading=\"lazy\" decoding=\"async\" class=\"aligncenter size-full wp-image-47892\" src=\"https:\/\/i0.wp.com\/www.24baires.com\/wp-content\/uploads\/2014\/06\/lijo.jpg?resize=560%2C319\" alt=\"lijo\" width=\"560\" height=\"319\" srcset=\"https:\/\/i0.wp.com\/www.24baires.com\/wp-content\/uploads\/2014\/06\/lijo.jpg?w=560 560w, https:\/\/i0.wp.com\/www.24baires.com\/wp-content\/uploads\/2014\/06\/lijo.jpg?resize=300%2C170 300w\" sizes=\"auto, (max-width: 560px) 100vw, 560px\" \/>El juez federal Ariel Lijo pidi\u00f3 hoy a la Secretar\u00eda de Inteligencia (SI) la identidad de dos presuntos esp\u00edas mencionados por el fallecido fiscal Alberto Nisman en su denuncia sobre un supuesto encubrimiento oficial del atentado a la AMIA.<!--more--><\/p>\n<p>En un exhorto librado al titular de la SI, Oscar Parrilli, Lijo hizo lugar a un pedido del fiscal Ramiro Gonz\u00e1lez, quien deber\u00eda expedirse sobre la denuncia de Nisman para impulsar la investigaci\u00f3n e incluso determinar si el juez tiene competencia sobre el tema.<\/p>\n<p>Ayer, la presidenta Cristina Fern\u00e1ndez de Kirchner orden\u00f3 al jefe de la SI la desclasificaci\u00f3n de todos los nombres de presuntos agentes de inteligencia mencionados por Nisman y cuya identidad est\u00e1 preservada por ley.<\/p>\n<p>Fuentes pr\u00f3ximas al juzgado federal n\u00famero 4 dijeron que una de las identidades requeridas ser\u00eda la de Luis Yrimia, un ex juez mencionado por Nisman como colaborador de la central de inteligencia para un acuerdo con Ir\u00e1n para desincriminar a los presuntos culpables del atentado de 1994 a la mutual jud\u00eda.<\/p>\n<p>Lijo interrumpi\u00f3 sus vacaciones y volvi\u00f3 ayer al juzgado, donde orden\u00f3 medidas para \u00abpreservar las pruebas\u00bb presentadas por Nisman, en especial 19 discos conteniendo grabaciones telef\u00f3nicas realizadas por el fiscal.<\/p>\n<p>En el segundo d\u00eda en que adopta medidas sobre la causa, cuyo tratamiento urgente rechaz\u00f3 la semana pasada la jueza de feria Maria Servini de Cubr\u00eda, fuentes pr\u00f3ximas a Lijo negaron que haya habilitado la feria y aseguraron que solo tom\u00f3 \u00abmedidas urgentes\u00bb ya que el expediente reci\u00e9n comenzar\u00e1 a tramitar en febrero, al t\u00e9rmino del receso, y cuando se conozca el dictamen del fiscal.<\/p>\n<p>La semana pasada, tras conocerse la denuncia de Nisman, el juez federal Rodolfo Canicoba Corral que investiga el atentado a la AMIA, calific\u00f3 de \u00abdudosa legalidad\u00bb a las escuchas de Nisman ya que reconoci\u00f3 haber autorizado que s\u00f3lo se espiara a Jorge Khalil, un iran\u00ed residente en Buenos Aires al que Nisman adjudic\u00f3 el rol de gestor del encubrimiento oficial.<\/p>\n<p>Sin embargo, al ingresar hoy a los Tribunales federales de Comodoro Py, Canicoba neg\u00f3 que existiera un conflicto con su colega Lijo, quien investiga el denominado encubrimiento en la investigaci\u00f3n del atentado de 1994, y que el motivo de su presencia en el lugar fuera un encuentro entre ambos para limar diferencias.<\/p>\n<p>Nisman busc\u00f3 sumar su denuncia a la causa de Lijo, pero fuentes judiciales estiman que deber\u00eda haberla presentado a la C\u00e1mara federal para que sorteara otro juzgado ya que su denuncia refiere a un hecho reciente.<\/p>\n<p>En la causa tramitada por Lijo ya fueron enviados a juicio oral -aun sin fecha- el ex presidente Carlos Menem, el ex juez Juan Jos\u00e9 Galeano, el entonces titular de la SIDE, Hugo Anzorreguy, el ex titular de la DAIA, Rub\u00e9n Beraja, entre otros acusados.<\/p>\n<p>En tanto, Canicoba ya envi\u00f3 a juicio oral al reducidor de coches, Carlos Telleld\u00edn, imputado como quien prepar\u00f3 la camioneta en la que se habr\u00eda montado el explosivo del atentado.<\/p>\n<p>&nbsp;<\/p>\n<p>&nbsp;<\/p>\n<p>&nbsp;<\/p>\n<p>&nbsp;<\/p>\n<p>&nbsp;<\/p>\n<p>&nbsp;<\/p>\n<p>&nbsp;<\/p>\n<p>&nbsp;<\/p>\n<p>&nbsp;<\/p>\n<p>&nbsp;<\/p>\n<p>&nbsp;<\/p>\n<p>&nbsp;<\/p>\n<p>&nbsp;<\/p>\n<p>&nbsp;<\/p>\n<p>&nbsp;<\/p>\n<p>&nbsp;<\/p>\n<p>&nbsp;<\/p>\n<p>&nbsp;<\/p>\n<p>&nbsp;<\/p>\n","protected":false},"excerpt":{"rendered":"<p>El juez federal Ariel Lijo pidi\u00f3 hoy a la Secretar\u00eda de Inteligencia (SI) la identidad de dos presuntos esp\u00edas mencionados por el fallecido fiscal Alberto Nisman en su denuncia sobre un supuesto encubrimiento oficial del atentado a la AMIA.<\/p>\n","protected":false},"author":8,"featured_media":0,"comment_status":"open","ping_status":"open","sticky":false,"template":"","format":"standard","meta":{"_jetpack_newsletter_access":"","_jetpack_dont_email_post_to_subs":false,"_jetpack_newsletter_tier_id":0,"_jetpack_memberships_contains_paywalled_content":false,"_jetpack_memberships_contains_paid_content":false,"footnotes":""},"categories":[51],"tags":[],"class_list":["post-60418","post","type-post","status-publish","format-standard","hentry","category-politica"],"jetpack_shortlink":"https:\/\/wp.me\/p2JWE0-fIu","jetpack-related-posts":[{"id":60483,"url":"http:\/\/www.24baires.com\/?p=60483","url_meta":{"origin":60418,"position":0},"title":"El juez Lijo orden\u00f3 custodia a dos presuntos esp\u00edas denunciados por Nisman","author":"GB","date":"21\/01\/2015","format":false,"excerpt":"El juez federal Ariel Lijo dispuso custodia sobre los dos presuntos esp\u00edas denunciados por el fallecido fiscal Alberto Nisman, luego de que la Secretar\u00eda de Inteligencia (SI) revelara que no son agentes ni fueron contratados por ese organismo. Se trata de H\u00e9ctor Yrimia y Ramon Allan Bogado, quienes seg\u00fan la\u2026","rel":"","context":"En \u00abPol\u00edtica\u00bb","block_context":{"text":"Pol\u00edtica","link":"http:\/\/www.24baires.com\/?cat=51"},"img":{"alt_text":"ariel lijo","src":"https:\/\/i0.wp.com\/www.24baires.com\/wp-content\/uploads\/2015\/01\/ariel-lijo.jpg?resize=350%2C200","width":350,"height":200,"srcset":"https:\/\/i0.wp.com\/www.24baires.com\/wp-content\/uploads\/2015\/01\/ariel-lijo.jpg?resize=350%2C200 1x, https:\/\/i0.wp.com\/www.24baires.com\/wp-content\/uploads\/2015\/01\/ariel-lijo.jpg?resize=525%2C300 1.5x"},"classes":[]},{"id":105991,"url":"http:\/\/www.24baires.com\/?p=105991","url_meta":{"origin":60418,"position":1},"title":"Imputaron al senador Juan Carlos Marino por el abuso sexual a una empleada en el Congreso","author":"AF","date":"18\/12\/2018","format":false,"excerpt":"El fiscal federal Federico Delgado imput\u00f3 al senador y a sus colaboradores Pedro Fiorda y Juan Carlos Amarilla. El fiscal federal Federico Delgado imput\u00f3 al senador nacional por La Pampa, Juan Carlos Marino (UCR), y a dos de sus asesores en la causa donde fue denunciado por presunto abuso sexual.\u2026","rel":"","context":"En \u00abSociedad\u00bb","block_context":{"text":"Sociedad","link":"http:\/\/www.24baires.com\/?cat=1"},"img":{"alt_text":"","src":"https:\/\/i0.wp.com\/www.24baires.com\/wp-content\/uploads\/2018\/12\/marino.png?resize=350%2C200","width":350,"height":200,"srcset":"https:\/\/i0.wp.com\/www.24baires.com\/wp-content\/uploads\/2018\/12\/marino.png?resize=350%2C200 1x, https:\/\/i0.wp.com\/www.24baires.com\/wp-content\/uploads\/2018\/12\/marino.png?resize=525%2C300 1.5x"},"classes":[]},{"id":102494,"url":"http:\/\/www.24baires.com\/?p=102494","url_meta":{"origin":60418,"position":2},"title":"La C\u00e1mara \u00abreflot\u00f3\u00bb la causa Nisman y asegura que se trat\u00f3 de un crimen","author":"AF","date":"01\/06\/2018","format":false,"excerpt":"Confirm\u00f3 que el ex juez Alberto Nisman fue asesinado. Agregaron que el motivo fue su denuncia contra Cristina Kirchner. Adem\u00e1s dejaron firme el procesamiento de Diego Lagomarsino. La C\u00e1mara Federal hizo su aparici\u00f3n en medio de la debacle econ\u00f3mica que enfrenta el gobierno de Mauricio Macri. Entre masivas manifestaciones en\u2026","rel":"","context":"En \u00abJUDICIALES\u00bb","block_context":{"text":"JUDICIALES","link":"http:\/\/www.24baires.com\/?cat=68"},"img":{"alt_text":"","src":"https:\/\/i0.wp.com\/www.24baires.com\/wp-content\/uploads\/2015\/07\/nisman.jpg?resize=350%2C200","width":350,"height":200,"srcset":"https:\/\/i0.wp.com\/www.24baires.com\/wp-content\/uploads\/2015\/07\/nisman.jpg?resize=350%2C200 1x, https:\/\/i0.wp.com\/www.24baires.com\/wp-content\/uploads\/2015\/07\/nisman.jpg?resize=525%2C300 1.5x"},"classes":[]},{"id":60144,"url":"http:\/\/www.24baires.com\/?p=60144","url_meta":{"origin":60418,"position":3},"title":"Servini de Cubr\u00eda rechaz\u00f3 habilitar la feria por la denuncia de Nisman","author":"GB","date":"15\/01\/2015","format":false,"excerpt":"La jueza federal Mar\u00eda Servini de Cubr\u00eda rechaz\u00f3 hoy habilitar la feria judicial de enero para dar curso a la denuncia presentada ayer por el fiscal federal Alberto Nisman, en relaci\u00f3n a un presunto encubrimiento del atentado a la AMIA por parte de la presidenta Cristina Fern\u00e1ndez de Kirchner y\u2026","rel":"","context":"En \u00abPol\u00edtica\u00bb","block_context":{"text":"Pol\u00edtica","link":"http:\/\/www.24baires.com\/?cat=51"},"img":{"alt_text":"0000servini","src":"https:\/\/i0.wp.com\/www.24baires.com\/wp-content\/uploads\/2013\/06\/0000servini.jpg?resize=350%2C200","width":350,"height":200,"srcset":"https:\/\/i0.wp.com\/www.24baires.com\/wp-content\/uploads\/2013\/06\/0000servini.jpg?resize=350%2C200 1x, https:\/\/i0.wp.com\/www.24baires.com\/wp-content\/uploads\/2013\/06\/0000servini.jpg?resize=525%2C300 1.5x"},"classes":[]},{"id":61387,"url":"http:\/\/www.24baires.com\/?p=61387","url_meta":{"origin":60418,"position":4},"title":"An\u00edbal destac\u00f3 que hayan citado a declarar al ex agente de Inteligencia","author":"GB","date":"07\/02\/2015","format":false,"excerpt":"El secretario general de la Presidencia, An\u00edbal Fern\u00e1ndez, apunt\u00f3 contra \u00e9l en Radio 10 al considerarlo el autor de la \"bochornosa denuncia\" por encubrimiento que present\u00f3 el fallecido fiscal Alberto Nisman. El secretario general de la Presidencia, An\u00edbal Fern\u00e1ndez, sostuvo este s\u00e1bado que el ex agente de Inteligencia Antonio \"Jaime\"\u2026","rel":"","context":"En \u00abPol\u00edtica\u00bb","block_context":{"text":"Pol\u00edtica","link":"http:\/\/www.24baires.com\/?cat=51"},"img":{"alt_text":"anibal","src":"https:\/\/i0.wp.com\/www.24baires.com\/wp-content\/uploads\/2015\/01\/anibal.jpg?resize=350%2C200","width":350,"height":200,"srcset":"https:\/\/i0.wp.com\/www.24baires.com\/wp-content\/uploads\/2015\/01\/anibal.jpg?resize=350%2C200 1x, https:\/\/i0.wp.com\/www.24baires.com\/wp-content\/uploads\/2015\/01\/anibal.jpg?resize=525%2C300 1.5x"},"classes":[]},{"id":91203,"url":"http:\/\/www.24baires.com\/?p=91203","url_meta":{"origin":60418,"position":5},"title":"El juez Lijo investigar\u00e1 la denuncia de Nisman contra Cristina","author":"AF","date":"30\/12\/2016","format":false,"excerpt":"Se trata de la causa contra la ex presidenta Cristina Kirchner, el ex canciller H\u00e9ctor Timerman, y otros ex funcionarios por presunto encubrimiento de los imputados iran\u00edes por el atentado a la Amia. La causa contra la ex presidenta Cristina Fern\u00e1ndez de Kirchner, el ex canciller H\u00e9ctor Timerman, y otros\u2026","rel":"","context":"En \u00abJUDICIALES\u00bb","block_context":{"text":"JUDICIALES","link":"http:\/\/www.24baires.com\/?cat=68"},"img":{"alt_text":"","src":"https:\/\/i0.wp.com\/www.24baires.com\/wp-content\/uploads\/2016\/08\/Cristina...jpg?resize=350%2C200","width":350,"height":200,"srcset":"https:\/\/i0.wp.com\/www.24baires.com\/wp-content\/uploads\/2016\/08\/Cristina...jpg?resize=350%2C200 1x, https:\/\/i0.wp.com\/www.24baires.com\/wp-content\/uploads\/2016\/08\/Cristina...jpg?resize=525%2C300 1.5x"},"classes":[]}],"jetpack_sharing_enabled":true,"jetpack_likes_enabled":true,"jetpack_featured_media_url":"","_links":{"self":[{"href":"http:\/\/www.24baires.com\/index.php?rest_route=\/wp\/v2\/posts\/60418","targetHints":{"allow":["GET"]}}],"collection":[{"href":"http:\/\/www.24baires.com\/index.php?rest_route=\/wp\/v2\/posts"}],"about":[{"href":"http:\/\/www.24baires.com\/index.php?rest_route=\/wp\/v2\/types\/post"}],"author":[{"embeddable":true,"href":"http:\/\/www.24baires.com\/index.php?rest_route=\/wp\/v2\/users\/8"}],"replies":[{"embeddable":true,"href":"http:\/\/www.24baires.com\/index.php?rest_route=%2Fwp%2Fv2%2Fcomments&post=60418"}],"version-history":[{"count":1,"href":"http:\/\/www.24baires.com\/index.php?rest_route=\/wp\/v2\/posts\/60418\/revisions"}],"predecessor-version":[{"id":60419,"href":"http:\/\/www.24baires.com\/index.php?rest_route=\/wp\/v2\/posts\/60418\/revisions\/60419"}],"wp:attachment":[{"href":"http:\/\/www.24baires.com\/index.php?rest_route=%2Fwp%2Fv2%2Fmedia&parent=60418"}],"wp:term":[{"taxonomy":"category","embeddable":true,"href":"http:\/\/www.24baires.com\/index.php?rest_route=%2Fwp%2Fv2%2Fcategories&post=60418"},{"taxonomy":"post_tag","embeddable":true,"href":"http:\/\/www.24baires.com\/index.php?rest_route=%2Fwp%2Fv2%2Ftags&post=60418"}],"curies":[{"name":"wp","href":"https:\/\/api.w.org\/{rel}","templated":true}]}}