{"id":60411,"date":"2015-01-20T16:00:25","date_gmt":"2015-01-20T19:00:25","guid":{"rendered":"http:\/\/www.24baires.com\/?p=60411"},"modified":"2015-01-20T15:47:53","modified_gmt":"2015-01-20T18:47:53","slug":"el-pj-bonaerense-pidio-esclarecer-con-celeridad-la-muerte-de-nisman","status":"publish","type":"post","link":"http:\/\/www.24baires.com\/?p=60411","title":{"rendered":"El PJ bonaerense pidi\u00f3 \u00abesclarecer con celeridad\u00bb la muerte de Nisman"},"content":{"rendered":"<p><img data-recalc-dims=\"1\" loading=\"lazy\" decoding=\"async\" class=\"aligncenter size-full wp-image-56420\" src=\"https:\/\/i0.wp.com\/www.24baires.com\/wp-content\/uploads\/2014\/11\/pj-bonaerense.jpg?resize=560%2C434\" alt=\"pj bonaerense\" width=\"560\" height=\"434\" srcset=\"https:\/\/i0.wp.com\/www.24baires.com\/wp-content\/uploads\/2014\/11\/pj-bonaerense.jpg?w=560 560w, https:\/\/i0.wp.com\/www.24baires.com\/wp-content\/uploads\/2014\/11\/pj-bonaerense.jpg?resize=300%2C232 300w\" sizes=\"auto, (max-width: 560px) 100vw, 560px\" \/>El Partido Justicialista bonaerense expres\u00f3 \u00ablas condolencias a la familia del fiscal Alberto Nisman\u00bb y se\u00f1al\u00f3 que la Justicia debe \u00abesclarecer con celeridad\u00bb las circunstancias en que muri\u00f3 el funcionario judicial que tuvo a su cargo la investigaci\u00f3n del atentado a la AMIA durante m\u00e1s de una d\u00e9cada.<!--more--><\/p>\n<p>\u00abDesde el Partido Justicialista de la provincia de Buenos Aires queremos enviarles las condolencias a la familia del fiscal Alberto Nisman, por el dolor que causa una muerte y sobre todo, el estupor que provoca un suicidio\u00bb, se\u00f1al\u00f3 una nota de la oficina de prensa del presidente del PJ bonaerense, Fernando Espinoza.<\/p>\n<p>Tras considerar un hecho que el fiscal de la causa AMIA se quit\u00f3 la vida, el texto manifest\u00f3 consternaci\u00f3n \u00abpor la decisi\u00f3n dram\u00e1tica que ha tomado\u00bb y sostuvo que \u00abahora ser\u00e1 la Justicia quien deber\u00e1 esclarecer con celeridad las circunstancias que llevaron a Nisman a tomar tal dr\u00e1stica medida\u00bb.<\/p>\n<p>\u00abSer\u00e1 tambi\u00e9n responsabilidad del Poder Judicial investigar cu\u00e1les fueron las \u00faltimas comunicaciones (del funcionario fallecido) y qu\u00e9 tuvieron que ver \u00e9stas con los motivos de deceso\u00bb, puntualiz\u00f3.<\/p>\n<p>Por otra parte, el PJ bonaerense se pregunt\u00f3 \u00abqu\u00e9 llev\u00f3 a Nisman a realizar la acusaci\u00f3n a la Presidenta, siendo Cristina y N\u00e9stor los presidentes que mayores esfuerzos han hecho por el esclarecimiento de los atentados a la Embajada de Israel y a la AMIA\u00bb.<\/p>\n<p>\u00abEn definitiva queremos conocer qu\u00e9 hecho mafioso hay por detr\u00e1s. Somos parte del pueblo argentino y como tal reclamamos verdad y justicia\u00bb, concluy\u00f3.<\/p>\n<p>&nbsp;<\/p>\n<p>&nbsp;<\/p>\n<p>&nbsp;<\/p>\n<p>&nbsp;<\/p>\n<p>&nbsp;<\/p>\n<p>&nbsp;<\/p>\n<p>&nbsp;<\/p>\n<p>&nbsp;<\/p>\n<p>&nbsp;<\/p>\n<p>&nbsp;<\/p>\n<p>&nbsp;<\/p>\n","protected":false},"excerpt":{"rendered":"<p>El Partido Justicialista bonaerense expres\u00f3 \u00ablas condolencias a la familia del fiscal Alberto Nisman\u00bb y se\u00f1al\u00f3 que la Justicia debe \u00abesclarecer con celeridad\u00bb las circunstancias en que muri\u00f3 el funcionario judicial que tuvo a su cargo la investigaci\u00f3n del atentado a la AMIA durante m\u00e1s de una d\u00e9cada.<\/p>\n","protected":false},"author":8,"featured_media":0,"comment_status":"open","ping_status":"open","sticky":false,"template":"","format":"standard","meta":{"_jetpack_newsletter_access":"","_jetpack_dont_email_post_to_subs":false,"_jetpack_newsletter_tier_id":0,"_jetpack_memberships_contains_paywalled_content":false,"_jetpack_memberships_contains_paid_content":false,"footnotes":""},"categories":[51],"tags":[],"class_list":["post-60411","post","type-post","status-publish","format-standard","hentry","category-politica"],"jetpack_shortlink":"https:\/\/wp.me\/p2JWE0-fIn","jetpack-related-posts":[{"id":102494,"url":"http:\/\/www.24baires.com\/?p=102494","url_meta":{"origin":60411,"position":0},"title":"La C\u00e1mara \u00abreflot\u00f3\u00bb la causa Nisman y asegura que se trat\u00f3 de un crimen","author":"AF","date":"01\/06\/2018","format":false,"excerpt":"Confirm\u00f3 que el ex juez Alberto Nisman fue asesinado. Agregaron que el motivo fue su denuncia contra Cristina Kirchner. Adem\u00e1s dejaron firme el procesamiento de Diego Lagomarsino. La C\u00e1mara Federal hizo su aparici\u00f3n en medio de la debacle econ\u00f3mica que enfrenta el gobierno de Mauricio Macri. Entre masivas manifestaciones en\u2026","rel":"","context":"En \u00abJUDICIALES\u00bb","block_context":{"text":"JUDICIALES","link":"http:\/\/www.24baires.com\/?cat=68"},"img":{"alt_text":"","src":"https:\/\/i0.wp.com\/www.24baires.com\/wp-content\/uploads\/2015\/07\/nisman.jpg?resize=350%2C200","width":350,"height":200,"srcset":"https:\/\/i0.wp.com\/www.24baires.com\/wp-content\/uploads\/2015\/07\/nisman.jpg?resize=350%2C200 1x, https:\/\/i0.wp.com\/www.24baires.com\/wp-content\/uploads\/2015\/07\/nisman.jpg?resize=525%2C300 1.5x"},"classes":[]},{"id":106442,"url":"http:\/\/www.24baires.com\/?p=106442","url_meta":{"origin":60411,"position":1},"title":"Lagomarsino, sobre Nisman: \u00abSigo pensando que se suicid\u00f3\u00bb","author":"AF","date":"18\/01\/2019","format":false,"excerpt":"\"Alberto me traicion\u00f3, me meti\u00f3 en una situaci\u00f3n para nada agradable. Pero a pesar de eso lo perdon\u00e9. Si tuvo que matarse con mi arma, lo perdono, le perdono que me haya metido en este problema\", resalt\u00f3 adem\u00e1s Diego Lagomarsino. Al cumplirse cuatro a\u00f1os de la muerte del fiscal Alberto\u2026","rel":"","context":"En \u00abSociedad\u00bb","block_context":{"text":"Sociedad","link":"http:\/\/www.24baires.com\/?cat=1"},"img":{"alt_text":"","src":"https:\/\/i0.wp.com\/www.24baires.com\/wp-content\/uploads\/2015\/01\/lagomarsino-11.jpg?resize=350%2C200","width":350,"height":200,"srcset":"https:\/\/i0.wp.com\/www.24baires.com\/wp-content\/uploads\/2015\/01\/lagomarsino-11.jpg?resize=350%2C200 1x, https:\/\/i0.wp.com\/www.24baires.com\/wp-content\/uploads\/2015\/01\/lagomarsino-11.jpg?resize=525%2C300 1.5x"},"classes":[]},{"id":60362,"url":"http:\/\/www.24baires.com\/?p=60362","url_meta":{"origin":60411,"position":2},"title":"Comunicado de AMIA y DAIA: \u00abQue no muera la causa\u00bb","author":"Grupo Sierra","date":"19\/01\/2015","format":false,"excerpt":"Ambas instituciones reclamaron que la Unidad Fiscal que lideraba Alberto Nisman \"contin\u00fae trabajando\", luego de manifestar su \"estupor\" por la muerte del funcionario. Los titulares fueron recibidos por el Jefe de Gabinete, el Secretario General de la Presidencia y el Ministro de Justicia. \"La AMIA y la DAIA exigen que\u2026","rel":"","context":"En \u00abJUDICIALES\u00bb","block_context":{"text":"JUDICIALES","link":"http:\/\/www.24baires.com\/?cat=68"},"img":{"alt_text":"","src":"https:\/\/i0.wp.com\/www.24baires.com\/wp-content\/uploads\/2015\/01\/daia.jpg?resize=350%2C200","width":350,"height":200,"srcset":"https:\/\/i0.wp.com\/www.24baires.com\/wp-content\/uploads\/2015\/01\/daia.jpg?resize=350%2C200 1x, https:\/\/i0.wp.com\/www.24baires.com\/wp-content\/uploads\/2015\/01\/daia.jpg?resize=525%2C300 1.5x"},"classes":[]},{"id":106628,"url":"http:\/\/www.24baires.com\/?p=106628","url_meta":{"origin":60411,"position":3},"title":"La AMIA busca retirarse de la querella contra Cristina por el Memor\u00e1ndum con Ir\u00e1n","author":"AF","date":"31\/01\/2019","format":false,"excerpt":"Fue un pedido a la DAIA en la causa que se origin\u00f3 con la denuncia del fiscal Alberto Nisman y busca \u201cempezar a tomar distancia de una causa que est\u00e1 en el centro de la famosa grieta\u201d. La Asociaci\u00f3n Mutual Israelita Argentina (AMIA) le reclam\u00f3 a la Delegaci\u00f3n de Asociaciones\u2026","rel":"","context":"En \u00abJUDICIALES\u00bb","block_context":{"text":"JUDICIALES","link":"http:\/\/www.24baires.com\/?cat=68"},"img":{"alt_text":"","src":"https:\/\/i0.wp.com\/www.24baires.com\/wp-content\/uploads\/2015\/04\/amia.jpg?resize=350%2C200","width":350,"height":200,"srcset":"https:\/\/i0.wp.com\/www.24baires.com\/wp-content\/uploads\/2015\/04\/amia.jpg?resize=350%2C200 1x, https:\/\/i0.wp.com\/www.24baires.com\/wp-content\/uploads\/2015\/04\/amia.jpg?resize=525%2C300 1.5x"},"classes":[]},{"id":106064,"url":"http:\/\/www.24baires.com\/?p=106064","url_meta":{"origin":60411,"position":4},"title":"Arroyo Salgado renunci\u00f3 a ser querrelante en la causa Nisman","author":"AF","date":"21\/12\/2018","format":false,"excerpt":"Lo hizo a trav\u00e9s de un escrito en el que dijo que a\u00fan recibe amenazas y que prefiere \"priorizar la paz y espiritualidad del grupo familiar\". La ex esposa de Alberto Nisman, la jueza Sandra Arroyo Salgado, renunci\u00f3 a la querella en la causa por la muerte del fiscal. Lo\u2026","rel":"","context":"En \u00abJUDICIALES\u00bb","block_context":{"text":"JUDICIALES","link":"http:\/\/www.24baires.com\/?cat=68"},"img":{"alt_text":"","src":"https:\/\/i0.wp.com\/www.24baires.com\/wp-content\/uploads\/2015\/02\/arroyo_salgado_senado-nisman.jpg?resize=350%2C200","width":350,"height":200,"srcset":"https:\/\/i0.wp.com\/www.24baires.com\/wp-content\/uploads\/2015\/02\/arroyo_salgado_senado-nisman.jpg?resize=350%2C200 1x, https:\/\/i0.wp.com\/www.24baires.com\/wp-content\/uploads\/2015\/02\/arroyo_salgado_senado-nisman.jpg?resize=525%2C300 1.5x"},"classes":[]},{"id":117875,"url":"http:\/\/www.24baires.com\/?p=117875","url_meta":{"origin":60411,"position":5},"title":"Cristina consider\u00f3 \u00abdisparate judicial, institucional y pol\u00edtico\u00bb a la causa del memor\u00e1ndum","author":"AF","date":"16\/07\/2021","format":false,"excerpt":"La vicepresidenta expuso durante la audiencia p\u00fablica, que fue escuchada por m\u00e1s de 20 mil personas a trav\u00e9s de YouTube. \"Se hicieron maniobras persecutorias para perjudicarnos a m\u00ed y mi familia\", asegur\u00f3. El Tribunal Oral Federal 8 debe resolver si declara o no la nulidad del proceso. La vicepresidenta Cristina\u2026","rel":"","context":"En \u00abJUDICIALES\u00bb","block_context":{"text":"JUDICIALES","link":"http:\/\/www.24baires.com\/?cat=68"},"img":{"alt_text":"","src":"https:\/\/i0.wp.com\/www.24baires.com\/wp-content\/uploads\/2021\/07\/cfk.jpg?resize=350%2C200","width":350,"height":200,"srcset":"https:\/\/i0.wp.com\/www.24baires.com\/wp-content\/uploads\/2021\/07\/cfk.jpg?resize=350%2C200 1x, https:\/\/i0.wp.com\/www.24baires.com\/wp-content\/uploads\/2021\/07\/cfk.jpg?resize=525%2C300 1.5x"},"classes":[]}],"jetpack_sharing_enabled":true,"jetpack_likes_enabled":true,"jetpack_featured_media_url":"","_links":{"self":[{"href":"http:\/\/www.24baires.com\/index.php?rest_route=\/wp\/v2\/posts\/60411","targetHints":{"allow":["GET"]}}],"collection":[{"href":"http:\/\/www.24baires.com\/index.php?rest_route=\/wp\/v2\/posts"}],"about":[{"href":"http:\/\/www.24baires.com\/index.php?rest_route=\/wp\/v2\/types\/post"}],"author":[{"embeddable":true,"href":"http:\/\/www.24baires.com\/index.php?rest_route=\/wp\/v2\/users\/8"}],"replies":[{"embeddable":true,"href":"http:\/\/www.24baires.com\/index.php?rest_route=%2Fwp%2Fv2%2Fcomments&post=60411"}],"version-history":[{"count":1,"href":"http:\/\/www.24baires.com\/index.php?rest_route=\/wp\/v2\/posts\/60411\/revisions"}],"predecessor-version":[{"id":60412,"href":"http:\/\/www.24baires.com\/index.php?rest_route=\/wp\/v2\/posts\/60411\/revisions\/60412"}],"wp:attachment":[{"href":"http:\/\/www.24baires.com\/index.php?rest_route=%2Fwp%2Fv2%2Fmedia&parent=60411"}],"wp:term":[{"taxonomy":"category","embeddable":true,"href":"http:\/\/www.24baires.com\/index.php?rest_route=%2Fwp%2Fv2%2Fcategories&post=60411"},{"taxonomy":"post_tag","embeddable":true,"href":"http:\/\/www.24baires.com\/index.php?rest_route=%2Fwp%2Fv2%2Ftags&post=60411"}],"curies":[{"name":"wp","href":"https:\/\/api.w.org\/{rel}","templated":true}]}}