{"id":60398,"date":"2015-01-20T14:15:41","date_gmt":"2015-01-20T17:15:41","guid":{"rendered":"http:\/\/www.24baires.com\/?p=60398"},"modified":"2015-01-20T14:52:20","modified_gmt":"2015-01-20T17:52:20","slug":"ex-gerentes-del-banco-nacion-iran-a-juicio-por-una-estafa-a-la-entidad-en-2001","status":"publish","type":"post","link":"http:\/\/www.24baires.com\/?p=60398","title":{"rendered":"Ex gerentes del Banco Naci\u00f3n ir\u00e1n a  juicio por una estafa a la entidad en 2001"},"content":{"rendered":"<p>Nueve ex empleados del Banco Naci\u00f3n &#8211; ocho argentinos y un uruguayo &#8211; afrontar\u00e1n un juicio oral y p\u00fablico por una estafa de casi nueve millones de d\u00f3lares contra la entidad cometida entre 2000 y 2001 mediante pr\u00e9stamos ante bancos extranjeros con garant\u00edas argentinas obtenidas de manera irregular.<!--more--><\/p>\n<p>Seg\u00fan la investigaci\u00f3n, varios gerentes de sucursales del Banco Naci\u00f3n gestionaron ante el Departamento de Garant\u00edas y Poderes la emisi\u00f3n de cartas de cr\u00e9dito \u00abStand By\u00bb para clientes ficticios para obtener pr\u00e9stamos en bancos extranjeros.<\/p>\n<p>As\u00ed, mediante un complicado mecanismo financiero, el Banco Naci\u00f3n terminaba por convertirse en garantes de esos cr\u00e9ditos.<\/p>\n<p>Una vez que los bancos extranjeros conced\u00edan los pr\u00e9stamos, los tomadores locales no los pagaban y, as\u00ed, el Banco Naci\u00f3n asum\u00eda su obligaci\u00f3n como garante.<\/p>\n<p>El Ministerio P\u00fablico Fiscal inform\u00f3 que los imputados concretaron nueve transacciones de esas caracter\u00edsticas, por un total de 8.495.000 d\u00f3lares.<\/p>\n<p>Los acusados son Carlos Alberto Freites y Gerardo H\u00e9ctor Bosco, responsables del Departamento de Garant\u00edas y Poderes del Banco Naci\u00f3n; Claudio Tom\u00e1s Aguirre, empleado del Sector de Comercio Exterior; Fabi\u00e1n Amezua, apoderado de sociedades que gestionaron cr\u00e9ditos; Teodoro Carlos Lagos, Julio C\u00e9sar Parisi y C\u00e9sar Fern\u00e1ndez Leyton, representantes de otras tomadoras de cr\u00e9ditos; el gestor Ricardo Amicone, y Pedro Lafalce, uruguayo, acusado por una operaci\u00f3n realizada en ese pa\u00eds.<\/p>\n<p>Sobre ellos pesan cargos por \u00abadministraci\u00f3n fraudulenta en perjuicio de la Administraci\u00f3n y falsificaci\u00f3n de documento p\u00fablico\u00bb, figuras por las que podr\u00edan ser condenados a penas de hasta seis a\u00f1os de c\u00e1rcel.<\/p>\n<p>El juicio oral y p\u00fablico estar\u00e1 a cargo del Tribunal Oral Federal n\u00famero cinco, integrado por los jueces Oscar Hergott, Angel Nardiello y Sergio Paduczak, quienes deber\u00e1n fijar fecha de debate tras la feria judicial de enero.<\/p>\n<p>&nbsp;<\/p>\n<p>&nbsp;<\/p>\n<p>&nbsp;<\/p>\n<p>&nbsp;<\/p>\n<p>&nbsp;<\/p>\n<p>&nbsp;<\/p>\n<p>&nbsp;<\/p>\n<p>&nbsp;<\/p>\n<p>&nbsp;<\/p>\n<p>&nbsp;<\/p>\n<p>&nbsp;<\/p>\n","protected":false},"excerpt":{"rendered":"<p>Nueve ex empleados del Banco Naci\u00f3n &#8211; ocho argentinos y un uruguayo &#8211; afrontar\u00e1n un juicio oral y p\u00fablico por una estafa de casi nueve millones de d\u00f3lares contra la entidad cometida entre 2000 y 2001 mediante pr\u00e9stamos ante bancos extranjeros con garant\u00edas argentinas obtenidas de manera irregular.<\/p>\n","protected":false},"author":8,"featured_media":0,"comment_status":"open","ping_status":"open","sticky":false,"template":"","format":"standard","meta":{"_jetpack_newsletter_access":"","_jetpack_dont_email_post_to_subs":false,"_jetpack_newsletter_tier_id":0,"_jetpack_memberships_contains_paywalled_content":false,"_jetpack_memberships_contains_paid_content":false,"footnotes":""},"categories":[51],"tags":[],"class_list":["post-60398","post","type-post","status-publish","format-standard","hentry","category-politica"],"jetpack_shortlink":"https:\/\/wp.me\/p2JWE0-fIa","jetpack-related-posts":[{"id":114163,"url":"http:\/\/www.24baires.com\/?p=114163","url_meta":{"origin":60398,"position":0},"title":"Ex funcionarios macristas involucrados en una estafa millonaria del Banco Galicia a Aerol\u00edneas","author":"GB","date":"19\/02\/2020","format":false,"excerpt":"El Estado perdi\u00f3 casi diez millones de d\u00f3lares a ra\u00edz de una operaci\u00f3n fraudulenta en la que participaron directivos de la entidad crediticia y miembros de la empresa estatal. A ra\u00edz de una auditor\u00eda realizada, se conoci\u00f3 en las \u00faltimas horas una grave denuncia por una estafa millonaria en la\u2026","rel":"","context":"En \u00abPol\u00edtica\u00bb","block_context":{"text":"Pol\u00edtica","link":"http:\/\/www.24baires.com\/?cat=51"},"img":{"alt_text":"","src":"https:\/\/i0.wp.com\/www.24baires.com\/wp-content\/uploads\/2017\/06\/macri-aerolineas.jpg?resize=350%2C200","width":350,"height":200,"srcset":"https:\/\/i0.wp.com\/www.24baires.com\/wp-content\/uploads\/2017\/06\/macri-aerolineas.jpg?resize=350%2C200 1x, https:\/\/i0.wp.com\/www.24baires.com\/wp-content\/uploads\/2017\/06\/macri-aerolineas.jpg?resize=525%2C300 1.5x"},"classes":[]},{"id":119305,"url":"http:\/\/www.24baires.com\/?p=119305","url_meta":{"origin":60398,"position":1},"title":"El Banco Mundial confirm\u00f3 un nuevo pr\u00e9stamo por US$ 900 millones","author":"AF","date":"07\/09\/2022","format":false,"excerpt":"El anuncio se realiz\u00f3 tras la reuni\u00f3n que mantuvieron en Washington el ministro de Econom\u00eda, Sergio Massa, y el Director Gerente de Operaciones de la entidad, Axel van Trotsenburg. El Banco Mundial confirm\u00f3 que en los pr\u00f3ximos seis meses la Argentina recibir\u00e1 un pr\u00e9stamo de US$ 900 millones, que se\u2026","rel":"","context":"En \u00abPol\u00edtica\u00bb","block_context":{"text":"Pol\u00edtica","link":"http:\/\/www.24baires.com\/?cat=51"},"img":{"alt_text":"","src":"https:\/\/i0.wp.com\/www.24baires.com\/wp-content\/uploads\/2022\/09\/ministerio.jpg?resize=350%2C200","width":350,"height":200,"srcset":"https:\/\/i0.wp.com\/www.24baires.com\/wp-content\/uploads\/2022\/09\/ministerio.jpg?resize=350%2C200 1x, https:\/\/i0.wp.com\/www.24baires.com\/wp-content\/uploads\/2022\/09\/ministerio.jpg?resize=525%2C300 1.5x, https:\/\/i0.wp.com\/www.24baires.com\/wp-content\/uploads\/2022\/09\/ministerio.jpg?resize=700%2C400 2x"},"classes":[]},{"id":120068,"url":"http:\/\/www.24baires.com\/?p=120068","url_meta":{"origin":60398,"position":2},"title":"Imputaron a 12 directivos de Vicentin por \u00abasociaci\u00f3n il\u00edcita\u00bb","author":"AF","date":"04\/05\/2023","format":false,"excerpt":"La decisi\u00f3n de la Justicia Penal rosarina alcanza a los mismos representantes de la empresa agroexportadora que ya hab\u00edan sido imputados por presuntas estafas y defraudaci\u00f3n en octubre de 2021. La imputaci\u00f3n se conoce dos d\u00edas despu\u00e9s de que el Banco Naci\u00f3n y la AFIP impugnaran la propuesta de pago\u2026","rel":"","context":"En \u00abJUDICIALES\u00bb","block_context":{"text":"JUDICIALES","link":"http:\/\/www.24baires.com\/?cat=68"},"img":{"alt_text":"","src":"https:\/\/i0.wp.com\/www.24baires.com\/wp-content\/uploads\/2023\/05\/vicentin.jpg?resize=350%2C200","width":350,"height":200,"srcset":"https:\/\/i0.wp.com\/www.24baires.com\/wp-content\/uploads\/2023\/05\/vicentin.jpg?resize=350%2C200 1x, https:\/\/i0.wp.com\/www.24baires.com\/wp-content\/uploads\/2023\/05\/vicentin.jpg?resize=525%2C300 1.5x, https:\/\/i0.wp.com\/www.24baires.com\/wp-content\/uploads\/2023\/05\/vicentin.jpg?resize=700%2C400 2x"},"classes":[]},{"id":118181,"url":"http:\/\/www.24baires.com\/?p=118181","url_meta":{"origin":60398,"position":3},"title":"Los 14 integrantes del directorio de Vicentin fueron imputados por estafa y defraudaci\u00f3n","author":"AF","date":"26\/10\/2021","format":false,"excerpt":"El fiscal Moreno imput\u00f3 a los directivos de Vicentin por el delito de balance falso en concurso real por defraudaci\u00f3n y estafa en seis hechos cometidos contra bancos extranjeros damnificados por el default de la empresa. Los 14 miembros del directorio de la agroexportadora Vicentin, que lleg\u00f3 a alcanzar los\u2026","rel":"","context":"En \u00abJUDICIALES\u00bb","block_context":{"text":"JUDICIALES","link":"http:\/\/www.24baires.com\/?cat=68"},"img":{"alt_text":"","src":"https:\/\/i0.wp.com\/www.24baires.com\/wp-content\/uploads\/2020\/06\/vicent%C3%ADn.jpg?resize=350%2C200","width":350,"height":200,"srcset":"https:\/\/i0.wp.com\/www.24baires.com\/wp-content\/uploads\/2020\/06\/vicent%C3%ADn.jpg?resize=350%2C200 1x, https:\/\/i0.wp.com\/www.24baires.com\/wp-content\/uploads\/2020\/06\/vicent%C3%ADn.jpg?resize=525%2C300 1.5x"},"classes":[]},{"id":104120,"url":"http:\/\/www.24baires.com\/?p=104120","url_meta":{"origin":60398,"position":4},"title":"Lanzan un fideicomiso para garantizar la continuidad de la obra p\u00fablica","author":"GB","date":"27\/08\/2018","format":false,"excerpt":"El Gobierno nacional lanz\u00f3 hoy una serie de medidas para garantizar la continuidad de las obras p\u00fablicas en marcha y el inicio de las adjudicadas mediante el sistema de Propiedad P\u00fablico Privada (PPP), y para ello anticip\u00f3 que se pondr\u00e1 en marcha un fideicomiso que permitir\u00e1 asegurar el financiamiento. En\u2026","rel":"","context":"En \u00abPol\u00edtica\u00bb","block_context":{"text":"Pol\u00edtica","link":"http:\/\/www.24baires.com\/?cat=51"},"img":{"alt_text":"","src":"https:\/\/i0.wp.com\/www.24baires.com\/wp-content\/uploads\/2016\/03\/dietrich.jpg?resize=350%2C200","width":350,"height":200,"srcset":"https:\/\/i0.wp.com\/www.24baires.com\/wp-content\/uploads\/2016\/03\/dietrich.jpg?resize=350%2C200 1x, https:\/\/i0.wp.com\/www.24baires.com\/wp-content\/uploads\/2016\/03\/dietrich.jpg?resize=525%2C300 1.5x"},"classes":[]},{"id":108407,"url":"http:\/\/www.24baires.com\/?p=108407","url_meta":{"origin":60398,"position":5},"title":"Sin el pr\u00e9stamo del BID los bancos empiezan a huir del sistema PPP que promovi\u00f3 el Gobierno","author":"GB","date":"27\/05\/2019","format":false,"excerpt":"El sistema por el cual el Gobierno anunci\u00f3 en 2018 haber recibido ofertas por 32 mil millones de d\u00f3lares no prosper\u00f3 y los fondos del Banco Interamericano de Desarrollo al fideicomiso tampoco llegaron. El Banco Ita\u00fa ya se baj\u00f3 y el JP Morgan, Morgan Stanley y Citibank seguir\u00edan los mismos\u2026","rel":"","context":"En \u00abEconom\u00eda\u00bb","block_context":{"text":"Econom\u00eda","link":"http:\/\/www.24baires.com\/?cat=45"},"img":{"alt_text":"","src":"https:\/\/i0.wp.com\/www.24baires.com\/wp-content\/uploads\/2019\/05\/Plan-PPP-300x148.jpg?resize=350%2C200","width":350,"height":200},"classes":[]}],"jetpack_sharing_enabled":true,"jetpack_likes_enabled":true,"jetpack_featured_media_url":"","_links":{"self":[{"href":"http:\/\/www.24baires.com\/index.php?rest_route=\/wp\/v2\/posts\/60398","targetHints":{"allow":["GET"]}}],"collection":[{"href":"http:\/\/www.24baires.com\/index.php?rest_route=\/wp\/v2\/posts"}],"about":[{"href":"http:\/\/www.24baires.com\/index.php?rest_route=\/wp\/v2\/types\/post"}],"author":[{"embeddable":true,"href":"http:\/\/www.24baires.com\/index.php?rest_route=\/wp\/v2\/users\/8"}],"replies":[{"embeddable":true,"href":"http:\/\/www.24baires.com\/index.php?rest_route=%2Fwp%2Fv2%2Fcomments&post=60398"}],"version-history":[{"count":1,"href":"http:\/\/www.24baires.com\/index.php?rest_route=\/wp\/v2\/posts\/60398\/revisions"}],"predecessor-version":[{"id":60399,"href":"http:\/\/www.24baires.com\/index.php?rest_route=\/wp\/v2\/posts\/60398\/revisions\/60399"}],"wp:attachment":[{"href":"http:\/\/www.24baires.com\/index.php?rest_route=%2Fwp%2Fv2%2Fmedia&parent=60398"}],"wp:term":[{"taxonomy":"category","embeddable":true,"href":"http:\/\/www.24baires.com\/index.php?rest_route=%2Fwp%2Fv2%2Fcategories&post=60398"},{"taxonomy":"post_tag","embeddable":true,"href":"http:\/\/www.24baires.com\/index.php?rest_route=%2Fwp%2Fv2%2Ftags&post=60398"}],"curies":[{"name":"wp","href":"https:\/\/api.w.org\/{rel}","templated":true}]}}