{"id":60353,"date":"2015-01-19T17:21:10","date_gmt":"2015-01-19T20:21:10","guid":{"rendered":"http:\/\/www.24baires.com\/?p=60353"},"modified":"2015-01-19T17:46:17","modified_gmt":"2015-01-19T20:46:17","slug":"la-autopsia-confirmo-que-no-hubo-intervencion-de-terceras-personas-en-la-muerte-de-nisman","status":"publish","type":"post","link":"http:\/\/www.24baires.com\/?p=60353","title":{"rendered":"La autopsia confirm\u00f3 que \u00abno hubo intervenci\u00f3n de terceros\u00bb en la muerte de Nisman"},"content":{"rendered":"<p><img data-recalc-dims=\"1\" loading=\"lazy\" decoding=\"async\" class=\"aligncenter size-full wp-image-60342\" src=\"https:\/\/i0.wp.com\/www.24baires.com\/wp-content\/uploads\/2015\/01\/autopsia.jpg?resize=560%2C373\" alt=\"autopsia\" width=\"560\" height=\"373\" srcset=\"https:\/\/i0.wp.com\/www.24baires.com\/wp-content\/uploads\/2015\/01\/autopsia.jpg?w=560 560w, https:\/\/i0.wp.com\/www.24baires.com\/wp-content\/uploads\/2015\/01\/autopsia.jpg?resize=300%2C200 300w\" sizes=\"auto, (max-width: 560px) 100vw, 560px\" \/>Viviana Fein, la fiscal a cargo de la causa por la muerte de Alberto Nisman, dio a conocer los resultados preliminares de la autopsia y revel\u00f3 que el fiscal se suicid\u00f3. No obstante, puso reparos al aclarar que las conclusiones de la prueba que verifica si la v\u00edctima ten\u00eda restos de p\u00f3lvora en su mano a\u00fan no est\u00e1n.<!--more--><\/p>\n<p>Fein dijo que el decano de la morgue judicial le comunic\u00f3 a la representante del Ministerio P\u00fablico que \u00aben la muerte de Nisman no hubo intervenci\u00f3n de terceras personas\u00bb.<br \/>\nSe\u00f1al\u00f3, adem\u00e1s, entre hoy y ma\u00f1ana, llegar\u00e1n los resultados del estudio microsc\u00f3pico de barrido electr\u00f3nico practicado sobre las muestras tomadas de las manos del fiscal Nisman. Con este resultado, se determinar\u00e1 la existencia o no de restos residuales de p\u00f3lvora para confirmar si fue \u00e9l quien se dispar\u00f3 el tiro en la sien.<br \/>\nSeg\u00fan supo minutouno.com, ninguna de las dos cerraduras del departamento donde viv\u00eda Nisman est\u00e1 forzada. La puerta principal estaba cerrada sin la llave puesta, y la de servicio con llave puesta del lado de adentro.<br \/>\nFuente judiciales confiaron a este portal que no hab\u00eda nada revuelto en el inmueble y que los investigadores secuestraron todas las c\u00e1maras seguridad y se llevaron el registro entradas y salidas.<br \/>\nEn las pr\u00f3ximas horas, la Fiscal\u00eda continuar\u00e1 tomando declaraciones testimoniales y quedar\u00e1 a la espera de los resultados de distintas medidas t\u00e9cnicas encomendadas a la Prefectura y a la divisi\u00f3n Apoyo Tecnol\u00f3gico de la Polic\u00eda Federal sobre el material secuestrado en el departamento de Nisman, destinads a \u00abpoder descartar cualquier otra hip\u00f3tesis\u00bb.<\/p>\n<p>&nbsp;<\/p>\n<p>&nbsp;<\/p>\n<p>&nbsp;<\/p>\n<p>&nbsp;<\/p>\n<p>&nbsp;<\/p>\n<p>&nbsp;<\/p>\n<p>&nbsp;<\/p>\n<p>&nbsp;<\/p>\n<p>&nbsp;<\/p>\n<p>&nbsp;<\/p>\n","protected":false},"excerpt":{"rendered":"<p>Viviana Fein, la fiscal a cargo de la causa por la muerte de Alberto Nisman, dio a conocer los resultados preliminares de la autopsia y revel\u00f3 que el fiscal se suicid\u00f3. No obstante, puso reparos al aclarar que las conclusiones de la prueba que verifica si la v\u00edctima ten\u00eda restos de p\u00f3lvora en su mano a\u00fan no est\u00e1n.<\/p>\n","protected":false},"author":8,"featured_media":0,"comment_status":"open","ping_status":"open","sticky":false,"template":"","format":"standard","meta":{"_jetpack_newsletter_access":"","_jetpack_dont_email_post_to_subs":false,"_jetpack_newsletter_tier_id":0,"_jetpack_memberships_contains_paywalled_content":false,"_jetpack_memberships_contains_paid_content":false,"footnotes":""},"categories":[51],"tags":[],"class_list":["post-60353","post","type-post","status-publish","format-standard","hentry","category-politica"],"jetpack_shortlink":"https:\/\/wp.me\/p2JWE0-fHr","jetpack-related-posts":[{"id":62694,"url":"http:\/\/www.24baires.com\/?p=62694","url_meta":{"origin":60353,"position":0},"title":"\u00abQue los peritos de Salgado me expliquen c\u00f3mo llegaron a esas conclusiones\u00bb","author":"Grupo Sierra","date":"05\/03\/2015","format":false,"excerpt":"La fiscal Fein, que investiga la muerte de Nisman, llamar\u00e1 a declarar a los peritos de parte de la jueza Arroyo Salgado, que afirman que el fiscal fue asesinado. Viviana Fein, a cargo de la investigaci\u00f3n de la muerte de su colega Alberto Nisman, asegur\u00f3 que \u201cno puede descartar de\u2026","rel":"","context":"En \u00abJUDICIALES\u00bb","block_context":{"text":"JUDICIALES","link":"http:\/\/www.24baires.com\/?cat=68"},"img":{"alt_text":"fein","src":"https:\/\/i0.wp.com\/www.24baires.com\/wp-content\/uploads\/2015\/01\/fein.jpg?resize=350%2C200","width":350,"height":200,"srcset":"https:\/\/i0.wp.com\/www.24baires.com\/wp-content\/uploads\/2015\/01\/fein.jpg?resize=350%2C200 1x, https:\/\/i0.wp.com\/www.24baires.com\/wp-content\/uploads\/2015\/01\/fein.jpg?resize=525%2C300 1.5x"},"classes":[]},{"id":91795,"url":"http:\/\/www.24baires.com\/?p=91795","url_meta":{"origin":60353,"position":1},"title":"\u00abArroyo Salgado tuvo 7 d\u00edas para pedir una nueva autopsia y no lo hizo\u00bb","author":"AF","date":"21\/01\/2017","format":false,"excerpt":"La ex fiscal del caso Nisman, Viviana Fein, reapareci\u00f3 al cumplirse dos a\u00f1os de la muerte del fiscal y volvi\u00f3 a defender su actuaci\u00f3n en el caso. La ex fiscal del caso Nisman, Viviana Fein, arremeti\u00f3 esta ma\u00f1ana contra la ex esposa del fallecido fiscal de la UFI AMIA Alberto\u2026","rel":"","context":"En \u00abJUDICIALES\u00bb","block_context":{"text":"JUDICIALES","link":"http:\/\/www.24baires.com\/?cat=68"},"img":{"alt_text":"","src":"https:\/\/i0.wp.com\/www.24baires.com\/wp-content\/uploads\/2015\/01\/fein.jpg?resize=350%2C200","width":350,"height":200,"srcset":"https:\/\/i0.wp.com\/www.24baires.com\/wp-content\/uploads\/2015\/01\/fein.jpg?resize=350%2C200 1x, https:\/\/i0.wp.com\/www.24baires.com\/wp-content\/uploads\/2015\/01\/fein.jpg?resize=525%2C300 1.5x"},"classes":[]},{"id":102494,"url":"http:\/\/www.24baires.com\/?p=102494","url_meta":{"origin":60353,"position":2},"title":"La C\u00e1mara \u00abreflot\u00f3\u00bb la causa Nisman y asegura que se trat\u00f3 de un crimen","author":"AF","date":"01\/06\/2018","format":false,"excerpt":"Confirm\u00f3 que el ex juez Alberto Nisman fue asesinado. Agregaron que el motivo fue su denuncia contra Cristina Kirchner. Adem\u00e1s dejaron firme el procesamiento de Diego Lagomarsino. La C\u00e1mara Federal hizo su aparici\u00f3n en medio de la debacle econ\u00f3mica que enfrenta el gobierno de Mauricio Macri. Entre masivas manifestaciones en\u2026","rel":"","context":"En \u00abJUDICIALES\u00bb","block_context":{"text":"JUDICIALES","link":"http:\/\/www.24baires.com\/?cat=68"},"img":{"alt_text":"","src":"https:\/\/i0.wp.com\/www.24baires.com\/wp-content\/uploads\/2015\/07\/nisman.jpg?resize=350%2C200","width":350,"height":200,"srcset":"https:\/\/i0.wp.com\/www.24baires.com\/wp-content\/uploads\/2015\/07\/nisman.jpg?resize=350%2C200 1x, https:\/\/i0.wp.com\/www.24baires.com\/wp-content\/uploads\/2015\/07\/nisman.jpg?resize=525%2C300 1.5x"},"classes":[]},{"id":60661,"url":"http:\/\/www.24baires.com\/?p=60661","url_meta":{"origin":60353,"position":3},"title":"\u00abEl disparo se produjo a una distancia no mayor a un cent\u00edmetro\u00bb, dijo Fein","author":"GB","date":"24\/01\/2015","format":false,"excerpt":"As\u00ed lo confirm\u00f3 la fiscal que tiene a su cargo la investigaci\u00f3n de la muerte de Alberto Nisman. \"El disparo fue sobre la oreja\", agreg\u00f3, y confirm\u00f3 que \"el proyectil y la vaina se corresponden con el arma encontrada en el lugar\" . La fiscal Viviana Fein revel\u00f3 este s\u00e1bado\u2026","rel":"","context":"En \u00abPol\u00edtica\u00bb","block_context":{"text":"Pol\u00edtica","link":"http:\/\/www.24baires.com\/?cat=51"},"img":{"alt_text":"","src":"https:\/\/i0.wp.com\/www.24baires.com\/wp-content\/uploads\/2015\/01\/fein.jpg?resize=350%2C200","width":350,"height":200,"srcset":"https:\/\/i0.wp.com\/www.24baires.com\/wp-content\/uploads\/2015\/01\/fein.jpg?resize=350%2C200 1x, https:\/\/i0.wp.com\/www.24baires.com\/wp-content\/uploads\/2015\/01\/fein.jpg?resize=525%2C300 1.5x"},"classes":[]},{"id":60815,"url":"http:\/\/www.24baires.com\/?p=60815","url_meta":{"origin":60353,"position":4},"title":"Realizan un nuevo operativo en el departamento de Nisman","author":"GB","date":"27\/01\/2015","format":false,"excerpt":"Un operativo judicial se realiza desde este mediod\u00eda en la vivienda del fallecido fiscal Alberto Nisman para obtener elementos de prueba para la investigaci\u00f3n de esa muerte, por disposici\u00f3n de la jueza de instrucci\u00f3n Fabiana Palmaghini. Fuentes vinculadas a la causa indicaron que el procedimiento, con la intervenci\u00f3n de la\u2026","rel":"","context":"En \u00abPol\u00edtica\u00bb","block_context":{"text":"Pol\u00edtica","link":"http:\/\/www.24baires.com\/?cat=51"},"img":{"alt_text":"autopsia","src":"https:\/\/i0.wp.com\/www.24baires.com\/wp-content\/uploads\/2015\/01\/autopsia.jpg?resize=350%2C200","width":350,"height":200,"srcset":"https:\/\/i0.wp.com\/www.24baires.com\/wp-content\/uploads\/2015\/01\/autopsia.jpg?resize=350%2C200 1x, https:\/\/i0.wp.com\/www.24baires.com\/wp-content\/uploads\/2015\/01\/autopsia.jpg?resize=525%2C300 1.5x"},"classes":[]},{"id":61508,"url":"http:\/\/www.24baires.com\/?p=61508","url_meta":{"origin":60353,"position":5},"title":"Fein confirm\u00f3 los llamados entre Stiuso y Nisman antes de su muerte","author":"Grupo Sierra","date":"09\/02\/2015","format":false,"excerpt":"La fiscal Viviana Fein inform\u00f3 acerca de las \u00faltimas novedades de la investigaci\u00f3n: los llamados entre, la declaraci\u00f3n del exagente de inteligencia, la trayectoria de la bala y los peritajes pendientes. En un nuevo comunicado, la fiscal Viviana Fein inform\u00f3 los avances de la investigaci\u00f3n sobre la muerte de Alberto\u2026","rel":"","context":"En \u00abJUDICIALES\u00bb","block_context":{"text":"JUDICIALES","link":"http:\/\/www.24baires.com\/?cat=68"},"img":{"alt_text":"fein","src":"https:\/\/i0.wp.com\/www.24baires.com\/wp-content\/uploads\/2015\/01\/fein.jpg?resize=350%2C200","width":350,"height":200,"srcset":"https:\/\/i0.wp.com\/www.24baires.com\/wp-content\/uploads\/2015\/01\/fein.jpg?resize=350%2C200 1x, https:\/\/i0.wp.com\/www.24baires.com\/wp-content\/uploads\/2015\/01\/fein.jpg?resize=525%2C300 1.5x"},"classes":[]}],"jetpack_sharing_enabled":true,"jetpack_likes_enabled":true,"jetpack_featured_media_url":"","_links":{"self":[{"href":"http:\/\/www.24baires.com\/index.php?rest_route=\/wp\/v2\/posts\/60353","targetHints":{"allow":["GET"]}}],"collection":[{"href":"http:\/\/www.24baires.com\/index.php?rest_route=\/wp\/v2\/posts"}],"about":[{"href":"http:\/\/www.24baires.com\/index.php?rest_route=\/wp\/v2\/types\/post"}],"author":[{"embeddable":true,"href":"http:\/\/www.24baires.com\/index.php?rest_route=\/wp\/v2\/users\/8"}],"replies":[{"embeddable":true,"href":"http:\/\/www.24baires.com\/index.php?rest_route=%2Fwp%2Fv2%2Fcomments&post=60353"}],"version-history":[{"count":3,"href":"http:\/\/www.24baires.com\/index.php?rest_route=\/wp\/v2\/posts\/60353\/revisions"}],"predecessor-version":[{"id":60358,"href":"http:\/\/www.24baires.com\/index.php?rest_route=\/wp\/v2\/posts\/60353\/revisions\/60358"}],"wp:attachment":[{"href":"http:\/\/www.24baires.com\/index.php?rest_route=%2Fwp%2Fv2%2Fmedia&parent=60353"}],"wp:term":[{"taxonomy":"category","embeddable":true,"href":"http:\/\/www.24baires.com\/index.php?rest_route=%2Fwp%2Fv2%2Fcategories&post=60353"},{"taxonomy":"post_tag","embeddable":true,"href":"http:\/\/www.24baires.com\/index.php?rest_route=%2Fwp%2Fv2%2Ftags&post=60353"}],"curies":[{"name":"wp","href":"https:\/\/api.w.org\/{rel}","templated":true}]}}