{"id":60348,"date":"2015-01-19T15:32:58","date_gmt":"2015-01-19T18:32:58","guid":{"rendered":"http:\/\/www.24baires.com\/?p=60348"},"modified":"2015-01-20T10:33:18","modified_gmt":"2015-01-20T13:33:18","slug":"cristina-ordeno-desclasificar-archivos-de-inteligencia-sobre-amia","status":"publish","type":"post","link":"http:\/\/www.24baires.com\/?p=60348","title":{"rendered":"El Gobierno orden\u00f3 desclasificar archivos de Inteligencia sobre AMIA"},"content":{"rendered":"<p><img data-recalc-dims=\"1\" loading=\"lazy\" decoding=\"async\" src=\"https:\/\/i0.wp.com\/www.24baires.com\/wp-content\/uploads\/2014\/04\/oscar-parrilli.jpg?resize=560%2C307\" alt=\"oscar parrilli\" width=\"560\" height=\"307\" class=\"aligncenter size-full wp-image-44877\" srcset=\"https:\/\/i0.wp.com\/www.24baires.com\/wp-content\/uploads\/2014\/04\/oscar-parrilli.jpg?w=560 560w, https:\/\/i0.wp.com\/www.24baires.com\/wp-content\/uploads\/2014\/04\/oscar-parrilli.jpg?resize=300%2C164 300w\" sizes=\"auto, (max-width: 560px) 100vw, 560px\" \/>La presidenta Cristina Fern\u00e1ndez de Kirchner orden\u00f3 hoy al titular de la Secretar\u00eda de Inteligencia, Oscar Parrilli, que brinde colaboraci\u00f3n a la jueza Servini de Cubr\u00eda desclasificando informaci\u00f3n relacionada a la investigaci\u00f3n del atentado a la AMIA, dando as\u00ed cumplimiento al pedido solicitado por el Fiscal Especial de la Causa, Alberto Nisman, antes de muerte.<!--more--><\/p>\n<p>A trav\u00e9s de una nota oficial de la Secretar\u00eda de Inteligencia (SI), Parrilli notific\u00f3 hoy a la jueza federal Mar\u00eda Romilda Servini de Cubr\u00eda que, por \u201cexpresa instrucci\u00f3n de la Presidenta de la Naci\u00f3n\u201d autoriz\u00f3 desclasificar la informaci\u00f3n de inteligencia solicitada por Nisman al realizar su denuncia vinculada a la Causa AMIA y vinculada a la firma del Memor\u00e1ndum de Entendimiento entre Argentina e Ir\u00e1n.<\/p>\n<p>\u201cAtento a la amplia desclasificaci\u00f3n efectuada por esta Secretar\u00eda de Inteligencia en la nota enviada el d\u00eda de la fecha, y desconoci\u00e9ndose el contendido de la denuncia presentada por el Dr. Nisman, es que peticiono a V.S tenga a bien proceder a identificar los nombres del personal de este organismo que se encontrar\u00edan referidos en la mentada denuncia a efecto de proceder al levantamiento del secreto de los mismos\u201d, le inform\u00f3 el titular de la SI en una de las notas.<\/p>\n<p>En el mismo escrito, Parrilli record\u00f3 que el Fiscal Federal hab\u00eda librado oficios a la Secretar\u00eda Presidencial requiriendo \u201cla desclasificaci\u00f3n de la identidad, las acciones, los hechos y circunstancias correspondientes al personal de inteligencia que surge del producido de las intervenciones telef\u00f3nicas de los abonados\u201d a cuatro n\u00famero telef\u00f3nicos detallados en la circular.<\/p>\n<p>&nbsp;<\/p>\n<p>&nbsp;<\/p>\n<p>&nbsp;<\/p>\n<p>&nbsp;<\/p>\n<p>&nbsp;<\/p>\n<p>&nbsp;<\/p>\n<p>&nbsp;<\/p>\n<p>&nbsp;<\/p>\n<p>&nbsp;<\/p>\n<p>&nbsp;<\/p>\n<p>&nbsp;<\/p>\n","protected":false},"excerpt":{"rendered":"<p>La presidenta Cristina Fern\u00e1ndez de Kirchner orden\u00f3 hoy al titular de la Secretar\u00eda de Inteligencia, Oscar Parrilli, que brinde colaboraci\u00f3n a la jueza Servini de Cubr\u00eda desclasificando informaci\u00f3n relacionada a la investigaci\u00f3n del atentado a la AMIA, dando as\u00ed cumplimiento al pedido solicitado por el Fiscal Especial de la Causa, Alberto Nisman, antes de muerte.<\/p>\n","protected":false},"author":8,"featured_media":0,"comment_status":"open","ping_status":"open","sticky":false,"template":"","format":"standard","meta":{"_jetpack_newsletter_access":"","_jetpack_dont_email_post_to_subs":false,"_jetpack_newsletter_tier_id":0,"_jetpack_memberships_contains_paywalled_content":false,"_jetpack_memberships_contains_paid_content":false,"footnotes":""},"categories":[51],"tags":[],"class_list":["post-60348","post","type-post","status-publish","format-standard","hentry","category-politica"],"jetpack_shortlink":"https:\/\/wp.me\/p2JWE0-fHm","jetpack-related-posts":[{"id":60418,"url":"http:\/\/www.24baires.com\/?p=60418","url_meta":{"origin":60348,"position":0},"title":"Lijo pidi\u00f3 conocer la identidad de agentes de inteligencia","author":"GB","date":"20\/01\/2015","format":false,"excerpt":"El juez federal Ariel Lijo pidi\u00f3 hoy a la Secretar\u00eda de Inteligencia (SI) la identidad de dos presuntos esp\u00edas mencionados por el fallecido fiscal Alberto Nisman en su denuncia sobre un supuesto encubrimiento oficial del atentado a la AMIA. En un exhorto librado al titular de la SI, Oscar Parrilli,\u2026","rel":"","context":"En \u00abPol\u00edtica\u00bb","block_context":{"text":"Pol\u00edtica","link":"http:\/\/www.24baires.com\/?cat=51"},"img":{"alt_text":"lijo","src":"https:\/\/i0.wp.com\/www.24baires.com\/wp-content\/uploads\/2014\/06\/lijo.jpg?resize=350%2C200","width":350,"height":200,"srcset":"https:\/\/i0.wp.com\/www.24baires.com\/wp-content\/uploads\/2014\/06\/lijo.jpg?resize=350%2C200 1x, https:\/\/i0.wp.com\/www.24baires.com\/wp-content\/uploads\/2014\/06\/lijo.jpg?resize=525%2C300 1.5x"},"classes":[]},{"id":63370,"url":"http:\/\/www.24baires.com\/?p=63370","url_meta":{"origin":60348,"position":1},"title":"Desclasificar\u00e1n los archivos del atentado a la Embajada de Israel","author":"GB","date":"19\/03\/2015","format":false,"excerpt":"La presidenta Cristina Fern\u00e1ndez de Kirchner adelant\u00f3 que \"ni bien\" la Corte Suprema de Justicia \"lo solicite\", el Poder Ejecutivo desclasificar\u00e1 la informaci\u00f3n reservada sobre el atentado a la embajada de Israel, del que esta semana se cumplieron 23 a\u00f1os. La presidenta Cristina Fern\u00e1ndez de Kirchner revel\u00f3 que el Poder\u2026","rel":"","context":"En \u00abPol\u00edtica\u00bb","block_context":{"text":"Pol\u00edtica","link":"http:\/\/www.24baires.com\/?cat=51"},"img":{"alt_text":"","src":"https:\/\/i0.wp.com\/www.24baires.com\/wp-content\/uploads\/2015\/03\/embajada-israel.jpg?resize=350%2C200","width":350,"height":200,"srcset":"https:\/\/i0.wp.com\/www.24baires.com\/wp-content\/uploads\/2015\/03\/embajada-israel.jpg?resize=350%2C200 1x, https:\/\/i0.wp.com\/www.24baires.com\/wp-content\/uploads\/2015\/03\/embajada-israel.jpg?resize=525%2C300 1.5x"},"classes":[]},{"id":63788,"url":"http:\/\/www.24baires.com\/?p=63788","url_meta":{"origin":60348,"position":2},"title":"Causa AMIA: el Gobierno anuncia que citaron al ex esp\u00eda de la SIDE","author":"GB","date":"01\/04\/2015","format":false,"excerpt":"En conferencia de prensa, el secretario de Inteligencia, Oscar Parrilli, inform\u00f3 la convocatoria al exesp\u00eda para que brinde informaci\u00f3n sobre cuestiones vinculadas a la investigaci\u00f3n de la causa Amia. El secretario de Inteligencia, Oscar Parrilli, detall\u00f3 que la convocatoria al ex esp\u00eda de la SIDE Antonio \"Jaime\" Stiuso se da\u2026","rel":"","context":"En \u00abPol\u00edtica\u00bb","block_context":{"text":"Pol\u00edtica","link":"http:\/\/www.24baires.com\/?cat=51"},"img":{"alt_text":"","src":"https:\/\/i0.wp.com\/www.24baires.com\/wp-content\/uploads\/2015\/04\/parrili.jpg?resize=350%2C200","width":350,"height":200,"srcset":"https:\/\/i0.wp.com\/www.24baires.com\/wp-content\/uploads\/2015\/04\/parrili.jpg?resize=350%2C200 1x, https:\/\/i0.wp.com\/www.24baires.com\/wp-content\/uploads\/2015\/04\/parrili.jpg?resize=525%2C300 1.5x"},"classes":[]},{"id":65137,"url":"http:\/\/www.24baires.com\/?p=65137","url_meta":{"origin":60348,"position":3},"title":"La UFI-AMIA pidi\u00f3 a Interpol que averig\u00fce el paradero de Stiuso para que declare","author":"AF","date":"29\/04\/2015","format":false,"excerpt":"Las autoridades de la UFI-AMIA le pidieron a Interpol que averig\u00fce el paradero del ex jefe de Operaciones de la Secretar\u00eda de Inteligencia, Antonio \"Jaime\" Stiuso, con el objetivo de que sea tra\u00eddo a la Argentina para que explique en qu\u00e9 consisti\u00f3 su colaboraci\u00f3n con el fallecido fiscal Alberto Nisman,\u2026","rel":"","context":"En \u00abJUDICIALES\u00bb","block_context":{"text":"JUDICIALES","link":"http:\/\/www.24baires.com\/?cat=68"},"img":{"alt_text":"","src":"","width":0,"height":0},"classes":[]},{"id":60144,"url":"http:\/\/www.24baires.com\/?p=60144","url_meta":{"origin":60348,"position":4},"title":"Servini de Cubr\u00eda rechaz\u00f3 habilitar la feria por la denuncia de Nisman","author":"GB","date":"15\/01\/2015","format":false,"excerpt":"La jueza federal Mar\u00eda Servini de Cubr\u00eda rechaz\u00f3 hoy habilitar la feria judicial de enero para dar curso a la denuncia presentada ayer por el fiscal federal Alberto Nisman, en relaci\u00f3n a un presunto encubrimiento del atentado a la AMIA por parte de la presidenta Cristina Fern\u00e1ndez de Kirchner y\u2026","rel":"","context":"En \u00abPol\u00edtica\u00bb","block_context":{"text":"Pol\u00edtica","link":"http:\/\/www.24baires.com\/?cat=51"},"img":{"alt_text":"0000servini","src":"https:\/\/i0.wp.com\/www.24baires.com\/wp-content\/uploads\/2013\/06\/0000servini.jpg?resize=350%2C200","width":350,"height":200,"srcset":"https:\/\/i0.wp.com\/www.24baires.com\/wp-content\/uploads\/2013\/06\/0000servini.jpg?resize=350%2C200 1x, https:\/\/i0.wp.com\/www.24baires.com\/wp-content\/uploads\/2013\/06\/0000servini.jpg?resize=525%2C300 1.5x"},"classes":[]},{"id":63964,"url":"http:\/\/www.24baires.com\/?p=63964","url_meta":{"origin":60348,"position":5},"title":"El Gobierno denunci\u00f3 penalmente al ex agente Stiuso","author":"GB","date":"07\/04\/2015","format":false,"excerpt":"El secretario de Inteligencia, Oscar Parrilli, lo anunci\u00f3 en una conferencia de prensa. La denuncia es incumplimiento de los deberes de funcionario p\u00fablico por haber ocultado informaci\u00f3n sobre el atentado a la Amia. El secretario de Inteligencia, Oscar Parrilli, anunci\u00f3 esta tarde que fue presentada una denuncia penal contra el\u2026","rel":"","context":"En \u00abPol\u00edtica\u00bb","block_context":{"text":"Pol\u00edtica","link":"http:\/\/www.24baires.com\/?cat=51"},"img":{"alt_text":"","src":"https:\/\/i0.wp.com\/www.24baires.com\/wp-content\/uploads\/2015\/04\/parrili1.jpg?resize=350%2C200","width":350,"height":200,"srcset":"https:\/\/i0.wp.com\/www.24baires.com\/wp-content\/uploads\/2015\/04\/parrili1.jpg?resize=350%2C200 1x, https:\/\/i0.wp.com\/www.24baires.com\/wp-content\/uploads\/2015\/04\/parrili1.jpg?resize=525%2C300 1.5x"},"classes":[]}],"jetpack_sharing_enabled":true,"jetpack_likes_enabled":true,"jetpack_featured_media_url":"","_links":{"self":[{"href":"http:\/\/www.24baires.com\/index.php?rest_route=\/wp\/v2\/posts\/60348","targetHints":{"allow":["GET"]}}],"collection":[{"href":"http:\/\/www.24baires.com\/index.php?rest_route=\/wp\/v2\/posts"}],"about":[{"href":"http:\/\/www.24baires.com\/index.php?rest_route=\/wp\/v2\/types\/post"}],"author":[{"embeddable":true,"href":"http:\/\/www.24baires.com\/index.php?rest_route=\/wp\/v2\/users\/8"}],"replies":[{"embeddable":true,"href":"http:\/\/www.24baires.com\/index.php?rest_route=%2Fwp%2Fv2%2Fcomments&post=60348"}],"version-history":[{"count":3,"href":"http:\/\/www.24baires.com\/index.php?rest_route=\/wp\/v2\/posts\/60348\/revisions"}],"predecessor-version":[{"id":60373,"href":"http:\/\/www.24baires.com\/index.php?rest_route=\/wp\/v2\/posts\/60348\/revisions\/60373"}],"wp:attachment":[{"href":"http:\/\/www.24baires.com\/index.php?rest_route=%2Fwp%2Fv2%2Fmedia&parent=60348"}],"wp:term":[{"taxonomy":"category","embeddable":true,"href":"http:\/\/www.24baires.com\/index.php?rest_route=%2Fwp%2Fv2%2Fcategories&post=60348"},{"taxonomy":"post_tag","embeddable":true,"href":"http:\/\/www.24baires.com\/index.php?rest_route=%2Fwp%2Fv2%2Ftags&post=60348"}],"curies":[{"name":"wp","href":"https:\/\/api.w.org\/{rel}","templated":true}]}}