{"id":60341,"date":"2015-01-19T14:16:14","date_gmt":"2015-01-19T17:16:14","guid":{"rendered":"http:\/\/www.24baires.com\/?p=60341"},"modified":"2015-01-19T14:57:58","modified_gmt":"2015-01-19T17:57:58","slug":"finalizo-la-autopsia-al-fiscal-el-unico-balazo-entro-por-la-oreja","status":"publish","type":"post","link":"http:\/\/www.24baires.com\/?p=60341","title":{"rendered":"Finaliz\u00f3 la autopsia al fiscal: el \u00fanico balazo entr\u00f3 por la oreja"},"content":{"rendered":"<p><img data-recalc-dims=\"1\" loading=\"lazy\" decoding=\"async\" class=\"aligncenter size-full wp-image-60342\" src=\"https:\/\/i0.wp.com\/www.24baires.com\/wp-content\/uploads\/2015\/01\/autopsia.jpg?resize=560%2C373\" alt=\"autopsia\" width=\"560\" height=\"373\" srcset=\"https:\/\/i0.wp.com\/www.24baires.com\/wp-content\/uploads\/2015\/01\/autopsia.jpg?w=560 560w, https:\/\/i0.wp.com\/www.24baires.com\/wp-content\/uploads\/2015\/01\/autopsia.jpg?resize=300%2C200 300w\" sizes=\"auto, (max-width: 560px) 100vw, 560px\" \/>La autopsia al cad\u00e1ver de Alberto Nisman determin\u00f3 que el fiscal muri\u00f3 de un balazo que ingres\u00f3 por el parietal derecho de su cabeza, dos cent\u00edmetros arriba de la oreja, informaron fuentes de la investigaci\u00f3n.<!--more--><\/p>\n<p>Seg\u00fan el informe preliminar que enviaron los forenses a la fiscal del caso, Viviana Fein, el cuerpo presentaba un orificio de bala con entrada en el parietal derecho que qued\u00f3 alojado dentro de su cabeza, y ten\u00eda p\u00e9rdida de masa encef\u00e1lica.<\/p>\n<p>Los peritos extrajeron durante la ma\u00f1ana el plomo que provoc\u00f3 la muerte del fiscal, el cual fue enviado a bal\u00edstica para que sea peritado.<\/p>\n<p>Ese peritaje determin\u00f3, luego, que \u00aben un 99 por ciento\u00bb el plomo fue disparado por la pistola calibre .22 largo marca Bersa hallada junto al cad\u00e1ver, dijeron las fuentes consultadas por la agencia T\u00e9lam.<\/p>\n<p>&nbsp;<\/p>\n<p>&nbsp;<\/p>\n<p>&nbsp;<\/p>\n<p>&nbsp;<\/p>\n<p>&nbsp;<\/p>\n<p>&nbsp;<\/p>\n<p>&nbsp;<\/p>\n<p>&nbsp;<\/p>\n<p>&nbsp;<\/p>\n<p>&nbsp;<\/p>\n","protected":false},"excerpt":{"rendered":"<p>La autopsia al cad\u00e1ver de Alberto Nisman determin\u00f3 que el fiscal muri\u00f3 de un balazo que ingres\u00f3 por el parietal derecho de su cabeza, dos cent\u00edmetros arriba de la oreja, informaron fuentes de la investigaci\u00f3n.<\/p>\n","protected":false},"author":8,"featured_media":0,"comment_status":"open","ping_status":"open","sticky":false,"template":"","format":"standard","meta":{"_jetpack_newsletter_access":"","_jetpack_dont_email_post_to_subs":false,"_jetpack_newsletter_tier_id":0,"_jetpack_memberships_contains_paywalled_content":false,"_jetpack_memberships_contains_paid_content":false,"footnotes":""},"categories":[51],"tags":[],"class_list":["post-60341","post","type-post","status-publish","format-standard","hentry","category-politica"],"jetpack_shortlink":"https:\/\/wp.me\/p2JWE0-fHf","jetpack-related-posts":[{"id":105281,"url":"http:\/\/www.24baires.com\/?p=105281","url_meta":{"origin":60341,"position":0},"title":"La autopsia revel\u00f3 que a la mujer asesinada en Villa Gesell la mataron de un tiro en el pecho","author":"GB","date":"05\/11\/2018","format":false,"excerpt":"Lorena Arana ten\u00eda 35 a\u00f1os y tres hijos. Viv\u00eda cerca de la zona donde fue hallado su cuerpo. Le dispararon con un arma calibre 22. La pareja de la v\u00edctima qued\u00f3 detenida. La mujer hallada muerta en zona de m\u00e9danos de la ciudad bonaerense de Villa Gesell fue asesinada de\u2026","rel":"","context":"En \u00abPoliciales\u00bb","block_context":{"text":"Policiales","link":"http:\/\/www.24baires.com\/?cat=49"},"img":{"alt_text":"","src":"https:\/\/i0.wp.com\/www.24baires.com\/wp-content\/uploads\/2018\/11\/arana.jpg?resize=350%2C200","width":350,"height":200,"srcset":"https:\/\/i0.wp.com\/www.24baires.com\/wp-content\/uploads\/2018\/11\/arana.jpg?resize=350%2C200 1x, https:\/\/i0.wp.com\/www.24baires.com\/wp-content\/uploads\/2018\/11\/arana.jpg?resize=525%2C300 1.5x"},"classes":[]},{"id":60322,"url":"http:\/\/www.24baires.com\/?p=60322","url_meta":{"origin":60341,"position":1},"title":"La vaina servida se dispar\u00f3 del arma hallada debajo del cuerpo de Nisman","author":"AF","date":"19\/01\/2015","format":false,"excerpt":"As\u00ed lo confirmaron peritos de la Polic\u00eda Federal, quienes analizan el plomo extra\u00eddo de la cabeza del fiscal con la pistola calibre .22 que se encontr\u00f3 debajo de su cuerpo. Tambi\u00e9n se comprob\u00f3 que el arma hab\u00eda sido disparada recientemente. La vaina servida que se encontr\u00f3 junto al cad\u00e1ver del\u2026","rel":"","context":"En \u00abJUDICIALES\u00bb","block_context":{"text":"JUDICIALES","link":"http:\/\/www.24baires.com\/?cat=68"},"img":{"alt_text":"Alberto-Nisman","src":"https:\/\/i0.wp.com\/www.24baires.com\/wp-content\/uploads\/2015\/01\/Alberto-Nisman.jpg?resize=350%2C200","width":350,"height":200,"srcset":"https:\/\/i0.wp.com\/www.24baires.com\/wp-content\/uploads\/2015\/01\/Alberto-Nisman.jpg?resize=350%2C200 1x, https:\/\/i0.wp.com\/www.24baires.com\/wp-content\/uploads\/2015\/01\/Alberto-Nisman.jpg?resize=525%2C300 1.5x"},"classes":[]},{"id":61015,"url":"http:\/\/www.24baires.com\/?p=61015","url_meta":{"origin":60341,"position":2},"title":"Confirman que el \u00fanico ADN hallado en la escena es de Nisman","author":"Grupo Sierra","date":"30\/01\/2015","format":false,"excerpt":"Las muestras de ADN recogidas en el departamento del fiscal poco despu\u00e9s de encontrar su cuerpo sin vida corresponden \u201cde modo categ\u00f3rico\u201d a su perfil gen\u00e9tico, inform\u00f3 un comunicado de la fiscal Viviana Fein. La pericia, de vital importancia para determinar si se trat\u00f3 de un suicidio o de un\u2026","rel":"","context":"En \u00abPoliciales\u00bb","block_context":{"text":"Policiales","link":"http:\/\/www.24baires.com\/?cat=49"},"img":{"alt_text":"casa nisman","src":"https:\/\/i0.wp.com\/www.24baires.com\/wp-content\/uploads\/2015\/01\/casa-nisman.jpg?resize=350%2C200","width":350,"height":200,"srcset":"https:\/\/i0.wp.com\/www.24baires.com\/wp-content\/uploads\/2015\/01\/casa-nisman.jpg?resize=350%2C200 1x, https:\/\/i0.wp.com\/www.24baires.com\/wp-content\/uploads\/2015\/01\/casa-nisman.jpg?resize=525%2C300 1.5x"},"classes":[]},{"id":60661,"url":"http:\/\/www.24baires.com\/?p=60661","url_meta":{"origin":60341,"position":3},"title":"\u00abEl disparo se produjo a una distancia no mayor a un cent\u00edmetro\u00bb, dijo Fein","author":"GB","date":"24\/01\/2015","format":false,"excerpt":"As\u00ed lo confirm\u00f3 la fiscal que tiene a su cargo la investigaci\u00f3n de la muerte de Alberto Nisman. \"El disparo fue sobre la oreja\", agreg\u00f3, y confirm\u00f3 que \"el proyectil y la vaina se corresponden con el arma encontrada en el lugar\" . La fiscal Viviana Fein revel\u00f3 este s\u00e1bado\u2026","rel":"","context":"En \u00abPol\u00edtica\u00bb","block_context":{"text":"Pol\u00edtica","link":"http:\/\/www.24baires.com\/?cat=51"},"img":{"alt_text":"","src":"https:\/\/i0.wp.com\/www.24baires.com\/wp-content\/uploads\/2015\/01\/fein.jpg?resize=350%2C200","width":350,"height":200,"srcset":"https:\/\/i0.wp.com\/www.24baires.com\/wp-content\/uploads\/2015\/01\/fein.jpg?resize=350%2C200 1x, https:\/\/i0.wp.com\/www.24baires.com\/wp-content\/uploads\/2015\/01\/fein.jpg?resize=525%2C300 1.5x"},"classes":[]},{"id":116379,"url":"http:\/\/www.24baires.com\/?p=116379","url_meta":{"origin":60341,"position":4},"title":"La autopsia confirm\u00f3 que Facundo muri\u00f3 ahogado","author":"GB","date":"02\/10\/2020","format":false,"excerpt":"El informe indica adem\u00e1s que el joven muri\u00f3 en el lugar en el que se encontr\u00f3 el cuerpo y no presentaba se\u00f1ales de lesiones previas. Este jueves ser presentaron los resultados finales de la autopsia realizada al cuerpo de Facundo Astudillo Castro, el joven de 22 a\u00f1os que desapareci\u00f3 a\u2026","rel":"","context":"En \u00abPoliciales\u00bb","block_context":{"text":"Policiales","link":"http:\/\/www.24baires.com\/?cat=49"},"img":{"alt_text":"","src":"https:\/\/i0.wp.com\/www.24baires.com\/wp-content\/uploads\/2020\/08\/facundo-astudillo.jpg?resize=350%2C200","width":350,"height":200,"srcset":"https:\/\/i0.wp.com\/www.24baires.com\/wp-content\/uploads\/2020\/08\/facundo-astudillo.jpg?resize=350%2C200 1x, https:\/\/i0.wp.com\/www.24baires.com\/wp-content\/uploads\/2020\/08\/facundo-astudillo.jpg?resize=525%2C300 1.5x"},"classes":[]},{"id":115976,"url":"http:\/\/www.24baires.com\/?p=115976","url_meta":{"origin":60341,"position":5},"title":"Facundo Astudillo: la autopsia del cuerpo encontrado comenzar\u00e1 el martes 25","author":"GB","date":"18\/08\/2020","format":false,"excerpt":"La autopsia del cuerpo hallado en una zona pantanosa entre Villarino Viejo y Daniel Cerri comenzar\u00e1 el pr\u00f3ximo martes 25, y los resultados podr\u00edan estar reci\u00e9n entre 30 y 60 d\u00edas. La perito solicitada por la querella, Virginia Creimer, explic\u00f3 las razones y marc\u00f3 algunas irregularidades \u201cllamativas\u201d. El cuerpo encontrado\u2026","rel":"","context":"En \u00abPoliciales\u00bb","block_context":{"text":"Policiales","link":"http:\/\/www.24baires.com\/?cat=49"},"img":{"alt_text":"","src":"https:\/\/i0.wp.com\/www.24baires.com\/wp-content\/uploads\/2020\/08\/busqeda-facundo.jpg?resize=350%2C200","width":350,"height":200,"srcset":"https:\/\/i0.wp.com\/www.24baires.com\/wp-content\/uploads\/2020\/08\/busqeda-facundo.jpg?resize=350%2C200 1x, https:\/\/i0.wp.com\/www.24baires.com\/wp-content\/uploads\/2020\/08\/busqeda-facundo.jpg?resize=525%2C300 1.5x"},"classes":[]}],"jetpack_sharing_enabled":true,"jetpack_likes_enabled":true,"jetpack_featured_media_url":"","_links":{"self":[{"href":"http:\/\/www.24baires.com\/index.php?rest_route=\/wp\/v2\/posts\/60341","targetHints":{"allow":["GET"]}}],"collection":[{"href":"http:\/\/www.24baires.com\/index.php?rest_route=\/wp\/v2\/posts"}],"about":[{"href":"http:\/\/www.24baires.com\/index.php?rest_route=\/wp\/v2\/types\/post"}],"author":[{"embeddable":true,"href":"http:\/\/www.24baires.com\/index.php?rest_route=\/wp\/v2\/users\/8"}],"replies":[{"embeddable":true,"href":"http:\/\/www.24baires.com\/index.php?rest_route=%2Fwp%2Fv2%2Fcomments&post=60341"}],"version-history":[{"count":1,"href":"http:\/\/www.24baires.com\/index.php?rest_route=\/wp\/v2\/posts\/60341\/revisions"}],"predecessor-version":[{"id":60343,"href":"http:\/\/www.24baires.com\/index.php?rest_route=\/wp\/v2\/posts\/60341\/revisions\/60343"}],"wp:attachment":[{"href":"http:\/\/www.24baires.com\/index.php?rest_route=%2Fwp%2Fv2%2Fmedia&parent=60341"}],"wp:term":[{"taxonomy":"category","embeddable":true,"href":"http:\/\/www.24baires.com\/index.php?rest_route=%2Fwp%2Fv2%2Fcategories&post=60341"},{"taxonomy":"post_tag","embeddable":true,"href":"http:\/\/www.24baires.com\/index.php?rest_route=%2Fwp%2Fv2%2Ftags&post=60341"}],"curies":[{"name":"wp","href":"https:\/\/api.w.org\/{rel}","templated":true}]}}