{"id":60292,"date":"2015-01-18T19:15:03","date_gmt":"2015-01-18T22:15:03","guid":{"rendered":"http:\/\/www.24baires.com\/?p=60292"},"modified":"2015-01-18T19:15:03","modified_gmt":"2015-01-18T22:15:03","slug":"massa-moyano-ritondo-y-una-foto-de-cara-a-las-elecciones","status":"publish","type":"post","link":"http:\/\/www.24baires.com\/?p=60292","title":{"rendered":"Massa, Moyano, Ritondo y una foto de cara a las elecciones"},"content":{"rendered":"<p><img data-recalc-dims=\"1\" loading=\"lazy\" decoding=\"async\" class=\"aligncenter size-full wp-image-60293\" src=\"https:\/\/i0.wp.com\/www.24baires.com\/wp-content\/uploads\/2015\/01\/massa-moyano.jpg?resize=560%2C432\" alt=\"massa moyano\" width=\"560\" height=\"432\" srcset=\"https:\/\/i0.wp.com\/www.24baires.com\/wp-content\/uploads\/2015\/01\/massa-moyano.jpg?w=560 560w, https:\/\/i0.wp.com\/www.24baires.com\/wp-content\/uploads\/2015\/01\/massa-moyano.jpg?resize=300%2C231 300w\" sizes=\"auto, (max-width: 560px) 100vw, 560px\" \/>El dirigente sindical Facundo Moyano public\u00f3 en su cuenta de Twitter una sugerente foto en la que se lo ve comiendo un asado junto al precandidato a Presidente del Frente Renovador, Sergio Massa, y al legislador del PRO, Cristian Ritondo. La imagen llega en medio de especulaciones sobre el armado del macrismo ahora que Gabriela Michetti ser\u00e1 candidata en la Ciudad. <!--more--><\/p>\n<p>En medio de especulaciones sobre el armado del macrismo ahora que Gabriela Michetti ir\u00e1 a la Ciudad, el Diputado nacional y Secretario General del Sindicato de Peajes (SUTPA), Facundo Moyano, public\u00f3 en su cuenta de Twitter una sugerente foto.<\/p>\n<p>En la imagen se lo ve al l\u00edder del Frente Renovador, Sergio Massa, y al legislador del PRO, Cristian Ritondo. \u00abGran asado de @SergioMassa con @cristianritondo y amigos. El tipo insiste en hacer asado con manga larga\u00bb, dice al pie de la publicaci\u00f3n.<\/p>\n<p>Cabe recordar que el PRO es uno de los espacios que dej\u00f3 en claro en varias oportunidades que de ninguna manera aceptar\u00e1 ir a una interna junto a Massa, como propon\u00edan desde sectores ligados a UNEN. Sin embargo, esta foto abri\u00f3 un abanico de especulaciones.<\/p>\n<p>No es la primera vez que Massa y Moyano se muestran juntos. Tras estar distanciados, los ex FPV y ahora intengrantes del FR hace d\u00edas lanzaron una campa\u00f1a de afiches contra Randazzo y en diciembre compartieron un acto con trabajadores de Peajes.<\/p>\n<p>&nbsp;<\/p>\n<p>&nbsp;<\/p>\n<p>&nbsp;<\/p>\n","protected":false},"excerpt":{"rendered":"<p>El dirigente sindical Facundo Moyano public\u00f3 en su cuenta de Twitter una sugerente foto en la que se lo ve comiendo un asado junto al precandidato a Presidente del Frente Renovador, Sergio Massa, y al legislador del PRO, Cristian Ritondo. La imagen llega en medio de especulaciones sobre el armado del macrismo ahora que Gabriela Michetti ser\u00e1 candidata en la [&#8230;]<\/p>\n","protected":false},"author":11,"featured_media":0,"comment_status":"open","ping_status":"open","sticky":false,"template":"","format":"standard","meta":{"_jetpack_newsletter_access":"","_jetpack_dont_email_post_to_subs":false,"_jetpack_newsletter_tier_id":0,"_jetpack_memberships_contains_paywalled_content":false,"_jetpack_memberships_contains_paid_content":false,"footnotes":""},"categories":[51],"tags":[],"class_list":["post-60292","post","type-post","status-publish","format-standard","hentry","category-politica"],"jetpack_shortlink":"https:\/\/wp.me\/p2JWE0-fGs","jetpack-related-posts":[{"id":113264,"url":"http:\/\/www.24baires.com\/?p=113264","url_meta":{"origin":60292,"position":0},"title":"Juraron los 35 diputados de la provincia que ingresan al Congreso","author":"GB","date":"05\/12\/2019","format":false,"excerpt":"Los legisladores que representar\u00e1n a los bonaerenses asumieron formalmente en sus bancas y se reagruparon en bloques Los 130 diputados que resultaron electos en todo el pa\u00eds tomaron juramento y los 35 que corresponden a la provincia de Buenos Aires hicieron dedicatorias especiales a la hora de asumir su banca.\u2026","rel":"","context":"En \u00abProvincia\u00bb","block_context":{"text":"Provincia","link":"http:\/\/www.24baires.com\/?cat=40"},"img":{"alt_text":"","src":"https:\/\/i0.wp.com\/www.24baires.com\/wp-content\/uploads\/2019\/12\/diputados-asumiento.jpg?resize=350%2C200","width":350,"height":200,"srcset":"https:\/\/i0.wp.com\/www.24baires.com\/wp-content\/uploads\/2019\/12\/diputados-asumiento.jpg?resize=350%2C200 1x, https:\/\/i0.wp.com\/www.24baires.com\/wp-content\/uploads\/2019\/12\/diputados-asumiento.jpg?resize=525%2C300 1.5x"},"classes":[]},{"id":78523,"url":"http:\/\/www.24baires.com\/?p=78523","url_meta":{"origin":60292,"position":1},"title":"Denuncian que el PRO contrat\u00f3 a familiares de sus legisladores","author":"GB","date":"03\/02\/2016","format":false,"excerpt":"Aseguran que Gabriela Michetti y Emilio Monz\u00f3 aceptaron el ingreso de hermanos, hijos y sobrinos de legisladores de Cambiemos y el Frente Renovador. Desde la asunci\u00f3n de Mauricio Macri c\u00f3mo Presidente de la Naci\u00f3n hubo muchos despidos en el Estado, pero tambi\u00e9n nuevas contrataciones. El dato que llama la atenci\u00f3n\u2026","rel":"","context":"En \u00abPol\u00edtica\u00bb","block_context":{"text":"Pol\u00edtica","link":"http:\/\/www.24baires.com\/?cat=51"},"img":{"alt_text":"","src":"https:\/\/i0.wp.com\/www.24baires.com\/wp-content\/uploads\/2016\/02\/michetti-monzo.jpg?resize=350%2C200","width":350,"height":200,"srcset":"https:\/\/i0.wp.com\/www.24baires.com\/wp-content\/uploads\/2016\/02\/michetti-monzo.jpg?resize=350%2C200 1x, https:\/\/i0.wp.com\/www.24baires.com\/wp-content\/uploads\/2016\/02\/michetti-monzo.jpg?resize=525%2C300 1.5x"},"classes":[]},{"id":36382,"url":"http:\/\/www.24baires.com\/?p=36382","url_meta":{"origin":60292,"position":2},"title":"El PRO y el Frente Renovador corren la frontera de la Gral. Paz y se enfrentan","author":"Grupo Sierra","date":"07\/12\/2013","format":false,"excerpt":"El Frente Renovador y el PRO avanzan desde la ruptura de su acuerdo electoral, hacia un enfrentamiento por la construcci\u00f3n del armado de cara a 2015, en los distritos en los que cada uno tiene sus mayores fortalezas y debilidades, la Capital Federal y la provincia de Buenos Aires. Con\u2026","rel":"","context":"En \u00abPol\u00edtica\u00bb","block_context":{"text":"Pol\u00edtica","link":"http:\/\/www.24baires.com\/?cat=51"},"img":{"alt_text":"","src":"","width":0,"height":0},"classes":[]},{"id":105050,"url":"http:\/\/www.24baires.com\/?p=105050","url_meta":{"origin":60292,"position":3},"title":"Sol\u00e1, Moyano y Arroyo se fueron del Frente Renovador de Massa","author":"AF","date":"22\/10\/2018","format":false,"excerpt":"Cinco diputados, entre ellos Felipe Sol\u00e1 y Facundo Moyano, dejaron el bloque del Frente Renovador de Sergio Massa y conformaron una bancada propia llamada Red Por Argentina con el Movimiento Evita y Victoria Donda. \"Queremos juntar a la oposici\u00f3n, porque separados no alcanza ni en el Congreso ni en las\u2026","rel":"","context":"En \u00abPol\u00edtica\u00bb","block_context":{"text":"Pol\u00edtica","link":"http:\/\/www.24baires.com\/?cat=51"},"img":{"alt_text":"","src":"https:\/\/i0.wp.com\/www.24baires.com\/wp-content\/uploads\/2016\/09\/s-massa.jpg?resize=350%2C200","width":350,"height":200,"srcset":"https:\/\/i0.wp.com\/www.24baires.com\/wp-content\/uploads\/2016\/09\/s-massa.jpg?resize=350%2C200 1x, https:\/\/i0.wp.com\/www.24baires.com\/wp-content\/uploads\/2016\/09\/s-massa.jpg?resize=525%2C300 1.5x"},"classes":[]},{"id":23445,"url":"http:\/\/www.24baires.com\/?p=23445","url_meta":{"origin":60292,"position":4},"title":"De Narv\u00e1ez, Moyano y Venegas est\u00e1n cerca de un acuerdo","author":"AF","date":"13\/05\/2013","format":false,"excerpt":"Con las fechas de los comicios legislativos oficialmente confirmadas, el peronismo no kirchnerista procurar\u00e1 en los pr\u00f3ximos d\u00edas ir consolidando las negociaciones para formalizar una alternativa al Frente para la Victoria en la Provincia. Con la duda a\u00fan instalada en torno de la posibilidad de que el escenario electoral gire\u2026","rel":"","context":"En \u00abPol\u00edtica\u00bb","block_context":{"text":"Pol\u00edtica","link":"http:\/\/www.24baires.com\/?cat=51"},"img":{"alt_text":"","src":"https:\/\/i0.wp.com\/www.24baires.com\/wp-content\/uploads\/2013\/05\/de-narv%C3%A1ez2.jpg?resize=350%2C200","width":350,"height":200,"srcset":"https:\/\/i0.wp.com\/www.24baires.com\/wp-content\/uploads\/2013\/05\/de-narv%C3%A1ez2.jpg?resize=350%2C200 1x, https:\/\/i0.wp.com\/www.24baires.com\/wp-content\/uploads\/2013\/05\/de-narv%C3%A1ez2.jpg?resize=525%2C300 1.5x"},"classes":[]},{"id":58590,"url":"http:\/\/www.24baires.com\/?p=58590","url_meta":{"origin":60292,"position":5},"title":"La foto Massa-Moyano, de cara al 2015","author":"Grupo Sierra","date":"13\/12\/2014","format":false,"excerpt":"Ambos se mostraron anoche en una fiesta. \"La sociedad lo descarta a Massa, no yo... Es un pibe medio pint\u00f3n, simp\u00e1tico y que tiene las camaritas de seguridad esas, para hacer prensa, pero m\u00e1s all\u00e1 de eso no pasa. La seguridad es un tema importante pero con eso s\u00f3lo no\u2026","rel":"","context":"En \u00abPol\u00edtica\u00bb","block_context":{"text":"Pol\u00edtica","link":"http:\/\/www.24baires.com\/?cat=51"},"img":{"alt_text":"massa moyano","src":"https:\/\/i0.wp.com\/www.24baires.com\/wp-content\/uploads\/2014\/12\/massa-moyano-300x199.jpg?resize=350%2C200","width":350,"height":200},"classes":[]}],"jetpack_sharing_enabled":true,"jetpack_likes_enabled":true,"jetpack_featured_media_url":"","_links":{"self":[{"href":"http:\/\/www.24baires.com\/index.php?rest_route=\/wp\/v2\/posts\/60292","targetHints":{"allow":["GET"]}}],"collection":[{"href":"http:\/\/www.24baires.com\/index.php?rest_route=\/wp\/v2\/posts"}],"about":[{"href":"http:\/\/www.24baires.com\/index.php?rest_route=\/wp\/v2\/types\/post"}],"author":[{"embeddable":true,"href":"http:\/\/www.24baires.com\/index.php?rest_route=\/wp\/v2\/users\/11"}],"replies":[{"embeddable":true,"href":"http:\/\/www.24baires.com\/index.php?rest_route=%2Fwp%2Fv2%2Fcomments&post=60292"}],"version-history":[{"count":1,"href":"http:\/\/www.24baires.com\/index.php?rest_route=\/wp\/v2\/posts\/60292\/revisions"}],"predecessor-version":[{"id":60294,"href":"http:\/\/www.24baires.com\/index.php?rest_route=\/wp\/v2\/posts\/60292\/revisions\/60294"}],"wp:attachment":[{"href":"http:\/\/www.24baires.com\/index.php?rest_route=%2Fwp%2Fv2%2Fmedia&parent=60292"}],"wp:term":[{"taxonomy":"category","embeddable":true,"href":"http:\/\/www.24baires.com\/index.php?rest_route=%2Fwp%2Fv2%2Fcategories&post=60292"},{"taxonomy":"post_tag","embeddable":true,"href":"http:\/\/www.24baires.com\/index.php?rest_route=%2Fwp%2Fv2%2Ftags&post=60292"}],"curies":[{"name":"wp","href":"https:\/\/api.w.org\/{rel}","templated":true}]}}