{"id":60281,"date":"2015-01-18T14:00:13","date_gmt":"2015-01-18T17:00:13","guid":{"rendered":"http:\/\/www.24baires.com\/?p=60281"},"modified":"2015-01-18T13:41:34","modified_gmt":"2015-01-18T16:41:34","slug":"vanoli-aseguro-que-el-gobierno-no-cambiara-su-postura-ante-los-buitres","status":"publish","type":"post","link":"http:\/\/www.24baires.com\/?p=60281","title":{"rendered":"Vanoli asegur\u00f3 que el Gobierno no cambiar\u00e1 su postura ante los buitres"},"content":{"rendered":"<p><img data-recalc-dims=\"1\" loading=\"lazy\" decoding=\"async\" class=\"aligncenter size-full wp-image-51042\" src=\"https:\/\/i0.wp.com\/www.24baires.com\/wp-content\/uploads\/2014\/08\/alejandro-vanoli.jpg?resize=560%2C248\" alt=\"alejandro vanoli\" width=\"560\" height=\"248\" srcset=\"https:\/\/i0.wp.com\/www.24baires.com\/wp-content\/uploads\/2014\/08\/alejandro-vanoli.jpg?w=560 560w, https:\/\/i0.wp.com\/www.24baires.com\/wp-content\/uploads\/2014\/08\/alejandro-vanoli.jpg?resize=300%2C132 300w\" sizes=\"auto, (max-width: 560px) 100vw, 560px\" \/>El presidente del Banco Central, Alejandro Vanoli, afirm\u00f3 que \u00absi alguien cre\u00eda que el 1 o 2 de enero se iba a plantear algo distinto (sobre los Fondos Buitre) se equivocaba\u00bb \u00abporque algo b\u00e1sico es que toda negociaci\u00f3n tiene que privilegiar el inter\u00e9s nacional\u00bb. <!--more--><\/p>\n<p>\u00abSi alguien cre\u00eda que el 1 o 2 de enero se iba a plantear algo distinto se equivocaba. Porque algo b\u00e1sico es que toda negociaci\u00f3n, est\u00e1s son complejas, tiene que privilegiar el inter\u00e9s nacional. Y cuando uno va negocia apurado o demuestra que tiene mucho inter\u00e9s en negociar, los acuerdos no terminan siendo convenientes. Y si los t\u00e9rminos son convenientes para nuestro pa\u00eds y esto implica una profunda quita sobre lo que pretenden los buitres ser\u00e1 posible y sino no ser\u00e1 posible porque creo que la Argentina demostr\u00f3 que puede convivir con una situaci\u00f3n evitando un acuerdo que sea inconveniente para el pa\u00eds.\u00bb, afirm\u00f3 Vanoli en una entrevista con el diario Tiempo Argentino.<\/p>\n<p>\u00abSi en el futuro los buitres acceden a t\u00e9rminos razonables puede haber alg\u00fan tipo de negociaci\u00f3n y sino no habr\u00e1 acuerdo. Es importante que en esto haya una pol\u00edtica de Estado porque si los candidatos presidenciales se\u00f1alan que va a haber un r\u00e1pido acuerdo que se va a pagar el 100%, se fortalece la posici\u00f3n de los buitres\u00bb, agreg\u00f3.<\/p>\n<p>En cuanto al pron\u00f3stico que hace sobre la econom\u00eda para 2015, traz\u00f3: \u00abPrevemos un mayor crecimiento de la econom\u00eda con un rango de entre el 2 y el 3% para 2015. Y vemos una clara desaceleraci\u00f3n de precios con respecto al 2014, que estuvieron muy te\u00f1idos por el impacto de la devaluaci\u00f3n de enero. El balance de la devaluaci\u00f3n no fue bueno porque deriv\u00f3 en un aumento de precios e implic\u00f3 una desaceleraci\u00f3n econ\u00f3mica\u00bb.<\/p>\n<p>En tanto, en otra entrevista con el diario P\u00e1gina\/12, Vanoli volvi\u00f3 a negar que haya una devaluaci\u00f3n brusca a futuro. \u00abA ver, tampoco es que el pa\u00eds tenga un tipo de cambio fijo. Decir que no se va a devaluar implica que el mercado no va a determinar el tipo de cambio por s\u00ed solo, sino que se va a ir ajustando en funci\u00f3n del contexto, teniendo en cuenta tambi\u00e9n las variables que afectan la competitividad. Decir contexto es hablar de cuestiones locales y globales\u00bb.<\/p>\n<p>&nbsp;<\/p>\n<p>&nbsp;<\/p>\n<p>&nbsp;<\/p>\n<p>&nbsp;<\/p>\n<p>&nbsp;<\/p>\n<p>&nbsp;<\/p>\n<p>&nbsp;<\/p>\n<p>&nbsp;<\/p>\n<p>&nbsp;<\/p>\n<p>&nbsp;<\/p>\n<p>&nbsp;<\/p>\n<p>&nbsp;<\/p>\n<p>&nbsp;<\/p>\n<p>&nbsp;<\/p>\n<p>&nbsp;<\/p>\n<p>&nbsp;<\/p>\n<p>&nbsp;<\/p>\n","protected":false},"excerpt":{"rendered":"<p>El presidente del Banco Central, Alejandro Vanoli, afirm\u00f3 que \u00absi alguien cre\u00eda que el 1 o 2 de enero se iba a plantear algo distinto (sobre los Fondos Buitre) se equivocaba\u00bb \u00abporque algo b\u00e1sico es que toda negociaci\u00f3n tiene que privilegiar el inter\u00e9s nacional\u00bb.<\/p>\n","protected":false},"author":8,"featured_media":0,"comment_status":"open","ping_status":"open","sticky":false,"template":"","format":"standard","meta":{"_jetpack_newsletter_access":"","_jetpack_dont_email_post_to_subs":false,"_jetpack_newsletter_tier_id":0,"_jetpack_memberships_contains_paywalled_content":false,"_jetpack_memberships_contains_paid_content":false,"footnotes":""},"categories":[51],"tags":[],"class_list":["post-60281","post","type-post","status-publish","format-standard","hentry","category-politica"],"jetpack_shortlink":"https:\/\/wp.me\/p2JWE0-fGh","jetpack-related-posts":[{"id":51041,"url":"http:\/\/www.24baires.com\/?p=51041","url_meta":{"origin":60281,"position":0},"title":"Fondos buitre: la CNV pedir\u00e1 que se investigue si hubo delito econ\u00f3mico","author":"AF","date":"02\/08\/2014","format":false,"excerpt":"La presentaci\u00f3n se realizar\u00e1 ante la Securities and Exchange Commission (SEC) de los Estados Unidos, para que se investigue si hubo delito econ\u00f3mico por uso de informaci\u00f3n privilegiada en el litigio con los fondos buitre. El titular de la Comisi\u00f3n Nacional de Valores (CNV), Alejandro Vanoli, asegur\u00f3 hoy que la\u2026","rel":"","context":"En \u00abEconom\u00eda\u00bb","block_context":{"text":"Econom\u00eda","link":"http:\/\/www.24baires.com\/?cat=45"},"img":{"alt_text":"","src":"https:\/\/i0.wp.com\/www.24baires.com\/wp-content\/uploads\/2014\/08\/alejandro-vanoli.jpg?resize=350%2C200","width":350,"height":200,"srcset":"https:\/\/i0.wp.com\/www.24baires.com\/wp-content\/uploads\/2014\/08\/alejandro-vanoli.jpg?resize=350%2C200 1x, https:\/\/i0.wp.com\/www.24baires.com\/wp-content\/uploads\/2014\/08\/alejandro-vanoli.jpg?resize=525%2C300 1.5x"},"classes":[]},{"id":51131,"url":"http:\/\/www.24baires.com\/?p=51131","url_meta":{"origin":60281,"position":1},"title":"Fondos buitre: para Vanoli \u00abel propio mercado est\u00e1 diciendo que no hay default\u00bb","author":"GB","date":"04\/08\/2014","format":false,"excerpt":"En conferencia de prensa, el titular de la Comisi\u00f3n Nacional de Valores explic\u00f3 que se investigar\u00e1n presuntas maniobras especulativas de los fondos de inversi\u00f3n que dirige el financista Paul Singer. Tambi\u00e9n se investiga la posible participaci\u00f3n del fondo Elliot en la empresa Iron Mountain, que sufri\u00f3 un incendio en un\u2026","rel":"","context":"En \u00abEconom\u00eda\u00bb","block_context":{"text":"Econom\u00eda","link":"http:\/\/www.24baires.com\/?cat=45"},"img":{"alt_text":"vanoli","src":"https:\/\/i0.wp.com\/www.24baires.com\/wp-content\/uploads\/2014\/08\/vanoli.jpg?resize=350%2C200","width":350,"height":200},"classes":[]},{"id":66037,"url":"http:\/\/www.24baires.com\/?p=66037","url_meta":{"origin":60281,"position":2},"title":"\u00abEl pa\u00eds demostr\u00f3 que puede acudir al cr\u00e9dito a pesar de los buitres\u00bb","author":"AF","date":"16\/05\/2015","format":false,"excerpt":"El presidente del Banco Central (BCRA), Alejandro Vanoli, destac\u00f3 que la pol\u00edtica de desendeudamiento seguida por Argentina ha permitido reducir la relaci\u00f3n deuda\/PBI del pa\u00eds a un \"baj\u00edsimo\" equivalente al 9% desde el 150% existente en 2001, lo cual le permite ahora recurrir a nuevas emisiones de t\u00edtulos de acuerdo\u2026","rel":"","context":"En \u00abEconom\u00eda\u00bb","block_context":{"text":"Econom\u00eda","link":"http:\/\/www.24baires.com\/?cat=45"},"img":{"alt_text":"vanoli 1","src":"https:\/\/i0.wp.com\/www.24baires.com\/wp-content\/uploads\/2014\/10\/vanoli-1.jpg?resize=350%2C200","width":350,"height":200,"srcset":"https:\/\/i0.wp.com\/www.24baires.com\/wp-content\/uploads\/2014\/10\/vanoli-1.jpg?resize=350%2C200 1x, https:\/\/i0.wp.com\/www.24baires.com\/wp-content\/uploads\/2014\/10\/vanoli-1.jpg?resize=525%2C300 1.5x"},"classes":[]},{"id":51202,"url":"http:\/\/www.24baires.com\/?p=51202","url_meta":{"origin":60281,"position":3},"title":"Fondos Buitre: confirmaron la denuncia ante la Comisi\u00f3n de Valores de Estados Unidos","author":"GB","date":"05\/08\/2014","format":false,"excerpt":"El presidente de la Comisi\u00f3n Nacional de Valores (CNV), Alejandro Vanoli, confirm\u00f3 que present\u00f3 el pedido de informaci\u00f3n para detectar posibles maniobras especulativas de fondos buitre con los bonos de la deuda argentina. El presidente de la Comisi\u00f3n Nacional de Valores (CNV), Alejandro Vanoli, confirm\u00f3 que anoche a \u00faltima hora\u2026","rel":"","context":"En \u00abEconom\u00eda\u00bb","block_context":{"text":"Econom\u00eda","link":"http:\/\/www.24baires.com\/?cat=45"},"img":{"alt_text":"vanoli grande","src":"https:\/\/i0.wp.com\/www.24baires.com\/wp-content\/uploads\/2014\/08\/vanoli-grande-300x199.jpg?resize=350%2C200","width":350,"height":200},"classes":[]},{"id":113548,"url":"http:\/\/www.24baires.com\/?p=113548","url_meta":{"origin":60281,"position":4},"title":"Anses baja la tasa de los cr\u00e9ditos a los jubilados","author":"GB","date":"23\/12\/2019","format":false,"excerpt":"La medida la anunci\u00f3 este lunes en conferencia de prensa el director del organismo previsional, Alejandro Vanoli. El director de la Administraci\u00f3n Nacional de la Seguridad Social (Anses), Alejandro Vanoli, anunci\u00f3 este lunes que el organismo previsional bajar\u00e1 hasta un 12% la tasa de los cr\u00e9ditos a los jubilados y\u2026","rel":"","context":"En \u00abPol\u00edtica\u00bb","block_context":{"text":"Pol\u00edtica","link":"http:\/\/www.24baires.com\/?cat=51"},"img":{"alt_text":"","src":"https:\/\/i0.wp.com\/www.24baires.com\/wp-content\/uploads\/2019\/12\/vanoli.jpg?resize=350%2C200","width":350,"height":200,"srcset":"https:\/\/i0.wp.com\/www.24baires.com\/wp-content\/uploads\/2019\/12\/vanoli.jpg?resize=350%2C200 1x, https:\/\/i0.wp.com\/www.24baires.com\/wp-content\/uploads\/2019\/12\/vanoli.jpg?resize=525%2C300 1.5x"},"classes":[]},{"id":57322,"url":"http:\/\/www.24baires.com\/?p=57322","url_meta":{"origin":60281,"position":5},"title":"\u00abSi alguien sue\u00f1a con una corrida cambiaria, no lo va a lograr\u00bb","author":"GB","date":"18\/11\/2014","format":false,"excerpt":"El presidente del Banco Central (BCRA), Alejandro Vanoli, defendi\u00f3 este martes los controles de los organismos del Estado sobre el mercado financiero y destac\u00f3 que \"si alguno so\u00f1aba con una corrida cambiaria y un clima de desestabilizaci\u00f3n, no lo va a lograr\". Al disertar en la apertura de las Jornadas\u2026","rel":"","context":"En \u00abEconom\u00eda\u00bb","block_context":{"text":"Econom\u00eda","link":"http:\/\/www.24baires.com\/?cat=45"},"img":{"alt_text":"vanoli 1","src":"https:\/\/i0.wp.com\/www.24baires.com\/wp-content\/uploads\/2014\/10\/vanoli-1.jpg?resize=350%2C200","width":350,"height":200,"srcset":"https:\/\/i0.wp.com\/www.24baires.com\/wp-content\/uploads\/2014\/10\/vanoli-1.jpg?resize=350%2C200 1x, https:\/\/i0.wp.com\/www.24baires.com\/wp-content\/uploads\/2014\/10\/vanoli-1.jpg?resize=525%2C300 1.5x"},"classes":[]}],"jetpack_sharing_enabled":true,"jetpack_likes_enabled":true,"jetpack_featured_media_url":"","_links":{"self":[{"href":"http:\/\/www.24baires.com\/index.php?rest_route=\/wp\/v2\/posts\/60281","targetHints":{"allow":["GET"]}}],"collection":[{"href":"http:\/\/www.24baires.com\/index.php?rest_route=\/wp\/v2\/posts"}],"about":[{"href":"http:\/\/www.24baires.com\/index.php?rest_route=\/wp\/v2\/types\/post"}],"author":[{"embeddable":true,"href":"http:\/\/www.24baires.com\/index.php?rest_route=\/wp\/v2\/users\/8"}],"replies":[{"embeddable":true,"href":"http:\/\/www.24baires.com\/index.php?rest_route=%2Fwp%2Fv2%2Fcomments&post=60281"}],"version-history":[{"count":1,"href":"http:\/\/www.24baires.com\/index.php?rest_route=\/wp\/v2\/posts\/60281\/revisions"}],"predecessor-version":[{"id":60282,"href":"http:\/\/www.24baires.com\/index.php?rest_route=\/wp\/v2\/posts\/60281\/revisions\/60282"}],"wp:attachment":[{"href":"http:\/\/www.24baires.com\/index.php?rest_route=%2Fwp%2Fv2%2Fmedia&parent=60281"}],"wp:term":[{"taxonomy":"category","embeddable":true,"href":"http:\/\/www.24baires.com\/index.php?rest_route=%2Fwp%2Fv2%2Fcategories&post=60281"},{"taxonomy":"post_tag","embeddable":true,"href":"http:\/\/www.24baires.com\/index.php?rest_route=%2Fwp%2Fv2%2Ftags&post=60281"}],"curies":[{"name":"wp","href":"https:\/\/api.w.org\/{rel}","templated":true}]}}