{"id":60273,"date":"2015-01-18T11:00:09","date_gmt":"2015-01-18T14:00:09","guid":{"rendered":"http:\/\/www.24baires.com\/?p=60273"},"modified":"2015-01-18T10:51:27","modified_gmt":"2015-01-18T13:51:27","slug":"lo-que-dice-el-fiscal-nisman-es-falso-dijo-el-ex-secretario-de-interpol","status":"publish","type":"post","link":"http:\/\/www.24baires.com\/?p=60273","title":{"rendered":"\u00abLo que dice el fiscal Nisman es falso\u00bb, dijo el ex secretario de Interpol"},"content":{"rendered":"<p><img data-recalc-dims=\"1\" loading=\"lazy\" decoding=\"async\" class=\"aligncenter size-full wp-image-60274\" src=\"https:\/\/i0.wp.com\/www.24baires.com\/wp-content\/uploads\/2015\/01\/ex-secretario-interpol.jpg?resize=560%2C495\" alt=\"ex secretario  interpol\" width=\"560\" height=\"495\" srcset=\"https:\/\/i0.wp.com\/www.24baires.com\/wp-content\/uploads\/2015\/01\/ex-secretario-interpol.jpg?w=560 560w, https:\/\/i0.wp.com\/www.24baires.com\/wp-content\/uploads\/2015\/01\/ex-secretario-interpol.jpg?resize=300%2C265 300w\" sizes=\"auto, (max-width: 560px) 100vw, 560px\" \/>El ex secretario general de Interpol, Ronald Noble, dijo que ninguna autoridad argentina trat\u00f3 de cancelar los alertas rojos contra los acusados iran\u00edes, ni se sugiri\u00f3 que no fueran responsables del ataque a la AMIA y que la firma del memor\u00e1ndum fue un intento por destrabar la causa. <!--more--><\/p>\n<p>\u00abLa afirmaci\u00f3n del fiscal Nisman es falsa. Ning\u00fan funcionario del gobierno argentino trat\u00f3 nunca de cancelar los alertas rojos de Interpol. En los \u00faltimos dos d\u00edas me sorprendi\u00f3 totalmente escuchar semejantes afirmaciones falsas que se atribuyen a la denuncia del se\u00f1or Nisman, a quien conozco. Al contrario, se\u00f1or Nisman: el ministro de Relaciones Exteriores de Argentina, H\u00e9ctor Timerman, y cada uno de los funcionarios del gobierno argentino con los que me encontr\u00e9 y habl\u00e9 de esta cuesti\u00f3n, tuvieron siempre la misma posici\u00f3n: los alertas rojos de Interpol contra los ciudadanos iran\u00edes deb\u00edan mantenerse s\u00ed o s\u00ed\u00bb, afirm\u00f3 Noble en un entrevista con el diario P\u00e1gina\/12.<\/p>\n<p>Nota Relacionada: Desde la oposici\u00f3n reiteran que la reuni\u00f3n con Nisman debe ser \u00abreservada\u00bb<br \/>\nConsultado acerca de si hab\u00eda percibido que funcionarios argentinos sugirieran que no exist\u00eda responsabilidad de los ciudadanos iran\u00edes en el ataque a la AMIA, lo desminti\u00f3: \u00abNo, de ninguna manera\u00bb.<\/p>\n<p>Noble se mostr\u00f3 confiado en que el gobierno argentino buscaba llevar a los sospechosos iran\u00edes a la justicia. \u00abEstoy ciento por ciento convencido de que el canciller H\u00e9ctor Timerman y el gobierno argentino quer\u00edan encontrar una forma de llevar a los ciudadanos iran\u00edes, sobre quienes Interpol emiti\u00f3 alertas rojos, a un juicio en el caso AMIA\u00bb.<\/p>\n<p>En este sentido, destac\u00f3 la firma del memor\u00e1ndum. \u00abSe reconoci\u00f3 que no se hab\u00eda podido progresar en los esfuerzos del fiscal Nisman de llevar a juicio a las personas contra las que se hab\u00edan emitido alertas rojos. Justamente por esto, Interpol y su secretario general sostuvimos que se deb\u00eda impulsar cualquier iniciativa que sacara el caso de ese estancamiento. Las v\u00edctimas y sus familiares merecen que se avance para intentar llevar a los culpables a la Justicia\u00bb.<\/p>\n<p>Por \u00faltimo, el ex funcionario norteamericano explic\u00f3 cu\u00e1l ser\u00eda el procedimiento para cancelar un alerta rojo. \u00abLa autoridad judicial competente que pidi\u00f3 el alerta rojo a trav\u00e9s de la oficina de Interpol del pa\u00eds requirente tiene que pedir la cancelaci\u00f3n. En el caso de la AMIA, el juez del caso tiene que pedirle a la oficina de Interpol en Buenos Aires y \u00e9sta contactar\u00eda al cuartel general para que los alertas rojos sean borrados. Con la orden del juez, Interpol est\u00e1 obligado a levantar el alerta rojo\u00bb.<\/p>\n<p>&nbsp;<\/p>\n<p>&nbsp;<\/p>\n<p>&nbsp;<\/p>\n<p>&nbsp;<\/p>\n<p>&nbsp;<\/p>\n<p>&nbsp;<\/p>\n<p>&nbsp;<\/p>\n<p>&nbsp;<\/p>\n<p>&nbsp;<\/p>\n<p>&nbsp;<\/p>\n<p>&nbsp;<\/p>\n<p>&nbsp;<\/p>\n","protected":false},"excerpt":{"rendered":"<p>El ex secretario general de Interpol, Ronald Noble, dijo que ninguna autoridad argentina trat\u00f3 de cancelar los alertas rojos contra los acusados iran\u00edes, ni se sugiri\u00f3 que no fueran responsables del ataque a la AMIA y que la firma del memor\u00e1ndum fue un intento por destrabar la causa.<\/p>\n","protected":false},"author":8,"featured_media":0,"comment_status":"open","ping_status":"open","sticky":false,"template":"","format":"standard","meta":{"_jetpack_newsletter_access":"","_jetpack_dont_email_post_to_subs":false,"_jetpack_newsletter_tier_id":0,"_jetpack_memberships_contains_paywalled_content":false,"_jetpack_memberships_contains_paid_content":false,"footnotes":""},"categories":[51],"tags":[],"class_list":["post-60273","post","type-post","status-publish","format-standard","hentry","category-politica"],"jetpack_shortlink":"https:\/\/wp.me\/p2JWE0-fG9","jetpack-related-posts":[{"id":103330,"url":"http:\/\/www.24baires.com\/?p=103330","url_meta":{"origin":60273,"position":0},"title":"Timerman asegura que est\u00e1n usando la causa del Memorandum \u00abpara atacar a Cristina\u00bb","author":"AF","date":"13\/07\/2018","format":false,"excerpt":"Adem\u00e1s, el ex canciller se lament\u00f3 porque la \u00fanica causa que avanz\u00f3 es la que se le inici\u00f3 a \u00e9l y ex funcionarios del gobierno kirchnerista. El ex canciller Hector Timerman denunci\u00f3 este viernes que est\u00e1n usando la causa del Memorandum con Ir\u00e1n para atacar a la ex presidenta Cristina\u2026","rel":"","context":"En \u00abPol\u00edtica\u00bb","block_context":{"text":"Pol\u00edtica","link":"http:\/\/www.24baires.com\/?cat=51"},"img":{"alt_text":"","src":"https:\/\/i0.wp.com\/www.24baires.com\/wp-content\/uploads\/2013\/03\/timerman.jpg?resize=350%2C200","width":350,"height":200,"srcset":"https:\/\/i0.wp.com\/www.24baires.com\/wp-content\/uploads\/2013\/03\/timerman.jpg?resize=350%2C200 1x, https:\/\/i0.wp.com\/www.24baires.com\/wp-content\/uploads\/2013\/03\/timerman.jpg?resize=525%2C300 1.5x"},"classes":[]},{"id":102494,"url":"http:\/\/www.24baires.com\/?p=102494","url_meta":{"origin":60273,"position":1},"title":"La C\u00e1mara \u00abreflot\u00f3\u00bb la causa Nisman y asegura que se trat\u00f3 de un crimen","author":"AF","date":"01\/06\/2018","format":false,"excerpt":"Confirm\u00f3 que el ex juez Alberto Nisman fue asesinado. Agregaron que el motivo fue su denuncia contra Cristina Kirchner. Adem\u00e1s dejaron firme el procesamiento de Diego Lagomarsino. La C\u00e1mara Federal hizo su aparici\u00f3n en medio de la debacle econ\u00f3mica que enfrenta el gobierno de Mauricio Macri. Entre masivas manifestaciones en\u2026","rel":"","context":"En \u00abJUDICIALES\u00bb","block_context":{"text":"JUDICIALES","link":"http:\/\/www.24baires.com\/?cat=68"},"img":{"alt_text":"","src":"https:\/\/i0.wp.com\/www.24baires.com\/wp-content\/uploads\/2015\/07\/nisman.jpg?resize=350%2C200","width":350,"height":200,"srcset":"https:\/\/i0.wp.com\/www.24baires.com\/wp-content\/uploads\/2015\/07\/nisman.jpg?resize=350%2C200 1x, https:\/\/i0.wp.com\/www.24baires.com\/wp-content\/uploads\/2015\/07\/nisman.jpg?resize=525%2C300 1.5x"},"classes":[]},{"id":60210,"url":"http:\/\/www.24baires.com\/?p=60210","url_meta":{"origin":60273,"position":2},"title":"Timerman anticip\u00f3 que dialog\u00f3 con Interpol y \u00abla denuncia de Nisman es mentira\u00bb","author":"Grupo Sierra","date":"16\/01\/2015","format":false,"excerpt":"El canciller ley\u00f3 en la Sala de Conferencias de la Casa Rosada una carta que le envi\u00f3 el ex Director de Interpol entre 2000 y 2014, Ronald Noble. All\u00ed, el ex funcionario norteamericano ratifica que las afirmaciones hechas por el fiscal son falsas. El canciller H\u00e9ctor Timerman sostuvo hoy que\u2026","rel":"","context":"En \u00abGeneral\u00bb","block_context":{"text":"General","link":"http:\/\/www.24baires.com\/?cat=67"},"img":{"alt_text":"timerman","src":"https:\/\/i0.wp.com\/www.24baires.com\/wp-content\/uploads\/2014\/08\/timerman.jpg?resize=350%2C200","width":350,"height":200,"srcset":"https:\/\/i0.wp.com\/www.24baires.com\/wp-content\/uploads\/2014\/08\/timerman.jpg?resize=350%2C200 1x, https:\/\/i0.wp.com\/www.24baires.com\/wp-content\/uploads\/2014\/08\/timerman.jpg?resize=525%2C300 1.5x"},"classes":[]},{"id":61058,"url":"http:\/\/www.24baires.com\/?p=61058","url_meta":{"origin":60273,"position":3},"title":"\u00abHicimos todo lo posible para ayudar al juez a llevar justicia a las v\u00edctimas de la AMIA\u00bb","author":"AF","date":"31\/01\/2015","format":false,"excerpt":"El canciller H\u00e9ctor Timerman asegur\u00f3 hoy que tanto la presidenta Cristina Fern\u00e1ndez de Kirchner como \u00e9l hicieron \u201ctodo lo posible para ayudar al juez a que lleve justicia a las v\u00edctimas del ataque\u201d a la AMIA, ocurrido en 1994. En una entrevista radial con NPR, uno de los medios de\u2026","rel":"","context":"En \u00abJUDICIALES\u00bb","block_context":{"text":"JUDICIALES","link":"http:\/\/www.24baires.com\/?cat=68"},"img":{"alt_text":"timerman","src":"https:\/\/i0.wp.com\/www.24baires.com\/wp-content\/uploads\/2014\/08\/timerman.jpg?resize=350%2C200","width":350,"height":200,"srcset":"https:\/\/i0.wp.com\/www.24baires.com\/wp-content\/uploads\/2014\/08\/timerman.jpg?resize=350%2C200 1x, https:\/\/i0.wp.com\/www.24baires.com\/wp-content\/uploads\/2014\/08\/timerman.jpg?resize=525%2C300 1.5x"},"classes":[]},{"id":60159,"url":"http:\/\/www.24baires.com\/?p=60159","url_meta":{"origin":60273,"position":4},"title":"Timerman dej\u00f3 entrever una interna de inteligencia en la denuncia contra la Presidenta","author":"Grupo Sierra","date":"15\/01\/2015","format":false,"excerpt":"El canciller H\u00e9ctor Timerman afirm\u00f3 hoy que el fiscal de la Causa Amia, Alberto Nisman, \u201cen vez de investigar a los sospechosos, se dedic\u00f3 clandestinamente a investigar a la Presidenta de la Rep\u00fablica Argentina\u201d, al referirse a la denuncia que aquel formul\u00f3 contra la mandataria y otros funcionarios de Gobierno\u2026","rel":"","context":"En \u00abPol\u00edtica\u00bb","block_context":{"text":"Pol\u00edtica","link":"http:\/\/www.24baires.com\/?cat=51"},"img":{"alt_text":"","src":"","width":0,"height":0},"classes":[]},{"id":106628,"url":"http:\/\/www.24baires.com\/?p=106628","url_meta":{"origin":60273,"position":5},"title":"La AMIA busca retirarse de la querella contra Cristina por el Memor\u00e1ndum con Ir\u00e1n","author":"AF","date":"31\/01\/2019","format":false,"excerpt":"Fue un pedido a la DAIA en la causa que se origin\u00f3 con la denuncia del fiscal Alberto Nisman y busca \u201cempezar a tomar distancia de una causa que est\u00e1 en el centro de la famosa grieta\u201d. La Asociaci\u00f3n Mutual Israelita Argentina (AMIA) le reclam\u00f3 a la Delegaci\u00f3n de Asociaciones\u2026","rel":"","context":"En \u00abJUDICIALES\u00bb","block_context":{"text":"JUDICIALES","link":"http:\/\/www.24baires.com\/?cat=68"},"img":{"alt_text":"","src":"https:\/\/i0.wp.com\/www.24baires.com\/wp-content\/uploads\/2015\/04\/amia.jpg?resize=350%2C200","width":350,"height":200,"srcset":"https:\/\/i0.wp.com\/www.24baires.com\/wp-content\/uploads\/2015\/04\/amia.jpg?resize=350%2C200 1x, https:\/\/i0.wp.com\/www.24baires.com\/wp-content\/uploads\/2015\/04\/amia.jpg?resize=525%2C300 1.5x"},"classes":[]}],"jetpack_sharing_enabled":true,"jetpack_likes_enabled":true,"jetpack_featured_media_url":"","_links":{"self":[{"href":"http:\/\/www.24baires.com\/index.php?rest_route=\/wp\/v2\/posts\/60273","targetHints":{"allow":["GET"]}}],"collection":[{"href":"http:\/\/www.24baires.com\/index.php?rest_route=\/wp\/v2\/posts"}],"about":[{"href":"http:\/\/www.24baires.com\/index.php?rest_route=\/wp\/v2\/types\/post"}],"author":[{"embeddable":true,"href":"http:\/\/www.24baires.com\/index.php?rest_route=\/wp\/v2\/users\/8"}],"replies":[{"embeddable":true,"href":"http:\/\/www.24baires.com\/index.php?rest_route=%2Fwp%2Fv2%2Fcomments&post=60273"}],"version-history":[{"count":1,"href":"http:\/\/www.24baires.com\/index.php?rest_route=\/wp\/v2\/posts\/60273\/revisions"}],"predecessor-version":[{"id":60275,"href":"http:\/\/www.24baires.com\/index.php?rest_route=\/wp\/v2\/posts\/60273\/revisions\/60275"}],"wp:attachment":[{"href":"http:\/\/www.24baires.com\/index.php?rest_route=%2Fwp%2Fv2%2Fmedia&parent=60273"}],"wp:term":[{"taxonomy":"category","embeddable":true,"href":"http:\/\/www.24baires.com\/index.php?rest_route=%2Fwp%2Fv2%2Fcategories&post=60273"},{"taxonomy":"post_tag","embeddable":true,"href":"http:\/\/www.24baires.com\/index.php?rest_route=%2Fwp%2Fv2%2Ftags&post=60273"}],"curies":[{"name":"wp","href":"https:\/\/api.w.org\/{rel}","templated":true}]}}