{"id":60256,"date":"2015-01-17T19:00:51","date_gmt":"2015-01-17T22:00:51","guid":{"rendered":"http:\/\/www.24baires.com\/?p=60256"},"modified":"2015-01-17T18:36:29","modified_gmt":"2015-01-17T21:36:29","slug":"cristina-recibio-al-economista-frances-thomas-piketty-en-olivos","status":"publish","type":"post","link":"http:\/\/www.24baires.com\/?p=60256","title":{"rendered":"Cristina recibi\u00f3 al economista franc\u00e9s Thomas Piketty en Olivos"},"content":{"rendered":"<p><img data-recalc-dims=\"1\" loading=\"lazy\" decoding=\"async\" class=\"aligncenter wp-image-60257\" src=\"https:\/\/i0.wp.com\/www.24baires.com\/wp-content\/uploads\/2015\/01\/cristina-piketty.jpg?resize=560%2C372\" alt=\"cristina piketty\" width=\"560\" height=\"372\" srcset=\"https:\/\/i0.wp.com\/www.24baires.com\/wp-content\/uploads\/2015\/01\/cristina-piketty.jpg?w=510 510w, https:\/\/i0.wp.com\/www.24baires.com\/wp-content\/uploads\/2015\/01\/cristina-piketty.jpg?resize=300%2C199 300w\" sizes=\"auto, (max-width: 560px) 100vw, 560px\" \/>La Presidenta Cristina Fern\u00e1ndez de Kirchner recib\u00f3 hoy en la Quinta de Olivos al economista franc\u00e9s Thomas Piketty, autor del libro El Capital en el Siglo XXI y profesor en la \u00c9cole des hautes \u00e9tudes en sciences sociales y Paris School of Economics, se inform\u00f3 oficialmente.<!--more--><\/p>\n<p>El economista franc\u00e9s hab\u00eda compartido ayer un almuerzo con el ministro de Econom\u00eda, Axel Kicillof, y el presidente del Banco Central, Alejandro Vanoli, tras el cual mantuvo un encuentro con la prensa en el que abord\u00f3 temas como la distribuci\u00f3n del ingreso, la evasi\u00f3n impositiva, y el litigio con los fondos buitre.<\/p>\n<p>Durante su contacto con los medios sostuvo que los fallos de la Justicia de los Estados Unidos, como el dispuesto por el juez Thomas Griesa contra Argentina en el litigio con los fondos buitre, son \u00abincre\u00edblemente arbitrarios, ego\u00edstas e inaceptables\u00bb, y consider\u00f3 que la soluci\u00f3n al problema es la conformaci\u00f3n de un mundo \u00abm\u00e1s multipolar\u00bb.<\/p>\n<p>Piketty, de 43 a\u00f1os, es profesor en la \u00c9cole d\u2019\u00c9conomie de Paris, de la cual fue su primer director, y director de estudios en la \u00c9cole des Hautes Etudes en Sciences Sociales de Paris.<\/p>\n<p>&nbsp;<\/p>\n<p>&nbsp;<\/p>\n<p>&nbsp;<\/p>\n<p>&nbsp;<\/p>\n<p>&nbsp;<\/p>\n<p>&nbsp;<\/p>\n<p>&nbsp;<\/p>\n<p>&nbsp;<\/p>\n<p>&nbsp;<\/p>\n<p>&nbsp;<\/p>\n<p>&nbsp;<\/p>\n<p>&nbsp;<\/p>\n","protected":false},"excerpt":{"rendered":"<p>La Presidenta Cristina Fern\u00e1ndez de Kirchner recib\u00f3 hoy en la Quinta de Olivos al economista franc\u00e9s Thomas Piketty, autor del libro El Capital en el Siglo XXI y profesor en la \u00c9cole des hautes \u00e9tudes en sciences sociales y Paris School of Economics, se inform\u00f3 oficialmente.<\/p>\n","protected":false},"author":8,"featured_media":0,"comment_status":"open","ping_status":"open","sticky":false,"template":"","format":"standard","meta":{"_jetpack_newsletter_access":"","_jetpack_dont_email_post_to_subs":false,"_jetpack_newsletter_tier_id":0,"_jetpack_memberships_contains_paywalled_content":false,"_jetpack_memberships_contains_paid_content":false,"footnotes":""},"categories":[51],"tags":[],"class_list":["post-60256","post","type-post","status-publish","format-standard","hentry","category-politica"],"jetpack_shortlink":"https:\/\/wp.me\/p2JWE0-fFS","jetpack-related-posts":[{"id":114026,"url":"http:\/\/www.24baires.com\/?p=114026","url_meta":{"origin":60256,"position":0},"title":"Macron apoy\u00f3 a la Argentina en la renegociaci\u00f3n de la deuda con el FMI","author":"GB","date":"05\/02\/2020","format":false,"excerpt":"El presidente franc\u00e9s recibi\u00f3 a Alberto Fern\u00e1ndez en el Palacio El\u00edseo y aegur\u00f3 que \"movilizar\u00e1\" respaldos para el pa\u00eds ante el organismo multilateral de cr\u00e9dito. El presidente de Francia, Emmanuel Macron, expres\u00f3 este mi\u00e9rcoles su \"apoyo\" a la Argentina frente a las nuevas negociaciones que el pa\u00eds debe encarar con\u2026","rel":"","context":"En \u00abPol\u00edtica\u00bb","block_context":{"text":"Pol\u00edtica","link":"http:\/\/www.24baires.com\/?cat=51"},"img":{"alt_text":"","src":"https:\/\/i0.wp.com\/www.24baires.com\/wp-content\/uploads\/2020\/02\/alberto-macron.jpg?resize=350%2C200","width":350,"height":200,"srcset":"https:\/\/i0.wp.com\/www.24baires.com\/wp-content\/uploads\/2020\/02\/alberto-macron.jpg?resize=350%2C200 1x, https:\/\/i0.wp.com\/www.24baires.com\/wp-content\/uploads\/2020\/02\/alberto-macron.jpg?resize=525%2C300 1.5x"},"classes":[]},{"id":53547,"url":"http:\/\/www.24baires.com\/?p=53547","url_meta":{"origin":60256,"position":1},"title":"Cristina y Soros, en reuni\u00f3n contra los fondos buitre","author":"Grupo Sierra","date":"12\/09\/2014","format":false,"excerpt":"La Presidenta tendr\u00e1 un encuentro con el multimillonario h\u00fangaro, due\u00f1o del 3,5 por ciento de las acciones de YPF, que enfrent\u00f3 a los buitres. Previa a su participaci\u00f3n en la Asamblea Anual de las Naciones Unidas, la presidenta Cristina Fern\u00e1ndez se reunir\u00e1 con el magnate y financista estadounidense de origen\u2026","rel":"","context":"En \u00abEconom\u00eda\u00bb","block_context":{"text":"Econom\u00eda","link":"http:\/\/www.24baires.com\/?cat=45"},"img":{"alt_text":"cristina kicillof","src":"https:\/\/i0.wp.com\/www.24baires.com\/wp-content\/uploads\/2014\/08\/cristina-kicillof.jpg?resize=350%2C200","width":350,"height":200,"srcset":"https:\/\/i0.wp.com\/www.24baires.com\/wp-content\/uploads\/2014\/08\/cristina-kicillof.jpg?resize=350%2C200 1x, https:\/\/i0.wp.com\/www.24baires.com\/wp-content\/uploads\/2014\/08\/cristina-kicillof.jpg?resize=525%2C300 1.5x"},"classes":[]},{"id":59704,"url":"http:\/\/www.24baires.com\/?p=59704","url_meta":{"origin":60256,"position":2},"title":"Griesa fij\u00f3 una audiencia para definir el pago de la deuda","author":"AF","date":"07\/01\/2015","format":false,"excerpt":"A pedido de la entidad bancaria, el juez decidir\u00e1 sobre el pago de bonos bajo legislaci\u00f3n argentina. Ser\u00e1 el 3 de marzo en Nueva York. El juez de Nueva York Thomas Griesa convoc\u00f3 a una audiencia para el martes 3 de marzo pr\u00f3ximo en el marco del litigio que Argentina\u2026","rel":"","context":"En \u00abEconom\u00eda\u00bb","block_context":{"text":"Econom\u00eda","link":"http:\/\/www.24baires.com\/?cat=45"},"img":{"alt_text":"Juez+Thomas+Griesa-2","src":"https:\/\/i0.wp.com\/www.24baires.com\/wp-content\/uploads\/2014\/06\/Juez%2BThomas%2BGriesa-2.jpg?resize=350%2C200","width":350,"height":200,"srcset":"https:\/\/i0.wp.com\/www.24baires.com\/wp-content\/uploads\/2014\/06\/Juez%2BThomas%2BGriesa-2.jpg?resize=350%2C200 1x, https:\/\/i0.wp.com\/www.24baires.com\/wp-content\/uploads\/2014\/06\/Juez%2BThomas%2BGriesa-2.jpg?resize=525%2C300 1.5x"},"classes":[]},{"id":50737,"url":"http:\/\/www.24baires.com\/?p=50737","url_meta":{"origin":60256,"position":3},"title":"La delegaci\u00f3n argentina ya est\u00e1 reunida con Pollack","author":"AF","date":"29\/07\/2014","format":false,"excerpt":"La comitiva ingres\u00f3 a las 11 hora local (12 de la Argentina) al edificio donde se encuentra Daniel Pollack, el abogado designado por el juez Thomas Griesa para mediar en el litigio con los fondos buitre. La delegaci\u00f3n de funcionarios argentinos ingres\u00f3 a las 11 hora local (12 de la\u2026","rel":"","context":"En \u00abEconom\u00eda\u00bb","block_context":{"text":"Econom\u00eda","link":"http:\/\/www.24baires.com\/?cat=45"},"img":{"alt_text":"","src":"","width":0,"height":0},"classes":[]},{"id":50888,"url":"http:\/\/www.24baires.com\/?p=50888","url_meta":{"origin":60256,"position":4},"title":"Griesa convoc\u00f3 a una nueva audiencia para este viernes","author":"AF","date":"31\/07\/2014","format":false,"excerpt":"La reuni\u00f3n est\u00e1 prevista para las 11 hora local (12 de la Argentina) en la corte distrital de esta ciudad, y en principio fueron convocados representantes de los fondos buitre. El juez estadounidense Thomas Griesa convoc\u00f3 para ma\u00f1ana a una nueva audiencia, en el marco del litigio entre la Argentina\u2026","rel":"","context":"En \u00abEconom\u00eda\u00bb","block_context":{"text":"Econom\u00eda","link":"http:\/\/www.24baires.com\/?cat=45"},"img":{"alt_text":"Juez+Thomas+Griesa-2","src":"https:\/\/i0.wp.com\/www.24baires.com\/wp-content\/uploads\/2014\/06\/Juez%2BThomas%2BGriesa-2.jpg?resize=350%2C200","width":350,"height":200,"srcset":"https:\/\/i0.wp.com\/www.24baires.com\/wp-content\/uploads\/2014\/06\/Juez%2BThomas%2BGriesa-2.jpg?resize=350%2C200 1x, https:\/\/i0.wp.com\/www.24baires.com\/wp-content\/uploads\/2014\/06\/Juez%2BThomas%2BGriesa-2.jpg?resize=525%2C300 1.5x"},"classes":[]},{"id":52647,"url":"http:\/\/www.24baires.com\/?p=52647","url_meta":{"origin":60256,"position":5},"title":"Argentinos ingeniosos crearon un videojuego para matar a los buitres","author":"GB","date":"28\/08\/2014","format":false,"excerpt":"El objetivo del juego es lograr que los p\u00e1jaros, que son liberados por el juez Thomas Griesa, no alcancen el dinero argentino. Para evitar el ataque, el usuario cuenta con armas y municiones. El ingenio de los argentinos no para. En Rosario, un grupo de estudiantes de periodismo cre\u00f3 un\u2026","rel":"","context":"En \u00abTecnolog\u00eda\u00bb","block_context":{"text":"Tecnolog\u00eda","link":"http:\/\/www.24baires.com\/?cat=46"},"img":{"alt_text":"","src":"https:\/\/i0.wp.com\/www.24baires.com\/wp-content\/uploads\/2014\/08\/video-juego.jpg?resize=350%2C200","width":350,"height":200,"srcset":"https:\/\/i0.wp.com\/www.24baires.com\/wp-content\/uploads\/2014\/08\/video-juego.jpg?resize=350%2C200 1x, https:\/\/i0.wp.com\/www.24baires.com\/wp-content\/uploads\/2014\/08\/video-juego.jpg?resize=525%2C300 1.5x"},"classes":[]}],"jetpack_sharing_enabled":true,"jetpack_likes_enabled":true,"jetpack_featured_media_url":"","_links":{"self":[{"href":"http:\/\/www.24baires.com\/index.php?rest_route=\/wp\/v2\/posts\/60256","targetHints":{"allow":["GET"]}}],"collection":[{"href":"http:\/\/www.24baires.com\/index.php?rest_route=\/wp\/v2\/posts"}],"about":[{"href":"http:\/\/www.24baires.com\/index.php?rest_route=\/wp\/v2\/types\/post"}],"author":[{"embeddable":true,"href":"http:\/\/www.24baires.com\/index.php?rest_route=\/wp\/v2\/users\/8"}],"replies":[{"embeddable":true,"href":"http:\/\/www.24baires.com\/index.php?rest_route=%2Fwp%2Fv2%2Fcomments&post=60256"}],"version-history":[{"count":1,"href":"http:\/\/www.24baires.com\/index.php?rest_route=\/wp\/v2\/posts\/60256\/revisions"}],"predecessor-version":[{"id":60258,"href":"http:\/\/www.24baires.com\/index.php?rest_route=\/wp\/v2\/posts\/60256\/revisions\/60258"}],"wp:attachment":[{"href":"http:\/\/www.24baires.com\/index.php?rest_route=%2Fwp%2Fv2%2Fmedia&parent=60256"}],"wp:term":[{"taxonomy":"category","embeddable":true,"href":"http:\/\/www.24baires.com\/index.php?rest_route=%2Fwp%2Fv2%2Fcategories&post=60256"},{"taxonomy":"post_tag","embeddable":true,"href":"http:\/\/www.24baires.com\/index.php?rest_route=%2Fwp%2Fv2%2Ftags&post=60256"}],"curies":[{"name":"wp","href":"https:\/\/api.w.org\/{rel}","templated":true}]}}