{"id":60220,"date":"2015-01-16T20:34:32","date_gmt":"2015-01-16T23:34:32","guid":{"rendered":"http:\/\/www.24baires.com\/?p=60220"},"modified":"2015-01-16T20:21:33","modified_gmt":"2015-01-16T23:21:33","slug":"stolbizer-contra-carrio-y-la-ucr","status":"publish","type":"post","link":"http:\/\/www.24baires.com\/?p=60220","title":{"rendered":"Stolbizer contra Carri\u00f3 y la UCR"},"content":{"rendered":"<p><img data-recalc-dims=\"1\" loading=\"lazy\" decoding=\"async\" class=\"aligncenter size-full wp-image-52048\" src=\"https:\/\/i0.wp.com\/www.24baires.com\/wp-content\/uploads\/2014\/08\/Stolbizer2.jpg?resize=560%2C336\" alt=\"Stolbizer2\" width=\"560\" height=\"336\" srcset=\"https:\/\/i0.wp.com\/www.24baires.com\/wp-content\/uploads\/2014\/08\/Stolbizer2.jpg?w=560 560w, https:\/\/i0.wp.com\/www.24baires.com\/wp-content\/uploads\/2014\/08\/Stolbizer2.jpg?resize=300%2C180 300w\" sizes=\"auto, (max-width: 560px) 100vw, 560px\" \/>La titular del GEN sostuvo que \u00abno est\u00e1 saldada\u00bb la discusi\u00f3n sobre la t\u00e1ctica electoral en el Frente Amplio UNEN.<!--more--><\/p>\n<p>La diputada responsabiliz\u00f3 a Elisa Carri\u00f3 y a la UCR de \u201cdebilitar\u201d al espacio con sus planteos a favor de acordar con el PRO o con el Frente Renovador para los pr\u00f3ximos comicios.<\/p>\n<p>\u201cEl frente se debilita cuando se empieza a colar la posibilidad de discusi\u00f3n de un acuerdo con (Mauricio) Macri; Carri\u00f3 tiene una capacidad de da\u00f1o importante, pero despu\u00e9s de un tiempo dej\u00f3 de ser el elemento de debilitamiento de Unen y terminaron si\u00e9ndolo los radicales, desde una visi\u00f3n muy pragm\u00e1tica, que es la de preservar el territorio, y entonces decir que pueden ir con Macri o Massa\u201d, resumi\u00f3 Stolbizer.<\/p>\n<p>Remarc\u00f3 que tanto al GEN, como al socialismo y a Libres del Sur, \u201cno les da lo mismo\u201d modificar la estrategia electoral y advirti\u00f3 que \u201chay cuestiones m\u00ednimas de coherencia pol\u00edtica que tienen que estar cuando uno arma un frente\u201d.<\/p>\n<p>\u201cLa discusi\u00f3n no est\u00e1 saldada\u201d, admiti\u00f3 Stolbizer, en una entrevista en la que reivindic\u00f3 las \u201cideas pol\u00edticas de centroizquierda\u201d con las que se fund\u00f3 el FAU.<\/p>\n<p>Si bien asegur\u00f3 que el espacio competir\u00e1 en agosto, aclar\u00f3: \u201cTal vez no lleguemos todos juntos\u201d.<\/p>\n<p>En cuanto a la competencia electoral de este a\u00f1o, la diputada nacional lament\u00f3 que \u201cpareciera que el pol\u00edtico m\u00e1s exitoso es el m\u00e1s light\u201d y juzg\u00f3 que \u201chace varios a\u00f1os que la ideas vienen perdiendo dentro de la batalla de la pol\u00edtica, a manos del marketing, la publicidad y la televisi\u00f3n\u201d.<\/p>\n<p>\u201cParece que los favoritos, los m\u00e1s marketineros son los que menos ideas expresan; la \u00faltima elecci\u00f3n (Sergio) Massa gan\u00f3 con el factor sorpresa, pero la noche anterior no se sab\u00eda si era un candidato oficialista o uno opositor y ahora parece que todos juegan de la misma manera porque le dio buen resultado\u201d, argument\u00f3.<\/p>\n<p>Tambi\u00e9n Stolbizer cuestion\u00f3 a los postulantes que \u201cse muestran en Punta del Este, saliendo con modelos\u201d y que desconocen el valor de las \u201cideas\u201d.<\/p>\n<p>\u201cA\u00fan una gesti\u00f3n tiene que tener ideas detr\u00e1s; en pol\u00edtica no es todo lo mismo\u201d, insisti\u00f3 la l\u00edder del GEN.<\/p>\n<p>&nbsp;<\/p>\n<p>&nbsp;<\/p>\n<p>&nbsp;<\/p>\n<p>&nbsp;<\/p>\n","protected":false},"excerpt":{"rendered":"<p>La titular del GEN sostuvo que \u00abno est\u00e1 saldada\u00bb la discusi\u00f3n sobre la t\u00e1ctica electoral en el Frente Amplio UNEN.<\/p>\n","protected":false},"author":11,"featured_media":0,"comment_status":"open","ping_status":"open","sticky":false,"template":"","format":"standard","meta":{"_jetpack_newsletter_access":"","_jetpack_dont_email_post_to_subs":false,"_jetpack_newsletter_tier_id":0,"_jetpack_memberships_contains_paywalled_content":false,"_jetpack_memberships_contains_paid_content":false,"footnotes":""},"categories":[51],"tags":[],"class_list":["post-60220","post","type-post","status-publish","format-standard","hentry","category-politica"],"jetpack_shortlink":"https:\/\/wp.me\/p2JWE0-fFi","jetpack-related-posts":[{"id":56977,"url":"http:\/\/www.24baires.com\/?p=56977","url_meta":{"origin":60220,"position":0},"title":"Stolbizer critic\u00f3 a los que quieren unirse al PRO porque \u00abdebilitan el Frente\u00bb","author":"Grupo Sierra","date":"11\/11\/2014","format":false,"excerpt":"La titular del GEN volvi\u00f3 a rechazar la posibilidad de sellar acuerdos electorales a nivel nacional con el PRO y el Frente Renovador, despu\u00e9s de que Macri hablara de Sanz y Carri\u00f3. El precandidato a presidente del Frente Amplio Unen (FAU), el socialista Hermes Binner, y la titular del GEN,\u2026","rel":"","context":"En \u00abElecciones 2015\u00bb","block_context":{"text":"Elecciones 2015","link":"http:\/\/www.24baires.com\/?cat=74"},"img":{"alt_text":"Stolbizer2","src":"https:\/\/i0.wp.com\/www.24baires.com\/wp-content\/uploads\/2014\/08\/Stolbizer2.jpg?resize=350%2C200","width":350,"height":200,"srcset":"https:\/\/i0.wp.com\/www.24baires.com\/wp-content\/uploads\/2014\/08\/Stolbizer2.jpg?resize=350%2C200 1x, https:\/\/i0.wp.com\/www.24baires.com\/wp-content\/uploads\/2014\/08\/Stolbizer2.jpg?resize=525%2C300 1.5x"},"classes":[]},{"id":44504,"url":"http:\/\/www.24baires.com\/?p=44504","url_meta":{"origin":60220,"position":1},"title":"La nueva Alianza ya es realidad: presentaron el Frente Amplio Unen","author":"Grupo Sierra","date":"22\/04\/2014","format":false,"excerpt":"El FAP y UNEN realizaron la presentaci\u00f3n formal del nuevo espacio conformado por referentes de ambos frentes, en un acto que reuni\u00f3 en un mismo escenario a los cinco presidenciables del espacio. Con esta alianza, buscar\u00e1n constituirse como una alternativa de poder en el 2015. La foto de Hermes Binner\u2026","rel":"","context":"En \u00abPol\u00edtica\u00bb","block_context":{"text":"Pol\u00edtica","link":"http:\/\/www.24baires.com\/?cat=51"},"img":{"alt_text":"","src":"https:\/\/i0.wp.com\/www.24baires.com\/wp-content\/uploads\/2014\/04\/UNEN-2.jpg?resize=350%2C200","width":350,"height":200,"srcset":"https:\/\/i0.wp.com\/www.24baires.com\/wp-content\/uploads\/2014\/04\/UNEN-2.jpg?resize=350%2C200 1x, https:\/\/i0.wp.com\/www.24baires.com\/wp-content\/uploads\/2014\/04\/UNEN-2.jpg?resize=525%2C300 1.5x"},"classes":[]},{"id":24427,"url":"http:\/\/www.24baires.com\/?p=24427","url_meta":{"origin":60220,"position":2},"title":"Esta semana el FAP y la UCR definen si hacen alianza para las legislativas","author":"Grupo Sierra","date":"26\/05\/2013","format":false,"excerpt":"El Frente Amplio Progresista (FAP) y la UCR definir\u00e1n esta semana si sellan una alianza para competir juntos en la provincia de Buenos Aires, con una \u00fanica lista de candidatos a diputados nacionales, en los comicios de octubre pr\u00f3ximo. El Partido Socialista y el GEN, socios en la mesa provincial\u2026","rel":"","context":"En \u00abPol\u00edtica\u00bb","block_context":{"text":"Pol\u00edtica","link":"http:\/\/www.24baires.com\/?cat=51"},"img":{"alt_text":"","src":"","width":0,"height":0},"classes":[]},{"id":44341,"url":"http:\/\/www.24baires.com\/?p=44341","url_meta":{"origin":60220,"position":3},"title":"Cerrando el rejunte, presentan esta semana el espacio UNEN","author":"Grupo Sierra","date":"20\/04\/2014","format":false,"excerpt":"La alianza que nuclea a la UCR, el socialismo, Coalici\u00f3n C\u00edvica, Proyecto Sur, Libres del Sur, GEN y varios frentes provinciales har\u00e1 su ingreso formal a la pol\u00edtica nacional durante el martes, con un acto fundacional en el teatro Broadway de Avenida Corrientes. Las luces, sombras e interrogantes de un\u2026","rel":"","context":"En \u00abPol\u00edtica\u00bb","block_context":{"text":"Pol\u00edtica","link":"http:\/\/www.24baires.com\/?cat=51"},"img":{"alt_text":"","src":"https:\/\/i0.wp.com\/www.24baires.com\/wp-content\/uploads\/2014\/04\/UNEN.jpg?resize=350%2C200","width":350,"height":200,"srcset":"https:\/\/i0.wp.com\/www.24baires.com\/wp-content\/uploads\/2014\/04\/UNEN.jpg?resize=350%2C200 1x, https:\/\/i0.wp.com\/www.24baires.com\/wp-content\/uploads\/2014\/04\/UNEN.jpg?resize=525%2C300 1.5x"},"classes":[]},{"id":57084,"url":"http:\/\/www.24baires.com\/?p=57084","url_meta":{"origin":60220,"position":4},"title":"Artaza: \u00abDeb\u00ed haber pensado antes de unirme a Carri\u00f3\u00bb","author":"Grupo Sierra","date":"13\/11\/2014","format":false,"excerpt":"El senador nacional por la Uni\u00f3n C\u00edvica Radical admiti\u00f3 que el espacio se \"equivoc\u00f3\" en el acuerdo con \"Lilita\". El senador nacional por la UCR Eugenio 'Nito' Artaza admiti\u00f3 hoy que su partido se equivoc\u00f3 al conformar un frente con Elisa Carri\u00f3 de cara a las elecciones presidenciales de 2015.\u2026","rel":"","context":"En \u00abPol\u00edtica\u00bb","block_context":{"text":"Pol\u00edtica","link":"http:\/\/www.24baires.com\/?cat=51"},"img":{"alt_text":"artaza nito","src":"https:\/\/i0.wp.com\/www.24baires.com\/wp-content\/uploads\/2014\/10\/artaza-nito.jpg?resize=350%2C200","width":350,"height":200,"srcset":"https:\/\/i0.wp.com\/www.24baires.com\/wp-content\/uploads\/2014\/10\/artaza-nito.jpg?resize=350%2C200 1x, https:\/\/i0.wp.com\/www.24baires.com\/wp-content\/uploads\/2014\/10\/artaza-nito.jpg?resize=525%2C300 1.5x"},"classes":[]},{"id":45936,"url":"http:\/\/www.24baires.com\/?p=45936","url_meta":{"origin":60220,"position":5},"title":"Carri\u00f3 disip\u00f3 dudas: \u00abNo voy por la gobernaci\u00f3n\u00bb","author":"Grupo Sierra","date":"13\/05\/2014","format":false,"excerpt":"La diputada nacional de la Coalici\u00f3n C\u00edvica-ARI (CC-ARI) desestim\u00f3 esta opci\u00f3n, por no reunir los requisitos legales para serlo, aunque insisti\u00f3 que mantiene el \"sue\u00f1o\" de gobernar la provincia en el futuro. De esta manera, Carri\u00f3 puso punto final a las especulaciones que ella misma aliment\u00f3 en torno a su\u2026","rel":"","context":"En \u00abElecciones 2015\u00bb","block_context":{"text":"Elecciones 2015","link":"http:\/\/www.24baires.com\/?cat=74"},"img":{"alt_text":"carri\u00f3","src":"https:\/\/i0.wp.com\/www.24baires.com\/wp-content\/uploads\/2014\/04\/carri%C3%B3.jpg?resize=350%2C200","width":350,"height":200,"srcset":"https:\/\/i0.wp.com\/www.24baires.com\/wp-content\/uploads\/2014\/04\/carri%C3%B3.jpg?resize=350%2C200 1x, https:\/\/i0.wp.com\/www.24baires.com\/wp-content\/uploads\/2014\/04\/carri%C3%B3.jpg?resize=525%2C300 1.5x"},"classes":[]}],"jetpack_sharing_enabled":true,"jetpack_likes_enabled":true,"jetpack_featured_media_url":"","_links":{"self":[{"href":"http:\/\/www.24baires.com\/index.php?rest_route=\/wp\/v2\/posts\/60220","targetHints":{"allow":["GET"]}}],"collection":[{"href":"http:\/\/www.24baires.com\/index.php?rest_route=\/wp\/v2\/posts"}],"about":[{"href":"http:\/\/www.24baires.com\/index.php?rest_route=\/wp\/v2\/types\/post"}],"author":[{"embeddable":true,"href":"http:\/\/www.24baires.com\/index.php?rest_route=\/wp\/v2\/users\/11"}],"replies":[{"embeddable":true,"href":"http:\/\/www.24baires.com\/index.php?rest_route=%2Fwp%2Fv2%2Fcomments&post=60220"}],"version-history":[{"count":2,"href":"http:\/\/www.24baires.com\/index.php?rest_route=\/wp\/v2\/posts\/60220\/revisions"}],"predecessor-version":[{"id":60222,"href":"http:\/\/www.24baires.com\/index.php?rest_route=\/wp\/v2\/posts\/60220\/revisions\/60222"}],"wp:attachment":[{"href":"http:\/\/www.24baires.com\/index.php?rest_route=%2Fwp%2Fv2%2Fmedia&parent=60220"}],"wp:term":[{"taxonomy":"category","embeddable":true,"href":"http:\/\/www.24baires.com\/index.php?rest_route=%2Fwp%2Fv2%2Fcategories&post=60220"},{"taxonomy":"post_tag","embeddable":true,"href":"http:\/\/www.24baires.com\/index.php?rest_route=%2Fwp%2Fv2%2Ftags&post=60220"}],"curies":[{"name":"wp","href":"https:\/\/api.w.org\/{rel}","templated":true}]}}