{"id":60198,"date":"2015-01-16T13:00:56","date_gmt":"2015-01-16T16:00:56","guid":{"rendered":"http:\/\/www.24baires.com\/?p=60198"},"modified":"2015-01-16T12:41:33","modified_gmt":"2015-01-16T15:41:33","slug":"macri-designo-a-michetti-como-candidata-a-sucederlo-en-la-capital","status":"publish","type":"post","link":"http:\/\/www.24baires.com\/?p=60198","title":{"rendered":"Macri design\u00f3 a Michetti como candidata a sucederlo en la Capital"},"content":{"rendered":"<p><img data-recalc-dims=\"1\" loading=\"lazy\" decoding=\"async\" class=\"aligncenter size-full wp-image-51546\" src=\"https:\/\/i0.wp.com\/www.24baires.com\/wp-content\/uploads\/2014\/08\/michetti.jpg?resize=560%2C282\" alt=\"michetti\" width=\"560\" height=\"282\" srcset=\"https:\/\/i0.wp.com\/www.24baires.com\/wp-content\/uploads\/2014\/08\/michetti.jpg?w=560 560w, https:\/\/i0.wp.com\/www.24baires.com\/wp-content\/uploads\/2014\/08\/michetti.jpg?resize=300%2C151 300w\" sizes=\"auto, (max-width: 560px) 100vw, 560px\" \/>Tras meses de disputas internas, presiones y reuniones, la senadora recibi\u00f3 finalmente el visto bueno del jefe de Gobierno y pelear\u00e1 por la candidatura contra el vicejefe, Horacio Rodr\u00edguez Larreta.<!--more--><\/p>\n<p>El jefe del Gobierno porte\u00f1o, Mauricio Macri, y Gabriela Michetti finalmente alcanzaron un acuerdo y la senadora ser\u00e1 candidata a sucederlo en las primarias abiertas del PRO en la Ciudad.<\/p>\n<p>Seg\u00fan confirm\u00f3 la propia Michetti, ella y el precandidato presidencial del Pro dialogaron esta ma\u00f1ana y acordaron \u00abposponer el debate por la vicepresidencia para m\u00e1s adelante\u00bb.<\/p>\n<p>De esta forma, la senadora logr\u00f3 lo que se propon\u00eda: ser candidata en la Ciudad. Para ello, tuvo que sortear los obst\u00e1culos que pon\u00eda el otro candidadto -Rodr\u00edguez Larreta- que ten\u00eda el aval de Macri.<\/p>\n<p>Sin embargo, la insistencia de Michetti y el apoyo de sectores internos como el jefe del bloque en diputados, Federico Pinedo, o el secretario de Cultura porte\u00f1o, Hern\u00e1n Lombardi, logr\u00f3 vencer la resistencia dentro del PRO.<\/p>\n<p>Macri, hasta el momento, no se pronunci\u00f3 y sol\u00eda responder con evasivas y con su deseo: que la antigua vicejefa de Gobierno fuera con \u00e9l a la f\u00f3rmula presidencial. Habr\u00e1 que ver si, de este modo, se abre la puerta para un extrapartidario como Ernesto Sanz.<\/p>\n<p>&nbsp;<\/p>\n<p>&nbsp;<\/p>\n<p>&nbsp;<\/p>\n<p>&nbsp;<\/p>\n<p>&nbsp;<\/p>\n<p>&nbsp;<\/p>\n<p>&nbsp;<\/p>\n<p>&nbsp;<\/p>\n<p>&nbsp;<\/p>\n<p>&nbsp;<\/p>\n<p>&nbsp;<\/p>\n<p>&nbsp;<\/p>\n<p>&nbsp;<\/p>\n<p>&nbsp;<\/p>\n<p>&nbsp;<\/p>\n<p>&nbsp;<\/p>\n<p>&nbsp;<\/p>\n<p>&nbsp;<\/p>\n<p>&nbsp;<\/p>\n<p>&nbsp;<\/p>\n<p>&nbsp;<\/p>\n","protected":false},"excerpt":{"rendered":"<p>Tras meses de disputas internas, presiones y reuniones, la senadora recibi\u00f3 finalmente el visto bueno del jefe de Gobierno y pelear\u00e1 por la candidatura contra el vicejefe, Horacio Rodr\u00edguez Larreta.<\/p>\n","protected":false},"author":4,"featured_media":0,"comment_status":"open","ping_status":"open","sticky":false,"template":"","format":"standard","meta":{"_jetpack_newsletter_access":"","_jetpack_dont_email_post_to_subs":false,"_jetpack_newsletter_tier_id":0,"_jetpack_memberships_contains_paywalled_content":false,"_jetpack_memberships_contains_paid_content":false,"footnotes":""},"categories":[51],"tags":[],"class_list":["post-60198","post","type-post","status-publish","format-standard","hentry","category-politica"],"jetpack_shortlink":"https:\/\/wp.me\/p2JWE0-fEW","jetpack-related-posts":[{"id":51545,"url":"http:\/\/www.24baires.com\/?p=51545","url_meta":{"origin":60198,"position":0},"title":"Michetti abog\u00f3 por las internas: \u00abDeben definirse as\u00ed\u00bb","author":"Grupo Sierra","date":"10\/08\/2014","format":false,"excerpt":"La senadora del PRO por la Ciudad de Buenos Aires consider\u00f3 que las listas de candidatos del espacio pol\u00edtico que conduce el jefe de gobierno porte\u00f1o, Mauricio Macri, \u201cdeben definirse por elecciones internas\u201d y evit\u00f3 definiciones sobre su candidatura. \u201cLos candidatos deben definirse por internas, definitivamente. Que haya elecciones es\u2026","rel":"","context":"En \u00abElecciones 2015\u00bb","block_context":{"text":"Elecciones 2015","link":"http:\/\/www.24baires.com\/?cat=74"},"img":{"alt_text":"","src":"https:\/\/i0.wp.com\/www.24baires.com\/wp-content\/uploads\/2014\/08\/michetti.jpg?resize=350%2C200","width":350,"height":200,"srcset":"https:\/\/i0.wp.com\/www.24baires.com\/wp-content\/uploads\/2014\/08\/michetti.jpg?resize=350%2C200 1x, https:\/\/i0.wp.com\/www.24baires.com\/wp-content\/uploads\/2014\/08\/michetti.jpg?resize=525%2C300 1.5x"},"classes":[]},{"id":67815,"url":"http:\/\/www.24baires.com\/?p=67815","url_meta":{"origin":60198,"position":1},"title":"Macri anunci\u00f3 que su vice ser\u00e1 Gabriela Michetti","author":"AF","date":"19\/06\/2015","format":false,"excerpt":"Lo confirm\u00f3 Mauricio Macri y esa ser\u00e1 la f\u00f3rmula para las elecciones presidenciales. El jefe de Gobierno porte\u00f1o, Mauricio Macri, y Gabriela Michetti ser\u00e1n la f\u00f3rmula que se postule para las elecciones presidenciales por parte del PRO. Michetti particip\u00f3 en las PASO porte\u00f1as, que tuvieron lugar en abril \u00faltimo, y\u2026","rel":"","context":"En \u00abElecciones 2015\u00bb","block_context":{"text":"Elecciones 2015","link":"http:\/\/www.24baires.com\/?cat=74"},"img":{"alt_text":"macri michetti","src":"https:\/\/i0.wp.com\/www.24baires.com\/wp-content\/uploads\/2015\/06\/macri-michetti-300x300.jpg?resize=350%2C200","width":350,"height":200},"classes":[]},{"id":63879,"url":"http:\/\/www.24baires.com\/?p=63879","url_meta":{"origin":60198,"position":2},"title":"Michetti sigue enojada con Macri","author":"Grupo Sierra","date":"05\/04\/2015","format":false,"excerpt":"La precandidata a jefa de Gobierno porte\u00f1o del PRO, Gabriela Michetti, consider\u00f3 hoy que \u201clo l\u00f3gico es que fuera prescindente\u201d Mauricio Macri en las PASO que se realizar\u00e1n el 26 de abril en la ciudad de Buenos Aires, al cuestionar el apoyo del l\u00edder de la agrupaci\u00f3n a Horacio Rodr\u00edguez\u2026","rel":"","context":"En \u00abPol\u00edtica\u00bb","block_context":{"text":"Pol\u00edtica","link":"http:\/\/www.24baires.com\/?cat=51"},"img":{"alt_text":"michetti","src":"https:\/\/i0.wp.com\/www.24baires.com\/wp-content\/uploads\/2014\/08\/michetti.jpg?resize=350%2C200","width":350,"height":200,"srcset":"https:\/\/i0.wp.com\/www.24baires.com\/wp-content\/uploads\/2014\/08\/michetti.jpg?resize=350%2C200 1x, https:\/\/i0.wp.com\/www.24baires.com\/wp-content\/uploads\/2014\/08\/michetti.jpg?resize=525%2C300 1.5x"},"classes":[]},{"id":4910,"url":"http:\/\/www.24baires.com\/?p=4910","url_meta":{"origin":60198,"position":3},"title":"Michetti reiter\u00f3 que no le interesa ser candidata en Provincia","author":"AF","date":"10\/11\/2012","format":false,"excerpt":"La diputada del Pro sostuvo que de ninguna manera participar\u00e1 en elecciones en la Provincia. \"Yo no puedo hacer lo que no me sale de adentro\", dijo y asegur\u00f3: \"Lo mejor de m\u00ed lo puedo dar en la Capital\". Cuestion\u00f3 el estilo del Jefe de Gabinete de Macri y se\u00f1al\u00f3\u2026","rel":"","context":"En \u00abPol\u00edtica\u00bb","block_context":{"text":"Pol\u00edtica","link":"http:\/\/www.24baires.com\/?cat=51"},"img":{"alt_text":"","src":"https:\/\/i0.wp.com\/www.24baires.com\/wp-content\/uploads\/2012\/11\/larreta-michetti.jpg?resize=350%2C200","width":350,"height":200},"classes":[]},{"id":59030,"url":"http:\/\/www.24baires.com\/?p=59030","url_meta":{"origin":60198,"position":4},"title":"Macri, un presidente sin vice","author":"Grupo Sierra","date":"22\/12\/2014","format":false,"excerpt":"\"Vamos a seguir reflexionando\", se\u00f1al\u00f3 el jefe de Gobierno porte\u00f1o, Mauricio Macri, al ser consultado sobre la negativa que dej\u00f3 trascender de la senadora Gabriela Michetti a la posibilidad de acompa\u00f1arlo en la f\u00f3rmula presidencial. Gabriela es una de las grandes candidatas para una posici\u00f3n de ese tipo, pero todav\u00eda\u2026","rel":"","context":"En \u00abElecciones 2015\u00bb","block_context":{"text":"Elecciones 2015","link":"http:\/\/www.24baires.com\/?cat=74"},"img":{"alt_text":"macri 4","src":"https:\/\/i0.wp.com\/www.24baires.com\/wp-content\/uploads\/2014\/09\/macri-41.jpg?resize=350%2C200","width":350,"height":200,"srcset":"https:\/\/i0.wp.com\/www.24baires.com\/wp-content\/uploads\/2014\/09\/macri-41.jpg?resize=350%2C200 1x, https:\/\/i0.wp.com\/www.24baires.com\/wp-content\/uploads\/2014\/09\/macri-41.jpg?resize=525%2C300 1.5x"},"classes":[]},{"id":113293,"url":"http:\/\/www.24baires.com\/?p=113293","url_meta":{"origin":60198,"position":5},"title":"Macri y Alberto asistir\u00e1n a la Misa por la Unidad en Luj\u00e1n","author":"AF","date":"07\/12\/2019","format":false,"excerpt":"El presidente electo tambi\u00e9n estar\u00e1 acompa\u00f1ado por el futuro Secretario de Culto Guillermo Oliveri. Vidal, Michetti y Rodr\u00edguez Larreta estar\u00e1n junto a Macri. A dos d\u00edas del cambio de gobierno, el presidente Mauricio Macri y el mandatario electo Alberto Fern\u00e1ndez compartir\u00e1n este domingo una misa por la \"unidad y la\u2026","rel":"","context":"En \u00abPol\u00edtica\u00bb","block_context":{"text":"Pol\u00edtica","link":"http:\/\/www.24baires.com\/?cat=51"},"img":{"alt_text":"","src":"https:\/\/i0.wp.com\/www.24baires.com\/wp-content\/uploads\/2019\/08\/fern%C3%A1ndez-alberto-macri.jpg?resize=350%2C200","width":350,"height":200,"srcset":"https:\/\/i0.wp.com\/www.24baires.com\/wp-content\/uploads\/2019\/08\/fern%C3%A1ndez-alberto-macri.jpg?resize=350%2C200 1x, https:\/\/i0.wp.com\/www.24baires.com\/wp-content\/uploads\/2019\/08\/fern%C3%A1ndez-alberto-macri.jpg?resize=525%2C300 1.5x"},"classes":[]}],"jetpack_sharing_enabled":true,"jetpack_likes_enabled":true,"jetpack_featured_media_url":"","_links":{"self":[{"href":"http:\/\/www.24baires.com\/index.php?rest_route=\/wp\/v2\/posts\/60198","targetHints":{"allow":["GET"]}}],"collection":[{"href":"http:\/\/www.24baires.com\/index.php?rest_route=\/wp\/v2\/posts"}],"about":[{"href":"http:\/\/www.24baires.com\/index.php?rest_route=\/wp\/v2\/types\/post"}],"author":[{"embeddable":true,"href":"http:\/\/www.24baires.com\/index.php?rest_route=\/wp\/v2\/users\/4"}],"replies":[{"embeddable":true,"href":"http:\/\/www.24baires.com\/index.php?rest_route=%2Fwp%2Fv2%2Fcomments&post=60198"}],"version-history":[{"count":2,"href":"http:\/\/www.24baires.com\/index.php?rest_route=\/wp\/v2\/posts\/60198\/revisions"}],"predecessor-version":[{"id":60200,"href":"http:\/\/www.24baires.com\/index.php?rest_route=\/wp\/v2\/posts\/60198\/revisions\/60200"}],"wp:attachment":[{"href":"http:\/\/www.24baires.com\/index.php?rest_route=%2Fwp%2Fv2%2Fmedia&parent=60198"}],"wp:term":[{"taxonomy":"category","embeddable":true,"href":"http:\/\/www.24baires.com\/index.php?rest_route=%2Fwp%2Fv2%2Fcategories&post=60198"},{"taxonomy":"post_tag","embeddable":true,"href":"http:\/\/www.24baires.com\/index.php?rest_route=%2Fwp%2Fv2%2Ftags&post=60198"}],"curies":[{"name":"wp","href":"https:\/\/api.w.org\/{rel}","templated":true}]}}