{"id":60160,"date":"2015-01-15T18:47:06","date_gmt":"2015-01-15T21:47:06","guid":{"rendered":"http:\/\/www.24baires.com\/?p=60160"},"modified":"2015-01-16T10:35:25","modified_gmt":"2015-01-16T13:35:25","slug":"durisimo-comunicado-de-memoria-activa-al-fiscal-nisman-no-le-creemos-nada","status":"publish","type":"post","link":"http:\/\/www.24baires.com\/?p=60160","title":{"rendered":"Dur\u00edsimo comunicado de Memoria Activa: \u00abAl fiscal Nisman no le creemos nada\u00bb"},"content":{"rendered":"<p>La Asociaci\u00f3n emiti\u00f3 un comunicado en el que sostienen que \u00abes p\u00fablico y notorio que ha utilizado los enormes recursos que ha tenido su fiscal\u00eda para fines que nada tienen que ver con el esclarecimiento de la masacre\u00bb<!--more--><\/p>\n<p>La Asociaci\u00f3n emiti\u00f3 un comunicado en el que sostienen que a Nisman, responsable de las investigaciones, no le creen \u00abnada\u00bb, ya que \u00abes p\u00fablico y notorio que ha utilizado los enormes recursos que ha tenido su fiscal\u00eda para fines que nada tienen que ver con el esclarecimiento de la masacre\u00bb.<\/p>\n<p>Memoria activa repudi\u00f3 \u00abel uso y abuso que se ha hecho de la causa AMIA en estos 20 a\u00f1os, para dirimir cuestiones pol\u00edticas que nada tienen que ver con la b\u00fasqueda de verdad y justicia\u00bb, y record\u00f3 sobre Nisman que han pedido, \u00aben los \u00faltimos a\u00f1os, en reiteradas oportunidades, su remoci\u00f3n con claros y rotundos argumentos y nada ha sucedido\u00bb.<\/p>\n<p>\u00abEl caso sigue impune, el encubrimiento sin juicio oral y un proceso lleno de obst\u00e1culos\u00bb, afirmaron en el comunicado firmado por la presidenta de Memoria Activa y su Secretaria General, Adriana Reisfeld y Diana Malamud, respectivamente; y recordaron que la causa sigue \u00absin ning\u00fan avance desde hace m\u00e1s de 15 a\u00f1os\u00bb.<\/p>\n<p>La presentaci\u00f3n de Nisman \u00abdel d\u00eda de ayer ante la justicia claramente refiere a una interna dentro de los servicios de inteligencia, a la que aparentemente le ha dedicado los \u00faltimos a\u00f1os\u00bb, destacaron. \u00abSi el dictamen es verdad, es terrible y si es mentira es terrible tambi\u00e9n\u00bb.<\/p>\n<p>\u00abLa causa AMIA necesitaba de un fiscal competente y que representara los intereses de las v\u00edctimas, no de los encubridores\u00bb, sostuvieron, al tiempo que reclamaron la \u00abvoluntad pol\u00edtica para que el juicio oral por el encubrimiento se lleve adelante, para nosotros, hoy, \u00fanica posibilidad de tener una luz de verdad y justicia\u00bb.<\/p>\n","protected":false},"excerpt":{"rendered":"<p>La Asociaci\u00f3n emiti\u00f3 un comunicado en el que sostienen que \u00abes p\u00fablico y notorio que ha utilizado los enormes recursos que ha tenido su fiscal\u00eda para fines que nada tienen que ver con el esclarecimiento de la masacre\u00bb<\/p>\n","protected":false},"author":11,"featured_media":0,"comment_status":"open","ping_status":"open","sticky":false,"template":"","format":"standard","meta":{"_jetpack_newsletter_access":"","_jetpack_dont_email_post_to_subs":false,"_jetpack_newsletter_tier_id":0,"_jetpack_memberships_contains_paywalled_content":false,"_jetpack_memberships_contains_paid_content":false,"footnotes":""},"categories":[51],"tags":[],"class_list":["post-60160","post","type-post","status-publish","format-standard","hentry","category-politica"],"jetpack_shortlink":"https:\/\/wp.me\/p2JWE0-fEk","jetpack-related-posts":[{"id":106064,"url":"http:\/\/www.24baires.com\/?p=106064","url_meta":{"origin":60160,"position":0},"title":"Arroyo Salgado renunci\u00f3 a ser querrelante en la causa Nisman","author":"AF","date":"21\/12\/2018","format":false,"excerpt":"Lo hizo a trav\u00e9s de un escrito en el que dijo que a\u00fan recibe amenazas y que prefiere \"priorizar la paz y espiritualidad del grupo familiar\". La ex esposa de Alberto Nisman, la jueza Sandra Arroyo Salgado, renunci\u00f3 a la querella en la causa por la muerte del fiscal. Lo\u2026","rel":"","context":"En \u00abJUDICIALES\u00bb","block_context":{"text":"JUDICIALES","link":"http:\/\/www.24baires.com\/?cat=68"},"img":{"alt_text":"","src":"https:\/\/i0.wp.com\/www.24baires.com\/wp-content\/uploads\/2015\/02\/arroyo_salgado_senado-nisman.jpg?resize=350%2C200","width":350,"height":200,"srcset":"https:\/\/i0.wp.com\/www.24baires.com\/wp-content\/uploads\/2015\/02\/arroyo_salgado_senado-nisman.jpg?resize=350%2C200 1x, https:\/\/i0.wp.com\/www.24baires.com\/wp-content\/uploads\/2015\/02\/arroyo_salgado_senado-nisman.jpg?resize=525%2C300 1.5x"},"classes":[]},{"id":61101,"url":"http:\/\/www.24baires.com\/?p=61101","url_meta":{"origin":60160,"position":1},"title":"Lijo y la fiscal\u00eda desmintieron la versi\u00f3n de Clar\u00edn","author":"GB","date":"01\/02\/2015","format":false,"excerpt":"El Juzgado Nacional a cargo del juez federal Ariel Lijo ratific\u00f3 esta tarde que recibi\u00f3 la denuncia del fiscal Alberto Nisman sin tachaduras, desmintiendo el art\u00edculo publicado hoy por el diario Clar\u00edn donde se se\u00f1alaba que el funcionario judicial habr\u00eda enmendado parte del texto y en el que se especulaba\u2026","rel":"","context":"En \u00abPol\u00edtica\u00bb","block_context":{"text":"Pol\u00edtica","link":"http:\/\/www.24baires.com\/?cat=51"},"img":{"alt_text":"ariel lijo","src":"https:\/\/i0.wp.com\/www.24baires.com\/wp-content\/uploads\/2015\/01\/ariel-lijo.jpg?resize=350%2C200","width":350,"height":200,"srcset":"https:\/\/i0.wp.com\/www.24baires.com\/wp-content\/uploads\/2015\/01\/ariel-lijo.jpg?resize=350%2C200 1x, https:\/\/i0.wp.com\/www.24baires.com\/wp-content\/uploads\/2015\/01\/ariel-lijo.jpg?resize=525%2C300 1.5x"},"classes":[]},{"id":102494,"url":"http:\/\/www.24baires.com\/?p=102494","url_meta":{"origin":60160,"position":2},"title":"La C\u00e1mara \u00abreflot\u00f3\u00bb la causa Nisman y asegura que se trat\u00f3 de un crimen","author":"AF","date":"01\/06\/2018","format":false,"excerpt":"Confirm\u00f3 que el ex juez Alberto Nisman fue asesinado. Agregaron que el motivo fue su denuncia contra Cristina Kirchner. Adem\u00e1s dejaron firme el procesamiento de Diego Lagomarsino. La C\u00e1mara Federal hizo su aparici\u00f3n en medio de la debacle econ\u00f3mica que enfrenta el gobierno de Mauricio Macri. Entre masivas manifestaciones en\u2026","rel":"","context":"En \u00abJUDICIALES\u00bb","block_context":{"text":"JUDICIALES","link":"http:\/\/www.24baires.com\/?cat=68"},"img":{"alt_text":"","src":"https:\/\/i0.wp.com\/www.24baires.com\/wp-content\/uploads\/2015\/07\/nisman.jpg?resize=350%2C200","width":350,"height":200,"srcset":"https:\/\/i0.wp.com\/www.24baires.com\/wp-content\/uploads\/2015\/07\/nisman.jpg?resize=350%2C200 1x, https:\/\/i0.wp.com\/www.24baires.com\/wp-content\/uploads\/2015\/07\/nisman.jpg?resize=525%2C300 1.5x"},"classes":[]},{"id":106442,"url":"http:\/\/www.24baires.com\/?p=106442","url_meta":{"origin":60160,"position":3},"title":"Lagomarsino, sobre Nisman: \u00abSigo pensando que se suicid\u00f3\u00bb","author":"AF","date":"18\/01\/2019","format":false,"excerpt":"\"Alberto me traicion\u00f3, me meti\u00f3 en una situaci\u00f3n para nada agradable. Pero a pesar de eso lo perdon\u00e9. Si tuvo que matarse con mi arma, lo perdono, le perdono que me haya metido en este problema\", resalt\u00f3 adem\u00e1s Diego Lagomarsino. Al cumplirse cuatro a\u00f1os de la muerte del fiscal Alberto\u2026","rel":"","context":"En \u00abSociedad\u00bb","block_context":{"text":"Sociedad","link":"http:\/\/www.24baires.com\/?cat=1"},"img":{"alt_text":"","src":"https:\/\/i0.wp.com\/www.24baires.com\/wp-content\/uploads\/2015\/01\/lagomarsino-11.jpg?resize=350%2C200","width":350,"height":200,"srcset":"https:\/\/i0.wp.com\/www.24baires.com\/wp-content\/uploads\/2015\/01\/lagomarsino-11.jpg?resize=350%2C200 1x, https:\/\/i0.wp.com\/www.24baires.com\/wp-content\/uploads\/2015\/01\/lagomarsino-11.jpg?resize=525%2C300 1.5x"},"classes":[]},{"id":62950,"url":"http:\/\/www.24baires.com\/?p=62950","url_meta":{"origin":60160,"position":4},"title":"Arroyo Salgado dijo que \u00aba Nisman lo habr\u00edan matado por dinero\u00bb","author":"Grupo Sierra","date":"10\/03\/2015","format":false,"excerpt":"La exde Nisman se present\u00f3 el lunes a declarar de forma sorpresiva para ampliar su testimonio como querellante en la causa. Revel\u00f3 su hip\u00f3tesis que la hace pensar que fue un \"asesinato\". Tendr\u00eda que ver con un tema econ\u00f3mico. El lunes a la tarde, la jueza de San Isidro, Sandra\u2026","rel":"","context":"En \u00abJUDICIALES\u00bb","block_context":{"text":"JUDICIALES","link":"http:\/\/www.24baires.com\/?cat=68"},"img":{"alt_text":"arroyo_salgado_senado nisman","src":"https:\/\/i0.wp.com\/www.24baires.com\/wp-content\/uploads\/2015\/02\/arroyo_salgado_senado-nisman.jpg?resize=350%2C200","width":350,"height":200,"srcset":"https:\/\/i0.wp.com\/www.24baires.com\/wp-content\/uploads\/2015\/02\/arroyo_salgado_senado-nisman.jpg?resize=350%2C200 1x, https:\/\/i0.wp.com\/www.24baires.com\/wp-content\/uploads\/2015\/02\/arroyo_salgado_senado-nisman.jpg?resize=525%2C300 1.5x"},"classes":[]},{"id":106628,"url":"http:\/\/www.24baires.com\/?p=106628","url_meta":{"origin":60160,"position":5},"title":"La AMIA busca retirarse de la querella contra Cristina por el Memor\u00e1ndum con Ir\u00e1n","author":"AF","date":"31\/01\/2019","format":false,"excerpt":"Fue un pedido a la DAIA en la causa que se origin\u00f3 con la denuncia del fiscal Alberto Nisman y busca \u201cempezar a tomar distancia de una causa que est\u00e1 en el centro de la famosa grieta\u201d. La Asociaci\u00f3n Mutual Israelita Argentina (AMIA) le reclam\u00f3 a la Delegaci\u00f3n de Asociaciones\u2026","rel":"","context":"En \u00abJUDICIALES\u00bb","block_context":{"text":"JUDICIALES","link":"http:\/\/www.24baires.com\/?cat=68"},"img":{"alt_text":"","src":"https:\/\/i0.wp.com\/www.24baires.com\/wp-content\/uploads\/2015\/04\/amia.jpg?resize=350%2C200","width":350,"height":200,"srcset":"https:\/\/i0.wp.com\/www.24baires.com\/wp-content\/uploads\/2015\/04\/amia.jpg?resize=350%2C200 1x, https:\/\/i0.wp.com\/www.24baires.com\/wp-content\/uploads\/2015\/04\/amia.jpg?resize=525%2C300 1.5x"},"classes":[]}],"jetpack_sharing_enabled":true,"jetpack_likes_enabled":true,"jetpack_featured_media_url":"","_links":{"self":[{"href":"http:\/\/www.24baires.com\/index.php?rest_route=\/wp\/v2\/posts\/60160","targetHints":{"allow":["GET"]}}],"collection":[{"href":"http:\/\/www.24baires.com\/index.php?rest_route=\/wp\/v2\/posts"}],"about":[{"href":"http:\/\/www.24baires.com\/index.php?rest_route=\/wp\/v2\/types\/post"}],"author":[{"embeddable":true,"href":"http:\/\/www.24baires.com\/index.php?rest_route=\/wp\/v2\/users\/11"}],"replies":[{"embeddable":true,"href":"http:\/\/www.24baires.com\/index.php?rest_route=%2Fwp%2Fv2%2Fcomments&post=60160"}],"version-history":[{"count":1,"href":"http:\/\/www.24baires.com\/index.php?rest_route=\/wp\/v2\/posts\/60160\/revisions"}],"predecessor-version":[{"id":60161,"href":"http:\/\/www.24baires.com\/index.php?rest_route=\/wp\/v2\/posts\/60160\/revisions\/60161"}],"wp:attachment":[{"href":"http:\/\/www.24baires.com\/index.php?rest_route=%2Fwp%2Fv2%2Fmedia&parent=60160"}],"wp:term":[{"taxonomy":"category","embeddable":true,"href":"http:\/\/www.24baires.com\/index.php?rest_route=%2Fwp%2Fv2%2Fcategories&post=60160"},{"taxonomy":"post_tag","embeddable":true,"href":"http:\/\/www.24baires.com\/index.php?rest_route=%2Fwp%2Fv2%2Ftags&post=60160"}],"curies":[{"name":"wp","href":"https:\/\/api.w.org\/{rel}","templated":true}]}}