{"id":60159,"date":"2015-01-15T19:43:42","date_gmt":"2015-01-15T22:43:42","guid":{"rendered":"http:\/\/www.24baires.com\/?p=60159"},"modified":"2015-01-16T10:35:31","modified_gmt":"2015-01-16T13:35:31","slug":"timerman-dejo-entrever-una-interna-de-inteligencia-en-la-denuncia-contra-la-presidenta","status":"publish","type":"post","link":"http:\/\/www.24baires.com\/?p=60159","title":{"rendered":"Timerman dej\u00f3 entrever una interna de inteligencia en la denuncia contra la Presidenta"},"content":{"rendered":"<p><object width=\"560\" height=\"420\"><param name=\"movie\" value=\"http:\/\/www.youtube.com\/v\/yPyWxqpzx-I?version=3&amp;hl=es_ES\" \/><param name=\"allowFullScreen\" value=\"true\" \/><param name=\"allowscriptaccess\" value=\"always\" \/><\/object><\/p>\n<p>El canciller H\u00e9ctor Timerman afirm\u00f3 hoy que el fiscal de la Causa Amia, Alberto Nisman, \u201cen vez de investigar a los sospechosos, se dedic\u00f3 clandestinamente a investigar a la Presidenta de la Rep\u00fablica Argentina\u201d, al referirse a la denuncia que aquel formul\u00f3 contra la mandataria y otros funcionarios de Gobierno por presunto encubrimiento del atentado a la AMIA.<!--more--><\/p>\n<p>Adem\u00e1s reclam\u00f3 que Nisman debe \u201caclarar si la denuncia contra la Presidenta tiene relaci\u00f3n con la reciente decisi\u00f3n de separar a Jaime Stiusso\u201d como director de operaciones de la Secretar\u00eda de Inteligencia, al tiempo que consider\u00f3 que \u201cque los servicios de inteligencia conduzcan al Poder Judicial remite a las noches m\u00e1s negras de la historia de las dictaduras en nuestro pa\u00eds y en resto del mundo\u201d.<\/p>\n<p>Ante los periodistas de la Casa de Gobierno, Timerman ley\u00f3 un comunicado en el que pidi\u00f3 que \u201cquienes dudan de nuestro compromiso contra el terrorismo que sean honestos en sus dichos y dejen de lado sus temporales intereses electorales\u201d, al tiempo que enfatiz\u00f3 que el propio Nisman fue quien \u201cse negaba a concurrir a Interpol para ayudar al juez a solicitar el arrestos de los sospechosos\u201d iran\u00edes.<\/p>\n<p>Explic\u00f3 que An\u00edbal Fern\u00e1ndez, actual secretario general de la Presidencia, recordaba que \u201ccuando se desempe\u00f1aba como Ministro del Interior de N\u00e9stor Kirchner debi\u00f3 convencer al fiscal Nisman que acompa\u00f1e a la delegaci\u00f3n argentina a la sede central de Interpol en Lyon (Francia) para solicitar que se emitan \u00f3rdenes de arrestro contra sospechosos iran\u00edes\u201d.<\/p>\n<p>\u201cNisman se rehusaba a viajar a pesar de que era su investigaci\u00f3n la que se presentaba como prueba para pedir los arrestos. \u00bfPor qu\u00e9 se negaba y por qu\u00e9 s\u00f3lo acept\u00f3 viajar luego de pedirle al agente del Servicio de Inteligencia, Jaime Stiuso, que lo acompa\u00f1e a hablar con An\u00edbal Fern\u00e1ndez?\u201d, agreg\u00f3.<\/p>\n<p>El Canciller, en la lectura de su declaraci\u00f3n en la Sala de Conferencias de Casa de gobierno, enfatiz\u00f3 que \u201csi hoy existen las alertas rojas solicitando el arresto de los sospechosos iran\u00edes, se debe a la decisi\u00f3n y acci\u00f3n pol\u00edtica de N\u00e9stor Kirchner. Ni de (Carlos) Menem, ni de (Fernando) De la R\u00faa, ni de (Eduardo) Duhalde. Y mucho menos del fiscal Alberto Nisman\u201d.<\/p>\n<p>\u201cQue Nisman d\u00e9 a conocer los nombres de los testigos que le aportaron las pruebas. Que permita a todos los argentinos, y en especial a los familiares de las v\u00edctimas, evaluar su trabajo. Precisamente, el nuevo C\u00f3digo Procesal Penal de la Naci\u00f3n aprobado por el Congreso, permite a las v\u00edctimas y sus representantes la actuaci\u00f3n amplia en la investigaci\u00f3n y en el control del rol de la fiscal\u00eda\u201d, agreg\u00f3.<\/p>\n<p>Seg\u00fan el canciller, la denuncia contra la presidenta Cristina Fern\u00e1ndez de Kirchner \u201cmuestra el gado de confusi\u00f3n y par\u00e1lisis en el que se encuentra la causa AMIA\u201d y el fiscal \u201cacusa, vilmente, a la pol\u00edtica m\u00e1s activa en buscar el juicio y castigo a los perpetradores del brutal atentado terrorista\u201d.<\/p>\n<p>El ministro enfatiz\u00f3 sobre el compromiso de N\u00e9stor Kirchner y de la actual mandataria sobre la causa, incluso desde su pasado como legisladora nacional, cuando Cristina integr\u00f3 la Comisi\u00f3n Bicameral para el seguimiento de los Atentados de la Embajada de Israel y AMIA, y agreg\u00f3: \u201cCuando comenz\u00f3 a notar irregularidades en la investigaci\u00f3n, redobl\u00f3 sus esfuerzos para evitar el desv\u00edo de la misma\u201d.<\/p>\n<p>\u201cEn los dos \u00faltimos informes de la Comisi\u00f3n de Seguimiento, especialmente en el \u00faltimo, debi\u00f3 firmar en soledad su opini\u00f3n sobre el nefasto rol del entonces juez Juan Jos\u00e9 Galeano y de los servicios de inteligencia del Estado a cargo de la Causa AMIA. Hoy el ex juez Galeano est\u00e1 acusado por encubrimiento junto a sus fiscales. Desgraciadamente Cristina Kirchner ten\u00eda raz\u00f3n\u201d, agreg\u00f3.<\/p>\n<p>Luego hizo lectura de las palabras de la Presidenta durante su participaci\u00f3n en foros internacionales como la asamblea de Naciones Unidas, donde en reiteradas ocasiones el pa\u00eds reclam\u00f3 a Ir\u00e1n que \u201cse someta a la jurisdicci\u00f3n\u201d y permita a los acusados comparecer a someterse a la justicia.<\/p>\n<p>Timernan se\u00f1al\u00f3 adem\u00e1s que el Memor\u00e1ndum de Entendimiento que se firm\u00f3 y luego fue apobado por el Congreso Nacional \u201cno est\u00e1 en vigencia, porque fue paralizado por una C\u00e1mara de Apelaciones a pedido de, entre otros, el fiscal Alberto Nisman. Llama la atenci\u00f3n que quien investig\u00f3 al atentado solicite que se impida que el juez argentino utilice sus propias pruebas para llegar a poder indagar a los sospechosos sin lo cual la causa no puede avanzar\u201d.<\/p>\n<p>\u201c\u00bfNo es la obligaci\u00f3n de Nisman que el Juez pueda indagar a los sospechosos que surgen del trabajo realizado por \u00e9l mismo? \u00bfC\u00f3mo explica que sea el motor y el ide\u00f3logo de haber trabado la posibilidad, por primera vez en 20 a\u00f1os, que el Juez indague a los sospechosos? De la misma manera que se negaba a concurrir a Interpol para ayudar al juez a solicitar el arresto de los sospechosos\u201d.<\/p>\n<p>Por \u00faltimo, exhibi\u00f3 comunicaciones oficiales entre el Ministerio de Relaciones Exteriores con Interpol, informando sobre el Memorandum de Entendimiento firmado, y la respuesta del organismo internacional ratificando que su aprobaci\u00f3n \u201cno implica ning\u00fan cambio en el estatus de las notificaciones rojas publicadas\u201d y que se trata de un acuerdo que marca \u201cun desarrollo positivo en el esclarecimiento de la causa\u201d.<\/p>\n","protected":false},"excerpt":{"rendered":"<p>El canciller H\u00e9ctor Timerman afirm\u00f3 hoy que el fiscal de la Causa Amia, Alberto Nisman, \u201cen vez de investigar a los sospechosos, se dedic\u00f3 clandestinamente a investigar a la Presidenta de la Rep\u00fablica Argentina\u201d, al referirse a la denuncia que aquel formul\u00f3 contra la mandataria y otros funcionarios de Gobierno por presunto encubrimiento del atentado a la AMIA.<\/p>\n","protected":false},"author":11,"featured_media":0,"comment_status":"open","ping_status":"open","sticky":false,"template":"","format":"standard","meta":{"_jetpack_newsletter_access":"","_jetpack_dont_email_post_to_subs":false,"_jetpack_newsletter_tier_id":0,"_jetpack_memberships_contains_paywalled_content":false,"_jetpack_memberships_contains_paid_content":false,"footnotes":""},"categories":[51],"tags":[],"class_list":["post-60159","post","type-post","status-publish","format-standard","hentry","category-politica"],"jetpack_shortlink":"https:\/\/wp.me\/p2JWE0-fEj","jetpack-related-posts":[{"id":106628,"url":"http:\/\/www.24baires.com\/?p=106628","url_meta":{"origin":60159,"position":0},"title":"La AMIA busca retirarse de la querella contra Cristina por el Memor\u00e1ndum con Ir\u00e1n","author":"AF","date":"31\/01\/2019","format":false,"excerpt":"Fue un pedido a la DAIA en la causa que se origin\u00f3 con la denuncia del fiscal Alberto Nisman y busca \u201cempezar a tomar distancia de una causa que est\u00e1 en el centro de la famosa grieta\u201d. La Asociaci\u00f3n Mutual Israelita Argentina (AMIA) le reclam\u00f3 a la Delegaci\u00f3n de Asociaciones\u2026","rel":"","context":"En \u00abJUDICIALES\u00bb","block_context":{"text":"JUDICIALES","link":"http:\/\/www.24baires.com\/?cat=68"},"img":{"alt_text":"","src":"https:\/\/i0.wp.com\/www.24baires.com\/wp-content\/uploads\/2015\/04\/amia.jpg?resize=350%2C200","width":350,"height":200,"srcset":"https:\/\/i0.wp.com\/www.24baires.com\/wp-content\/uploads\/2015\/04\/amia.jpg?resize=350%2C200 1x, https:\/\/i0.wp.com\/www.24baires.com\/wp-content\/uploads\/2015\/04\/amia.jpg?resize=525%2C300 1.5x"},"classes":[]},{"id":117875,"url":"http:\/\/www.24baires.com\/?p=117875","url_meta":{"origin":60159,"position":1},"title":"Cristina consider\u00f3 \u00abdisparate judicial, institucional y pol\u00edtico\u00bb a la causa del memor\u00e1ndum","author":"AF","date":"16\/07\/2021","format":false,"excerpt":"La vicepresidenta expuso durante la audiencia p\u00fablica, que fue escuchada por m\u00e1s de 20 mil personas a trav\u00e9s de YouTube. \"Se hicieron maniobras persecutorias para perjudicarnos a m\u00ed y mi familia\", asegur\u00f3. El Tribunal Oral Federal 8 debe resolver si declara o no la nulidad del proceso. La vicepresidenta Cristina\u2026","rel":"","context":"En \u00abJUDICIALES\u00bb","block_context":{"text":"JUDICIALES","link":"http:\/\/www.24baires.com\/?cat=68"},"img":{"alt_text":"","src":"https:\/\/i0.wp.com\/www.24baires.com\/wp-content\/uploads\/2021\/07\/cfk.jpg?resize=350%2C200","width":350,"height":200,"srcset":"https:\/\/i0.wp.com\/www.24baires.com\/wp-content\/uploads\/2021\/07\/cfk.jpg?resize=350%2C200 1x, https:\/\/i0.wp.com\/www.24baires.com\/wp-content\/uploads\/2021\/07\/cfk.jpg?resize=525%2C300 1.5x"},"classes":[]},{"id":91203,"url":"http:\/\/www.24baires.com\/?p=91203","url_meta":{"origin":60159,"position":2},"title":"El juez Lijo investigar\u00e1 la denuncia de Nisman contra Cristina","author":"AF","date":"30\/12\/2016","format":false,"excerpt":"Se trata de la causa contra la ex presidenta Cristina Kirchner, el ex canciller H\u00e9ctor Timerman, y otros ex funcionarios por presunto encubrimiento de los imputados iran\u00edes por el atentado a la Amia. La causa contra la ex presidenta Cristina Fern\u00e1ndez de Kirchner, el ex canciller H\u00e9ctor Timerman, y otros\u2026","rel":"","context":"En \u00abJUDICIALES\u00bb","block_context":{"text":"JUDICIALES","link":"http:\/\/www.24baires.com\/?cat=68"},"img":{"alt_text":"","src":"https:\/\/i0.wp.com\/www.24baires.com\/wp-content\/uploads\/2016\/08\/Cristina...jpg?resize=350%2C200","width":350,"height":200,"srcset":"https:\/\/i0.wp.com\/www.24baires.com\/wp-content\/uploads\/2016\/08\/Cristina...jpg?resize=350%2C200 1x, https:\/\/i0.wp.com\/www.24baires.com\/wp-content\/uploads\/2016\/08\/Cristina...jpg?resize=525%2C300 1.5x"},"classes":[]},{"id":97265,"url":"http:\/\/www.24baires.com\/?p=97265","url_meta":{"origin":60159,"position":3},"title":"Piden citar a indagatoria a Cristina por supuesto encubrimiento del atentado a la AMIA","author":"AF","date":"07\/09\/2017","format":false,"excerpt":"El pedido del fiscal Gerardo Pollicita es para la ex presidenta y para el ex canciller H\u00e9ctor Timerman, entre otros, en base a una denuncia del fallecido Alberto Nisman. El fiscal federal Gerardo Pollicita solicit\u00f3 la declaraci\u00f3n indagatoria de Crisitna Kirchner y H\u00e9ctor Timerman, entre otros imputados en la causa\u2026","rel":"","context":"En \u00abJUDICIALES\u00bb","block_context":{"text":"JUDICIALES","link":"http:\/\/www.24baires.com\/?cat=68"},"img":{"alt_text":"","src":"https:\/\/i0.wp.com\/www.24baires.com\/wp-content\/uploads\/2017\/07\/cristina.jpg?resize=350%2C200","width":350,"height":200,"srcset":"https:\/\/i0.wp.com\/www.24baires.com\/wp-content\/uploads\/2017\/07\/cristina.jpg?resize=350%2C200 1x, https:\/\/i0.wp.com\/www.24baires.com\/wp-content\/uploads\/2017\/07\/cristina.jpg?resize=525%2C300 1.5x"},"classes":[]},{"id":102494,"url":"http:\/\/www.24baires.com\/?p=102494","url_meta":{"origin":60159,"position":4},"title":"La C\u00e1mara \u00abreflot\u00f3\u00bb la causa Nisman y asegura que se trat\u00f3 de un crimen","author":"AF","date":"01\/06\/2018","format":false,"excerpt":"Confirm\u00f3 que el ex juez Alberto Nisman fue asesinado. Agregaron que el motivo fue su denuncia contra Cristina Kirchner. Adem\u00e1s dejaron firme el procesamiento de Diego Lagomarsino. La C\u00e1mara Federal hizo su aparici\u00f3n en medio de la debacle econ\u00f3mica que enfrenta el gobierno de Mauricio Macri. Entre masivas manifestaciones en\u2026","rel":"","context":"En \u00abJUDICIALES\u00bb","block_context":{"text":"JUDICIALES","link":"http:\/\/www.24baires.com\/?cat=68"},"img":{"alt_text":"","src":"https:\/\/i0.wp.com\/www.24baires.com\/wp-content\/uploads\/2015\/07\/nisman.jpg?resize=350%2C200","width":350,"height":200,"srcset":"https:\/\/i0.wp.com\/www.24baires.com\/wp-content\/uploads\/2015\/07\/nisman.jpg?resize=350%2C200 1x, https:\/\/i0.wp.com\/www.24baires.com\/wp-content\/uploads\/2015\/07\/nisman.jpg?resize=525%2C300 1.5x"},"classes":[]},{"id":85412,"url":"http:\/\/www.24baires.com\/?p=85412","url_meta":{"origin":60159,"position":5},"title":"La DAIA pedir\u00e1 la reapertura de la denuncia de Nisman contra Cristina","author":"AF","date":"25\/07\/2016","format":false,"excerpt":"El titular Ariel Cohen Sabban confirm\u00f3 que esa instituci\u00f3n pedir\u00e1 a la Justicia que se \u201cdesarchive y se reabra\u201d la investigaci\u00f3n sobre la denuncia que present\u00f3 antes de morir el fiscal contra la ex presidenta y H\u00e9ctor Timerman, a quienes acus\u00f3 de encubrir a Ir\u00e1n en el atentado a la\u2026","rel":"","context":"En \u00abJUDICIALES\u00bb","block_context":{"text":"JUDICIALES","link":"http:\/\/www.24baires.com\/?cat=68"},"img":{"alt_text":"nisman","src":"https:\/\/i0.wp.com\/www.24baires.com\/wp-content\/uploads\/2015\/07\/nisman.jpg?resize=350%2C200","width":350,"height":200,"srcset":"https:\/\/i0.wp.com\/www.24baires.com\/wp-content\/uploads\/2015\/07\/nisman.jpg?resize=350%2C200 1x, https:\/\/i0.wp.com\/www.24baires.com\/wp-content\/uploads\/2015\/07\/nisman.jpg?resize=525%2C300 1.5x"},"classes":[]}],"jetpack_sharing_enabled":true,"jetpack_likes_enabled":true,"jetpack_featured_media_url":"","_links":{"self":[{"href":"http:\/\/www.24baires.com\/index.php?rest_route=\/wp\/v2\/posts\/60159","targetHints":{"allow":["GET"]}}],"collection":[{"href":"http:\/\/www.24baires.com\/index.php?rest_route=\/wp\/v2\/posts"}],"about":[{"href":"http:\/\/www.24baires.com\/index.php?rest_route=\/wp\/v2\/types\/post"}],"author":[{"embeddable":true,"href":"http:\/\/www.24baires.com\/index.php?rest_route=\/wp\/v2\/users\/11"}],"replies":[{"embeddable":true,"href":"http:\/\/www.24baires.com\/index.php?rest_route=%2Fwp%2Fv2%2Fcomments&post=60159"}],"version-history":[{"count":2,"href":"http:\/\/www.24baires.com\/index.php?rest_route=\/wp\/v2\/posts\/60159\/revisions"}],"predecessor-version":[{"id":60163,"href":"http:\/\/www.24baires.com\/index.php?rest_route=\/wp\/v2\/posts\/60159\/revisions\/60163"}],"wp:attachment":[{"href":"http:\/\/www.24baires.com\/index.php?rest_route=%2Fwp%2Fv2%2Fmedia&parent=60159"}],"wp:term":[{"taxonomy":"category","embeddable":true,"href":"http:\/\/www.24baires.com\/index.php?rest_route=%2Fwp%2Fv2%2Fcategories&post=60159"},{"taxonomy":"post_tag","embeddable":true,"href":"http:\/\/www.24baires.com\/index.php?rest_route=%2Fwp%2Fv2%2Ftags&post=60159"}],"curies":[{"name":"wp","href":"https:\/\/api.w.org\/{rel}","templated":true}]}}