{"id":60146,"date":"2015-01-15T15:06:48","date_gmt":"2015-01-15T18:06:48","guid":{"rendered":"http:\/\/www.24baires.com\/?p=60146"},"modified":"2015-01-15T19:56:45","modified_gmt":"2015-01-15T22:56:45","slug":"caso-nisman-clarin-tambien-borra-notas","status":"publish","type":"post","link":"http:\/\/www.24baires.com\/?p=60146","title":{"rendered":"Caso Nisman: Clar\u00edn tambi\u00e9n borra notas"},"content":{"rendered":"<p><img data-recalc-dims=\"1\" loading=\"lazy\" decoding=\"async\" class=\"aligncenter size-full wp-image-60147\" src=\"https:\/\/i0.wp.com\/www.24baires.com\/wp-content\/uploads\/2015\/01\/clarin-miente.jpg?resize=560%2C132\" alt=\"clarin miente\" width=\"560\" height=\"132\" srcset=\"https:\/\/i0.wp.com\/www.24baires.com\/wp-content\/uploads\/2015\/01\/clarin-miente.jpg?w=560 560w, https:\/\/i0.wp.com\/www.24baires.com\/wp-content\/uploads\/2015\/01\/clarin-miente.jpg?resize=300%2C71 300w\" sizes=\"auto, (max-width: 560px) 100vw, 560px\" \/>En su versi\u00f3n digital, el multimedio hab\u00eda asegurado que el juez de la causa AMIA hab\u00eda autorizado las escuchas telef\u00f3nicas, pero tras la desmentida del magistrado, elimin\u00f3 la informaci\u00f3n de su portal.<!--more--><\/p>\n<p>El diario Clar\u00edn elimin\u00f3 de su portal una nota en la que sosten\u00eda que el juez de la causa AMIA, Rodolfo Canicoba Corral, hab\u00eda autorizado las escuchas telef\u00f3nicas que el fiscal Nisman uriliz\u00f3 para su denuncia contra la Presidenta. El propio juez se encarg\u00f3 esta ma\u00f1ana de desmentir esa informaci\u00f3n y el matutino decidi\u00f3 eliminar la informaci\u00f3n en lugar de rectificarla.<\/p>\n<p><img data-recalc-dims=\"1\" loading=\"lazy\" decoding=\"async\" class=\"aligncenter size-full wp-image-60149\" src=\"https:\/\/i0.wp.com\/www.24baires.com\/wp-content\/uploads\/2015\/01\/clarin-error.jpg?resize=560%2C224\" alt=\"clarin error\" width=\"560\" height=\"224\" srcset=\"https:\/\/i0.wp.com\/www.24baires.com\/wp-content\/uploads\/2015\/01\/clarin-error.jpg?w=560 560w, https:\/\/i0.wp.com\/www.24baires.com\/wp-content\/uploads\/2015\/01\/clarin-error.jpg?resize=300%2C120 300w\" sizes=\"auto, (max-width: 560px) 100vw, 560px\" \/><\/p>\n<p>Hoy, cerca del mediod\u00eda, Canicoba Corral sostuvo que \u00e9l no hab\u00eda autorizado las escuchas que public\u00f3 Nisman: \u00abYo no autoric\u00e9 la escucha a ning\u00fan funcionario p\u00fablico. No ten\u00eda ni conocimiento que se estaba investigando esto\u00bb.<\/p>\n<p>En tanto, desde la cuenta oficial de Twitter de la Casa Rosada, @CasaRosadaAR, dieron cuenta de que la nota que sosten\u00eda que el juez de la causa hab\u00eda autorizado al fiscal Nisman a realizar las escuchadas fue borrada sin dar motivos tras la desmentida del magistrado.<\/p>\n<p>&nbsp;<\/p>\n<p>&nbsp;<\/p>\n<p>&nbsp;<\/p>\n<p>&nbsp;<\/p>\n<p>&nbsp;<\/p>\n<p>&nbsp;<\/p>\n<p>&nbsp;<\/p>\n<p>&nbsp;<\/p>\n<p>&nbsp;<\/p>\n<p>&nbsp;<\/p>\n<p>&nbsp;<\/p>\n","protected":false},"excerpt":{"rendered":"<p>En su versi\u00f3n digital, el multimedio hab\u00eda asegurado que el juez de la causa AMIA hab\u00eda autorizado las escuchas telef\u00f3nicas, pero tras la desmentida del magistrado, elimin\u00f3 la informaci\u00f3n de su portal.<\/p>\n","protected":false},"author":8,"featured_media":0,"comment_status":"open","ping_status":"open","sticky":false,"template":"","format":"standard","meta":{"_jetpack_newsletter_access":"","_jetpack_dont_email_post_to_subs":false,"_jetpack_newsletter_tier_id":0,"_jetpack_memberships_contains_paywalled_content":false,"_jetpack_memberships_contains_paid_content":false,"footnotes":""},"categories":[54,51],"tags":[],"class_list":["post-60146","post","type-post","status-publish","format-standard","hentry","category-medios","category-politica"],"jetpack_shortlink":"https:\/\/wp.me\/p2JWE0-fE6","jetpack-related-posts":[{"id":60174,"url":"http:\/\/www.24baires.com\/?p=60174","url_meta":{"origin":60146,"position":0},"title":"Capitanich: \u00abCanicoba Corral fue m\u00e1s contundente que cualquiera\u00bb","author":"AF","date":"16\/01\/2015","format":false,"excerpt":"El jefe de Gabinete afirm\u00f3 hoy que el magistrado a cargo de la causa AMIA, Rodolfo Canicoba Corral, \"ha sido m\u00e1s contundente que cualquiera\" al cuestionar el pedido de indagatoria realizado por el fiscal Alberto Nisman a la presidenta Cristina Fern\u00e1ndez de Kirchner por el Memor\u00e1ndum de Entendimiento con Ir\u00e1n\u2026","rel":"","context":"En \u00abJUDICIALES\u00bb","block_context":{"text":"JUDICIALES","link":"http:\/\/www.24baires.com\/?cat=68"},"img":{"alt_text":"capitanich","src":"https:\/\/i0.wp.com\/www.24baires.com\/wp-content\/uploads\/2014\/04\/capitanich.jpg?resize=350%2C200","width":350,"height":200,"srcset":"https:\/\/i0.wp.com\/www.24baires.com\/wp-content\/uploads\/2014\/04\/capitanich.jpg?resize=350%2C200 1x, https:\/\/i0.wp.com\/www.24baires.com\/wp-content\/uploads\/2014\/04\/capitanich.jpg?resize=525%2C300 1.5x"},"classes":[]},{"id":60126,"url":"http:\/\/www.24baires.com\/?p=60126","url_meta":{"origin":60146,"position":1},"title":"Canicoba Corral asegur\u00f3 no haber ordenado escuchas y critic\u00f3 fuertemente a Nisman","author":"AF","date":"15\/01\/2015","format":false,"excerpt":"El juez de la causa por el atentado a la AMIA, Rodolfo Canicoba Corral, critic\u00f3 la actuaci\u00f3n del fiscal Alberto Nisman por su relaci\u00f3n con los servicios de inteligencia en la conducci\u00f3n de la investigaci\u00f3n, ya que habr\u00eda tomado \"parcialmente\" escuchas para convertirlas en \"prueba acabada\". \"La direcci\u00f3n de la\u2026","rel":"","context":"En \u00abJUDICIALES\u00bb","block_context":{"text":"JUDICIALES","link":"http:\/\/www.24baires.com\/?cat=68"},"img":{"alt_text":"","src":"https:\/\/i0.wp.com\/www.24baires.com\/wp-content\/uploads\/2015\/01\/canicoba.jpg?resize=350%2C200","width":350,"height":200,"srcset":"https:\/\/i0.wp.com\/www.24baires.com\/wp-content\/uploads\/2015\/01\/canicoba.jpg?resize=350%2C200 1x, https:\/\/i0.wp.com\/www.24baires.com\/wp-content\/uploads\/2015\/01\/canicoba.jpg?resize=525%2C300 1.5x"},"classes":[]},{"id":60418,"url":"http:\/\/www.24baires.com\/?p=60418","url_meta":{"origin":60146,"position":2},"title":"Lijo pidi\u00f3 conocer la identidad de agentes de inteligencia","author":"GB","date":"20\/01\/2015","format":false,"excerpt":"El juez federal Ariel Lijo pidi\u00f3 hoy a la Secretar\u00eda de Inteligencia (SI) la identidad de dos presuntos esp\u00edas mencionados por el fallecido fiscal Alberto Nisman en su denuncia sobre un supuesto encubrimiento oficial del atentado a la AMIA. En un exhorto librado al titular de la SI, Oscar Parrilli,\u2026","rel":"","context":"En \u00abPol\u00edtica\u00bb","block_context":{"text":"Pol\u00edtica","link":"http:\/\/www.24baires.com\/?cat=51"},"img":{"alt_text":"lijo","src":"https:\/\/i0.wp.com\/www.24baires.com\/wp-content\/uploads\/2014\/06\/lijo.jpg?resize=350%2C200","width":350,"height":200,"srcset":"https:\/\/i0.wp.com\/www.24baires.com\/wp-content\/uploads\/2014\/06\/lijo.jpg?resize=350%2C200 1x, https:\/\/i0.wp.com\/www.24baires.com\/wp-content\/uploads\/2014\/06\/lijo.jpg?resize=525%2C300 1.5x"},"classes":[]},{"id":117875,"url":"http:\/\/www.24baires.com\/?p=117875","url_meta":{"origin":60146,"position":3},"title":"Cristina consider\u00f3 \u00abdisparate judicial, institucional y pol\u00edtico\u00bb a la causa del memor\u00e1ndum","author":"AF","date":"16\/07\/2021","format":false,"excerpt":"La vicepresidenta expuso durante la audiencia p\u00fablica, que fue escuchada por m\u00e1s de 20 mil personas a trav\u00e9s de YouTube. \"Se hicieron maniobras persecutorias para perjudicarnos a m\u00ed y mi familia\", asegur\u00f3. El Tribunal Oral Federal 8 debe resolver si declara o no la nulidad del proceso. La vicepresidenta Cristina\u2026","rel":"","context":"En \u00abJUDICIALES\u00bb","block_context":{"text":"JUDICIALES","link":"http:\/\/www.24baires.com\/?cat=68"},"img":{"alt_text":"","src":"https:\/\/i0.wp.com\/www.24baires.com\/wp-content\/uploads\/2021\/07\/cfk.jpg?resize=350%2C200","width":350,"height":200,"srcset":"https:\/\/i0.wp.com\/www.24baires.com\/wp-content\/uploads\/2021\/07\/cfk.jpg?resize=350%2C200 1x, https:\/\/i0.wp.com\/www.24baires.com\/wp-content\/uploads\/2021\/07\/cfk.jpg?resize=525%2C300 1.5x"},"classes":[]},{"id":60234,"url":"http:\/\/www.24baires.com\/?p=60234","url_meta":{"origin":60146,"position":4},"title":"\u00abQue Nisman nos explique qu\u00e9 hizo con los fabulosos recursos que tiene\u00bb","author":"AF","date":"17\/01\/2015","format":false,"excerpt":"El diputado kirchnerista ratific\u00f3 la participaci\u00f3n del oficialismo en la reuni\u00f3n convocada por la oposici\u00f3n para escuchar al fiscal Alberto Nisman -que se celebrar\u00e1 el lunes y en la que no se emitir\u00e1 dictamen- y sostuvo que el bloque del Frente para la Victoria le pedir\u00e1 que explique \"qu\u00e9 hizo\u2026","rel":"","context":"En \u00abJUDICIALES\u00bb","block_context":{"text":"JUDICIALES","link":"http:\/\/www.24baires.com\/?cat=68"},"img":{"alt_text":"hector recalde","src":"https:\/\/i0.wp.com\/www.24baires.com\/wp-content\/uploads\/2014\/11\/hector-recalde.jpg?resize=350%2C200","width":350,"height":200,"srcset":"https:\/\/i0.wp.com\/www.24baires.com\/wp-content\/uploads\/2014\/11\/hector-recalde.jpg?resize=350%2C200 1x, https:\/\/i0.wp.com\/www.24baires.com\/wp-content\/uploads\/2014\/11\/hector-recalde.jpg?resize=525%2C300 1.5x"},"classes":[]},{"id":102494,"url":"http:\/\/www.24baires.com\/?p=102494","url_meta":{"origin":60146,"position":5},"title":"La C\u00e1mara \u00abreflot\u00f3\u00bb la causa Nisman y asegura que se trat\u00f3 de un crimen","author":"AF","date":"01\/06\/2018","format":false,"excerpt":"Confirm\u00f3 que el ex juez Alberto Nisman fue asesinado. Agregaron que el motivo fue su denuncia contra Cristina Kirchner. Adem\u00e1s dejaron firme el procesamiento de Diego Lagomarsino. La C\u00e1mara Federal hizo su aparici\u00f3n en medio de la debacle econ\u00f3mica que enfrenta el gobierno de Mauricio Macri. Entre masivas manifestaciones en\u2026","rel":"","context":"En \u00abJUDICIALES\u00bb","block_context":{"text":"JUDICIALES","link":"http:\/\/www.24baires.com\/?cat=68"},"img":{"alt_text":"","src":"https:\/\/i0.wp.com\/www.24baires.com\/wp-content\/uploads\/2015\/07\/nisman.jpg?resize=350%2C200","width":350,"height":200,"srcset":"https:\/\/i0.wp.com\/www.24baires.com\/wp-content\/uploads\/2015\/07\/nisman.jpg?resize=350%2C200 1x, https:\/\/i0.wp.com\/www.24baires.com\/wp-content\/uploads\/2015\/07\/nisman.jpg?resize=525%2C300 1.5x"},"classes":[]}],"jetpack_sharing_enabled":true,"jetpack_likes_enabled":true,"jetpack_featured_media_url":"","_links":{"self":[{"href":"http:\/\/www.24baires.com\/index.php?rest_route=\/wp\/v2\/posts\/60146","targetHints":{"allow":["GET"]}}],"collection":[{"href":"http:\/\/www.24baires.com\/index.php?rest_route=\/wp\/v2\/posts"}],"about":[{"href":"http:\/\/www.24baires.com\/index.php?rest_route=\/wp\/v2\/types\/post"}],"author":[{"embeddable":true,"href":"http:\/\/www.24baires.com\/index.php?rest_route=\/wp\/v2\/users\/8"}],"replies":[{"embeddable":true,"href":"http:\/\/www.24baires.com\/index.php?rest_route=%2Fwp%2Fv2%2Fcomments&post=60146"}],"version-history":[{"count":2,"href":"http:\/\/www.24baires.com\/index.php?rest_route=\/wp\/v2\/posts\/60146\/revisions"}],"predecessor-version":[{"id":60150,"href":"http:\/\/www.24baires.com\/index.php?rest_route=\/wp\/v2\/posts\/60146\/revisions\/60150"}],"wp:attachment":[{"href":"http:\/\/www.24baires.com\/index.php?rest_route=%2Fwp%2Fv2%2Fmedia&parent=60146"}],"wp:term":[{"taxonomy":"category","embeddable":true,"href":"http:\/\/www.24baires.com\/index.php?rest_route=%2Fwp%2Fv2%2Fcategories&post=60146"},{"taxonomy":"post_tag","embeddable":true,"href":"http:\/\/www.24baires.com\/index.php?rest_route=%2Fwp%2Fv2%2Ftags&post=60146"}],"curies":[{"name":"wp","href":"https:\/\/api.w.org\/{rel}","templated":true}]}}