{"id":60144,"date":"2015-01-15T15:08:22","date_gmt":"2015-01-15T18:08:22","guid":{"rendered":"http:\/\/www.24baires.com\/?p=60144"},"modified":"2015-01-16T10:35:18","modified_gmt":"2015-01-16T13:35:18","slug":"servini-de-cubria-rechazo-habilitar-la-feria-por-la-denuncia-de-nisman","status":"publish","type":"post","link":"http:\/\/www.24baires.com\/?p=60144","title":{"rendered":"Servini de Cubr\u00eda rechaz\u00f3 habilitar la feria por la denuncia de Nisman"},"content":{"rendered":"<p><img data-recalc-dims=\"1\" loading=\"lazy\" decoding=\"async\" class=\"aligncenter size-full wp-image-25680\" src=\"https:\/\/i0.wp.com\/www.24baires.com\/wp-content\/uploads\/2013\/06\/0000servini.jpg?resize=560%2C240\" alt=\"0000servini\" width=\"560\" height=\"240\" srcset=\"https:\/\/i0.wp.com\/www.24baires.com\/wp-content\/uploads\/2013\/06\/0000servini.jpg?w=560 560w, https:\/\/i0.wp.com\/www.24baires.com\/wp-content\/uploads\/2013\/06\/0000servini.jpg?resize=300%2C128 300w\" sizes=\"auto, (max-width: 560px) 100vw, 560px\" \/>La jueza federal Mar\u00eda Servini de Cubr\u00eda rechaz\u00f3 hoy habilitar la feria judicial de enero para dar curso a la denuncia presentada ayer por el fiscal federal Alberto Nisman, en relaci\u00f3n a un presunto encubrimiento del atentado a la AMIA por parte de la presidenta Cristina Fern\u00e1ndez de Kirchner y otros involucrados.<!--more--><\/p>\n<p>La magistrada tom\u00f3 esta decisi\u00f3n en reemplazo del juez federal Ariel Lijo, en cuyo juzgado recay\u00f3 el caso y que se encuentra de licencia por la feria judicial de enero, informaron fuentes judiciales.<\/p>\n<p>En su resoluci\u00f3n, la magistrada entendi\u00f3 que la denuncia \u00abno encuadra en ninguno de los supuestos\u00bb que permiten habilitar la feria judicial y que en la presentaci\u00f3n del fiscal Nisman no se acompa\u00f1aron \u00ablos elementos probatorios\u00bb que sustenten sus pedidos de habilitar el receso para dictar prohibiciones de salida del pa\u00eds, entre otras medidas.<\/p>\n<p>La jueza entendi\u00f3 que es el juez a cargo del juzgado federal 4, Ariel Lijo, quien debe analizar si corresponde vincular esta denuncia con una causa anterior a su cargo por irregularidades en la pesquisa, por entender que algunos de los hechos son \u00abnuevos\u00bb.<\/p>\n<p>La magistrada sostuvo que a\u00fan cuando la denuncia pueda tener \u00abgravedad institucional\u00bb en este caso \u00abno se han acompa\u00f1ado los elementos probatorios que sustenten sus solicitudes\u00bb.<\/p>\n<p>&nbsp;<\/p>\n<p>&nbsp;<\/p>\n<p>&nbsp;<\/p>\n<p>&nbsp;<\/p>\n<p>&nbsp;<\/p>\n<p>&nbsp;<\/p>\n<p>&nbsp;<\/p>\n<p>&nbsp;<\/p>\n<p>&nbsp;<\/p>\n<p>&nbsp;<\/p>\n<p>&nbsp;<\/p>\n","protected":false},"excerpt":{"rendered":"<p>La jueza federal Mar\u00eda Servini de Cubr\u00eda rechaz\u00f3 hoy habilitar la feria judicial de enero para dar curso a la denuncia presentada ayer por el fiscal federal Alberto Nisman, en relaci\u00f3n a un presunto encubrimiento del atentado a la AMIA por parte de la presidenta Cristina Fern\u00e1ndez de Kirchner y otros involucrados.<\/p>\n","protected":false},"author":8,"featured_media":0,"comment_status":"open","ping_status":"open","sticky":false,"template":"","format":"standard","meta":{"_jetpack_newsletter_access":"","_jetpack_dont_email_post_to_subs":false,"_jetpack_newsletter_tier_id":0,"_jetpack_memberships_contains_paywalled_content":false,"_jetpack_memberships_contains_paid_content":false,"footnotes":""},"categories":[51],"tags":[],"class_list":["post-60144","post","type-post","status-publish","format-standard","hentry","category-politica"],"jetpack_shortlink":"https:\/\/wp.me\/p2JWE0-fE4","jetpack-related-posts":[{"id":60330,"url":"http:\/\/www.24baires.com\/?p=60330","url_meta":{"origin":60144,"position":0},"title":"Tras la muerte de Nisman, habilitan la feria judicial para tratar la denuncia del fiscal","author":"GB","date":"19\/01\/2015","format":false,"excerpt":"El juez Federal Ariel Lijo tom\u00f3 la decisi\u00f3n de habilitar la feria para tomar la denuncia del fiscal Nisman. Por su parte, la Procuraci\u00f3n General de la Naci\u00f3n, a cargo de Alejandra Gils Carb\u00f3, nombr\u00f3 al fiscal Alberto Adri\u00e1n Gentili como subrogante al frente de la unidad especial del caso\u2026","rel":"","context":"En \u00abPol\u00edtica\u00bb","block_context":{"text":"Pol\u00edtica","link":"http:\/\/www.24baires.com\/?cat=51"},"img":{"alt_text":"","src":"https:\/\/i0.wp.com\/www.24baires.com\/wp-content\/uploads\/2015\/01\/ariel-lijo.jpg?resize=350%2C200","width":350,"height":200,"srcset":"https:\/\/i0.wp.com\/www.24baires.com\/wp-content\/uploads\/2015\/01\/ariel-lijo.jpg?resize=350%2C200 1x, https:\/\/i0.wp.com\/www.24baires.com\/wp-content\/uploads\/2015\/01\/ariel-lijo.jpg?resize=525%2C300 1.5x"},"classes":[]},{"id":102494,"url":"http:\/\/www.24baires.com\/?p=102494","url_meta":{"origin":60144,"position":1},"title":"La C\u00e1mara \u00abreflot\u00f3\u00bb la causa Nisman y asegura que se trat\u00f3 de un crimen","author":"AF","date":"01\/06\/2018","format":false,"excerpt":"Confirm\u00f3 que el ex juez Alberto Nisman fue asesinado. Agregaron que el motivo fue su denuncia contra Cristina Kirchner. Adem\u00e1s dejaron firme el procesamiento de Diego Lagomarsino. La C\u00e1mara Federal hizo su aparici\u00f3n en medio de la debacle econ\u00f3mica que enfrenta el gobierno de Mauricio Macri. Entre masivas manifestaciones en\u2026","rel":"","context":"En \u00abJUDICIALES\u00bb","block_context":{"text":"JUDICIALES","link":"http:\/\/www.24baires.com\/?cat=68"},"img":{"alt_text":"","src":"https:\/\/i0.wp.com\/www.24baires.com\/wp-content\/uploads\/2015\/07\/nisman.jpg?resize=350%2C200","width":350,"height":200,"srcset":"https:\/\/i0.wp.com\/www.24baires.com\/wp-content\/uploads\/2015\/07\/nisman.jpg?resize=350%2C200 1x, https:\/\/i0.wp.com\/www.24baires.com\/wp-content\/uploads\/2015\/07\/nisman.jpg?resize=525%2C300 1.5x"},"classes":[]},{"id":60418,"url":"http:\/\/www.24baires.com\/?p=60418","url_meta":{"origin":60144,"position":2},"title":"Lijo pidi\u00f3 conocer la identidad de agentes de inteligencia","author":"GB","date":"20\/01\/2015","format":false,"excerpt":"El juez federal Ariel Lijo pidi\u00f3 hoy a la Secretar\u00eda de Inteligencia (SI) la identidad de dos presuntos esp\u00edas mencionados por el fallecido fiscal Alberto Nisman en su denuncia sobre un supuesto encubrimiento oficial del atentado a la AMIA. En un exhorto librado al titular de la SI, Oscar Parrilli,\u2026","rel":"","context":"En \u00abPol\u00edtica\u00bb","block_context":{"text":"Pol\u00edtica","link":"http:\/\/www.24baires.com\/?cat=51"},"img":{"alt_text":"lijo","src":"https:\/\/i0.wp.com\/www.24baires.com\/wp-content\/uploads\/2014\/06\/lijo.jpg?resize=350%2C200","width":350,"height":200,"srcset":"https:\/\/i0.wp.com\/www.24baires.com\/wp-content\/uploads\/2014\/06\/lijo.jpg?resize=350%2C200 1x, https:\/\/i0.wp.com\/www.24baires.com\/wp-content\/uploads\/2014\/06\/lijo.jpg?resize=525%2C300 1.5x"},"classes":[]},{"id":117875,"url":"http:\/\/www.24baires.com\/?p=117875","url_meta":{"origin":60144,"position":3},"title":"Cristina consider\u00f3 \u00abdisparate judicial, institucional y pol\u00edtico\u00bb a la causa del memor\u00e1ndum","author":"AF","date":"16\/07\/2021","format":false,"excerpt":"La vicepresidenta expuso durante la audiencia p\u00fablica, que fue escuchada por m\u00e1s de 20 mil personas a trav\u00e9s de YouTube. \"Se hicieron maniobras persecutorias para perjudicarnos a m\u00ed y mi familia\", asegur\u00f3. El Tribunal Oral Federal 8 debe resolver si declara o no la nulidad del proceso. La vicepresidenta Cristina\u2026","rel":"","context":"En \u00abJUDICIALES\u00bb","block_context":{"text":"JUDICIALES","link":"http:\/\/www.24baires.com\/?cat=68"},"img":{"alt_text":"","src":"https:\/\/i0.wp.com\/www.24baires.com\/wp-content\/uploads\/2021\/07\/cfk.jpg?resize=350%2C200","width":350,"height":200,"srcset":"https:\/\/i0.wp.com\/www.24baires.com\/wp-content\/uploads\/2021\/07\/cfk.jpg?resize=350%2C200 1x, https:\/\/i0.wp.com\/www.24baires.com\/wp-content\/uploads\/2021\/07\/cfk.jpg?resize=525%2C300 1.5x"},"classes":[]},{"id":60202,"url":"http:\/\/www.24baires.com\/?p=60202","url_meta":{"origin":60144,"position":4},"title":"An\u00edbal Fern\u00e1ndez desafi\u00f3 a Nisman: \u00abEl lunes deber\u00e1 mostrarle a los argentinos las pruebas contra la Presidenta\u00bb","author":"Grupo Sierra","date":"16\/01\/2015","format":false,"excerpt":"El secretario General de la Presidencia, An\u00edbal Fern\u00e1ndez, se refiri\u00f3 al encuentro convocado por la comisi\u00f3n de Legislaci\u00f3n Penal, a la que asistir\u00e1 el fiscal, y en la que el oficialismo confirm\u00f3 su presencia. \"Estamos en presencia de una chantada\", cerr\u00f3. El secretario General de la Presidencia, An\u00edbal Fern\u00e1ndez, afirm\u00f3\u2026","rel":"","context":"En \u00abJUDICIALES\u00bb","block_context":{"text":"JUDICIALES","link":"http:\/\/www.24baires.com\/?cat=68"},"img":{"alt_text":"fern\u00e1ndez an\u00edbal2","src":"https:\/\/i0.wp.com\/www.24baires.com\/wp-content\/uploads\/2012\/11\/fern%C3%A1ndez-an%C3%ADbal2.jpg?resize=350%2C200","width":350,"height":200,"srcset":"https:\/\/i0.wp.com\/www.24baires.com\/wp-content\/uploads\/2012\/11\/fern%C3%A1ndez-an%C3%ADbal2.jpg?resize=350%2C200 1x, https:\/\/i0.wp.com\/www.24baires.com\/wp-content\/uploads\/2012\/11\/fern%C3%A1ndez-an%C3%ADbal2.jpg?resize=525%2C300 1.5x"},"classes":[]},{"id":101170,"url":"http:\/\/www.24baires.com\/?p=101170","url_meta":{"origin":60144,"position":5},"title":"El juicio a Cristina Fern\u00e1ndez ya tiene nuevo tribunal","author":"AF","date":"20\/03\/2018","format":false,"excerpt":"Este martes fue sorteado el Tribunal Oral Federal 8, otro de los nuevos que funcionaba fuera de la \u00f3rbita de Comodoro Py, aunque \u00e9ste si est\u00e1 habilitado. El Tribunal Oral Federal 8 result\u00f3 sorteado para juzgar a la ex presidente y actual senadora nacional Cristina Kirchner y los dem\u00e1s procesados\u2026","rel":"","context":"En \u00abJUDICIALES\u00bb","block_context":{"text":"JUDICIALES","link":"http:\/\/www.24baires.com\/?cat=68"},"img":{"alt_text":"","src":"https:\/\/i0.wp.com\/www.24baires.com\/wp-content\/uploads\/2018\/03\/cristina-py.jpg?resize=350%2C200","width":350,"height":200,"srcset":"https:\/\/i0.wp.com\/www.24baires.com\/wp-content\/uploads\/2018\/03\/cristina-py.jpg?resize=350%2C200 1x, https:\/\/i0.wp.com\/www.24baires.com\/wp-content\/uploads\/2018\/03\/cristina-py.jpg?resize=525%2C300 1.5x"},"classes":[]}],"jetpack_sharing_enabled":true,"jetpack_likes_enabled":true,"jetpack_featured_media_url":"","_links":{"self":[{"href":"http:\/\/www.24baires.com\/index.php?rest_route=\/wp\/v2\/posts\/60144","targetHints":{"allow":["GET"]}}],"collection":[{"href":"http:\/\/www.24baires.com\/index.php?rest_route=\/wp\/v2\/posts"}],"about":[{"href":"http:\/\/www.24baires.com\/index.php?rest_route=\/wp\/v2\/types\/post"}],"author":[{"embeddable":true,"href":"http:\/\/www.24baires.com\/index.php?rest_route=\/wp\/v2\/users\/8"}],"replies":[{"embeddable":true,"href":"http:\/\/www.24baires.com\/index.php?rest_route=%2Fwp%2Fv2%2Fcomments&post=60144"}],"version-history":[{"count":1,"href":"http:\/\/www.24baires.com\/index.php?rest_route=\/wp\/v2\/posts\/60144\/revisions"}],"predecessor-version":[{"id":60145,"href":"http:\/\/www.24baires.com\/index.php?rest_route=\/wp\/v2\/posts\/60144\/revisions\/60145"}],"wp:attachment":[{"href":"http:\/\/www.24baires.com\/index.php?rest_route=%2Fwp%2Fv2%2Fmedia&parent=60144"}],"wp:term":[{"taxonomy":"category","embeddable":true,"href":"http:\/\/www.24baires.com\/index.php?rest_route=%2Fwp%2Fv2%2Fcategories&post=60144"},{"taxonomy":"post_tag","embeddable":true,"href":"http:\/\/www.24baires.com\/index.php?rest_route=%2Fwp%2Fv2%2Ftags&post=60144"}],"curies":[{"name":"wp","href":"https:\/\/api.w.org\/{rel}","templated":true}]}}