{"id":60129,"date":"2015-01-15T13:30:05","date_gmt":"2015-01-15T16:30:05","guid":{"rendered":"http:\/\/www.24baires.com\/?p=60129"},"modified":"2015-01-15T13:10:56","modified_gmt":"2015-01-15T16:10:56","slug":"scioli-paso-por-tierras-massistas-y-pidio-unidad-contra-la-inseguridad","status":"publish","type":"post","link":"http:\/\/www.24baires.com\/?p=60129","title":{"rendered":"Scioli pas\u00f3 por tierra massista y pidi\u00f3 unidad contra la inseguridad"},"content":{"rendered":"<p><img data-recalc-dims=\"1\" loading=\"lazy\" decoding=\"async\" class=\"aligncenter size-full wp-image-60130\" src=\"https:\/\/i0.wp.com\/www.24baires.com\/wp-content\/uploads\/2015\/01\/scioli-cpc.jpg?resize=560%2C357\" alt=\"scioli cpc\" width=\"560\" height=\"357\" srcset=\"https:\/\/i0.wp.com\/www.24baires.com\/wp-content\/uploads\/2015\/01\/scioli-cpc.jpg?w=560 560w, https:\/\/i0.wp.com\/www.24baires.com\/wp-content\/uploads\/2015\/01\/scioli-cpc.jpg?resize=300%2C191 300w\" sizes=\"auto, (max-width: 560px) 100vw, 560px\" \/><strong>OLAVARR\u00cdA<\/strong>El gobernador de la provincia de Buenos Aires y precandidato presidencial por el Frente para la Victoria, Daniel Scioli, convoc\u00f3 este jueves a la \u00abuni\u00f3n m\u00e1s all\u00e1 de las bander\u00edas pol\u00edticas\u00bb en la \u00ablucha contra la inseguridad\u00bb y la \u00abdefensa de la vida\u00bb, durante un acto junto a un intendente del Frente Renovador.<!--more--><\/p>\n<p>Al presentar a los aspirantes a polic\u00edas de la Escuela Descentralizada de Olavarr\u00eda, Scioli destac\u00f3 la \u00abcoincidencia\u00bb de los funcionarios presentes en el acto en la \u00ablucha contra la inseguridad y la defensa de la vida\u00bb.<\/p>\n<p>Junto al intendente local, el massista Jos\u00e9 Eseverri, el mandatario pidi\u00f3 \u00abuni\u00f3n m\u00e1s all\u00e1 de las bander\u00edas pol\u00edticas\u00bb y destac\u00f3 la \u00abdemostraci\u00f3n de madurez y convivencia democr\u00e1tica\u00bb del acto, adem\u00e1s del \u00abinter\u00e9s com\u00fan de tener un municipio m\u00e1s seguro\u00bb.<\/p>\n<p>\u00abEsto no es casualidad ni un golpe de suerte, sino fruto de la planificaci\u00f3n, inversi\u00f3n, decisi\u00f3n y gesti\u00f3n\u00bb, plante\u00f3.<\/p>\n<p>El mandatario abog\u00f3 tambi\u00e9n por una reforma en el \u00ab\u00e1mbito\u00bb del Poder Judicial para que, subray\u00f3, \u00abel trabajo no sea en vano, sino que haya una Justicia \u00e1gil, eficiente y rigurosa\u00bb.<\/p>\n<p>\u00abEstamos muy atentos y abocados a que todo lo que hemos planificado para que la gente est\u00e9 tranquila tenga resultados contundentes\u00bb, dijo sobre la campa\u00f1a de cara a las elecciones, y puntualiz\u00f3 que la prevenci\u00f3n es un \u00abtema central\u00bb.<\/p>\n<p>&nbsp;<\/p>\n<p>&nbsp;<\/p>\n<p>&nbsp;<\/p>\n<p>&nbsp;<\/p>\n<p>&nbsp;<\/p>\n<p>&nbsp;<\/p>\n<p>&nbsp;<\/p>\n<p>&nbsp;<\/p>\n<p>&nbsp;<\/p>\n<p>&nbsp;<\/p>\n","protected":false},"excerpt":{"rendered":"<p>OLAVARR\u00cdAEl gobernador de la provincia de Buenos Aires y precandidato presidencial por el Frente para la Victoria, Daniel Scioli, convoc\u00f3 este jueves a la \u00abuni\u00f3n m\u00e1s all\u00e1 de las bander\u00edas pol\u00edticas\u00bb en la \u00ablucha contra la inseguridad\u00bb y la \u00abdefensa de la vida\u00bb, durante un acto junto a un intendente del Frente Renovador.<\/p>\n","protected":false},"author":8,"featured_media":0,"comment_status":"open","ping_status":"open","sticky":false,"template":"","format":"standard","meta":{"_jetpack_newsletter_access":"","_jetpack_dont_email_post_to_subs":false,"_jetpack_newsletter_tier_id":0,"_jetpack_memberships_contains_paywalled_content":false,"_jetpack_memberships_contains_paid_content":false,"footnotes":""},"categories":[51],"tags":[],"class_list":["post-60129","post","type-post","status-publish","format-standard","hentry","category-politica"],"jetpack_shortlink":"https:\/\/wp.me\/p2JWE0-fDP","jetpack-related-posts":[{"id":102620,"url":"http:\/\/www.24baires.com\/?p=102620","url_meta":{"origin":60129,"position":0},"title":"Agust\u00edn Rossi critic\u00f3 el acuerdo con el FMI y dijo que fue \u00abun error de Macri\u00bb","author":"AF","date":"08\/06\/2018","format":false,"excerpt":"El diputado explic\u00f3 antes de ingresar Congreso Peron\u00edsta en Ferro : \"nos va a generar much\u00edsimo dolor al conjunto de los argentinos, ning\u00fan pa\u00eds del mundo celebra un acuerdo con el FMI\". El diputado Agust\u00edn Rossi critic\u00f3 el acuerdo con el FMI y dijo que fue \"un error\" de Macri:\u2026","rel":"","context":"En \u00abPol\u00edtica\u00bb","block_context":{"text":"Pol\u00edtica","link":"http:\/\/www.24baires.com\/?cat=51"},"img":{"alt_text":"","src":"https:\/\/i0.wp.com\/www.24baires.com\/wp-content\/uploads\/2015\/02\/rossi1.jpg?resize=350%2C200","width":350,"height":200,"srcset":"https:\/\/i0.wp.com\/www.24baires.com\/wp-content\/uploads\/2015\/02\/rossi1.jpg?resize=350%2C200 1x, https:\/\/i0.wp.com\/www.24baires.com\/wp-content\/uploads\/2015\/02\/rossi1.jpg?resize=525%2C300 1.5x"},"classes":[]},{"id":116144,"url":"http:\/\/www.24baires.com\/?p=116144","url_meta":{"origin":60129,"position":1},"title":"Intendentes apoyaron la implementaci\u00f3n de un plan de seguridad para la Provincia","author":"AF","date":"04\/09\/2020","format":false,"excerpt":"Fernando Espinoza, Gustavo Posse, Alberto Descalzo y Gustavo Men\u00e9ndez, entre otros jefes comunales, tomaron parte del lanzamiento del Programa de Fortalecimiento de la Seguridad y apoyaron la iniciativa que se desarrollar\u00e1 en el Conurbano con una inversi\u00f3n de 10.000 millones de pesos. Intendentes del \u00c1rea Metropolitana de Buenos Aires celebraron\u2026","rel":"","context":"En \u00abProvincia\u00bb","block_context":{"text":"Provincia","link":"http:\/\/www.24baires.com\/?cat=40"},"img":{"alt_text":"","src":"https:\/\/i0.wp.com\/www.24baires.com\/wp-content\/uploads\/2020\/08\/gines-espinoza.jpeg?resize=350%2C200","width":350,"height":200,"srcset":"https:\/\/i0.wp.com\/www.24baires.com\/wp-content\/uploads\/2020\/08\/gines-espinoza.jpeg?resize=350%2C200 1x, https:\/\/i0.wp.com\/www.24baires.com\/wp-content\/uploads\/2020\/08\/gines-espinoza.jpeg?resize=525%2C300 1.5x"},"classes":[]},{"id":52578,"url":"http:\/\/www.24baires.com\/?p=52578","url_meta":{"origin":60129,"position":2},"title":"Posse le pidi\u00f3 a Scioli m\u00e1s polic\u00edas en San Isidro","author":"GB","date":"27\/08\/2014","format":false,"excerpt":"El intendente massista de San Isidro, Gustavo Posse se refiri\u00f3 a la inseguridad en su distrito y sostuvo que \"el 80 por ciento de las intervenciones son del patrullaje municipal. La polic\u00eda usa los informes del patrullaje municipal, tenemos m\u00e1s c\u00e1maras\". \"Nosotros con los presidentes de los foros de seguridad\u2026","rel":"","context":"En \u00abLocales\u00bb","block_context":{"text":"Locales","link":"http:\/\/www.24baires.com\/?cat=38"},"img":{"alt_text":"gustavo-posse","src":"https:\/\/i0.wp.com\/www.24baires.com\/wp-content\/uploads\/2014\/01\/gustavo-posse.jpg?resize=350%2C200","width":350,"height":200,"srcset":"https:\/\/i0.wp.com\/www.24baires.com\/wp-content\/uploads\/2014\/01\/gustavo-posse.jpg?resize=350%2C200 1x, https:\/\/i0.wp.com\/www.24baires.com\/wp-content\/uploads\/2014\/01\/gustavo-posse.jpg?resize=525%2C300 1.5x"},"classes":[]},{"id":27731,"url":"http:\/\/www.24baires.com\/?p=27731","url_meta":{"origin":60129,"position":3},"title":"El Intendente &#8216;massista&#8217; de San Mart\u00edn fustig\u00f3 duramente a Scioli","author":"Grupo Sierra","date":"06\/07\/2013","format":false,"excerpt":"SAN MART\u00cdN.- El aliado a Sergio Massa en el Frente Renovador e intendente de San Mart\u00edn, Gabriel Katopodis, cuestion\u00f3 hoy al gobierno de la provincia de Buenos Aires y reclam\u00f3 \"respuestas concretas en la lucha contra la inseguridad\". A diferencia de otros referentes del massismo en la Provincia, Katopodis lanz\u00f3\u2026","rel":"","context":"En \u00abPol\u00edtica\u00bb","block_context":{"text":"Pol\u00edtica","link":"http:\/\/www.24baires.com\/?cat=51"},"img":{"alt_text":"","src":"","width":0,"height":0},"classes":[]},{"id":50033,"url":"http:\/\/www.24baires.com\/?p=50033","url_meta":{"origin":60129,"position":4},"title":"Scioli no quiere que \u00abse demoren\u00bb con la Polic\u00eda Local","author":"Grupo Sierra","date":"16\/07\/2014","format":false,"excerpt":"Durante un acto en el que se destruyeron armas, el gobernador pidi\u00f3 que los intendentes aceleren el proceso y suscriban los convenios\" para tener sus fuerzas municipales. El gobernador de Buenos Aires, Daniel Scioli, destac\u00f3 este mi\u00e9rcoles que \"la pelea contra la inseguridad no puede ser pol\u00edtica\", en relaci\u00f3n a\u2026","rel":"","context":"En \u00abProvincia\u00bb","block_context":{"text":"Provincia","link":"http:\/\/www.24baires.com\/?cat=40"},"img":{"alt_text":"scioli - granados","src":"https:\/\/i0.wp.com\/www.24baires.com\/wp-content\/uploads\/2014\/06\/scioli-granados.jpg?resize=350%2C200","width":350,"height":200,"srcset":"https:\/\/i0.wp.com\/www.24baires.com\/wp-content\/uploads\/2014\/06\/scioli-granados.jpg?resize=350%2C200 1x, https:\/\/i0.wp.com\/www.24baires.com\/wp-content\/uploads\/2014\/06\/scioli-granados.jpg?resize=525%2C300 1.5x"},"classes":[]},{"id":120226,"url":"http:\/\/www.24baires.com\/?p=120226","url_meta":{"origin":60129,"position":5},"title":"Cristina recibi\u00f3 a Scioli: \u201cA seguir trabajando, que es lo que hay que hacer\u201d","author":"AF","date":"28\/06\/2023","format":false,"excerpt":"\"Hablamos mucho, con sinceridad y con el respeto de siempre. Me transmiti\u00f3 que su vocaci\u00f3n es ayudar y colaborar como un compa\u00f1ero m\u00e1s\", asegur\u00f3 a trav\u00e9s de las redes sociales la Vicepresidenta sobre el encuentro. La Vicepresidenta Cristina Fern\u00e1ndez de Kirchner public\u00f3 en redes sociales una foto con el embajador\u2026","rel":"","context":"En \u00abPol\u00edtica\u00bb","block_context":{"text":"Pol\u00edtica","link":"http:\/\/www.24baires.com\/?cat=51"},"img":{"alt_text":"","src":"https:\/\/i0.wp.com\/www.24baires.com\/wp-content\/uploads\/2023\/06\/WhatsApp-Image-2023-06-28-at-23.30.42.jpeg?resize=350%2C200","width":350,"height":200,"srcset":"https:\/\/i0.wp.com\/www.24baires.com\/wp-content\/uploads\/2023\/06\/WhatsApp-Image-2023-06-28-at-23.30.42.jpeg?resize=350%2C200 1x, https:\/\/i0.wp.com\/www.24baires.com\/wp-content\/uploads\/2023\/06\/WhatsApp-Image-2023-06-28-at-23.30.42.jpeg?resize=525%2C300 1.5x, https:\/\/i0.wp.com\/www.24baires.com\/wp-content\/uploads\/2023\/06\/WhatsApp-Image-2023-06-28-at-23.30.42.jpeg?resize=700%2C400 2x"},"classes":[]}],"jetpack_sharing_enabled":true,"jetpack_likes_enabled":true,"jetpack_featured_media_url":"","_links":{"self":[{"href":"http:\/\/www.24baires.com\/index.php?rest_route=\/wp\/v2\/posts\/60129","targetHints":{"allow":["GET"]}}],"collection":[{"href":"http:\/\/www.24baires.com\/index.php?rest_route=\/wp\/v2\/posts"}],"about":[{"href":"http:\/\/www.24baires.com\/index.php?rest_route=\/wp\/v2\/types\/post"}],"author":[{"embeddable":true,"href":"http:\/\/www.24baires.com\/index.php?rest_route=\/wp\/v2\/users\/8"}],"replies":[{"embeddable":true,"href":"http:\/\/www.24baires.com\/index.php?rest_route=%2Fwp%2Fv2%2Fcomments&post=60129"}],"version-history":[{"count":2,"href":"http:\/\/www.24baires.com\/index.php?rest_route=\/wp\/v2\/posts\/60129\/revisions"}],"predecessor-version":[{"id":60132,"href":"http:\/\/www.24baires.com\/index.php?rest_route=\/wp\/v2\/posts\/60129\/revisions\/60132"}],"wp:attachment":[{"href":"http:\/\/www.24baires.com\/index.php?rest_route=%2Fwp%2Fv2%2Fmedia&parent=60129"}],"wp:term":[{"taxonomy":"category","embeddable":true,"href":"http:\/\/www.24baires.com\/index.php?rest_route=%2Fwp%2Fv2%2Fcategories&post=60129"},{"taxonomy":"post_tag","embeddable":true,"href":"http:\/\/www.24baires.com\/index.php?rest_route=%2Fwp%2Fv2%2Ftags&post=60129"}],"curies":[{"name":"wp","href":"https:\/\/api.w.org\/{rel}","templated":true}]}}