{"id":60109,"date":"2015-01-15T10:00:18","date_gmt":"2015-01-15T13:00:18","guid":{"rendered":"http:\/\/www.24baires.com\/?p=60109"},"modified":"2015-01-16T10:35:06","modified_gmt":"2015-01-16T13:35:06","slug":"capitanich-tildo-de-disparatada-la-decision-de-indagar-a-cristina","status":"publish","type":"post","link":"http:\/\/www.24baires.com\/?p=60109","title":{"rendered":"Capitanich tild\u00f3 de \u00abdisparatada\u00bb la decisi\u00f3n de indagar a Cristina"},"content":{"rendered":"<p><img data-recalc-dims=\"1\" loading=\"lazy\" decoding=\"async\" class=\"aligncenter size-full wp-image-53424\" src=\"https:\/\/i0.wp.com\/www.24baires.com\/wp-content\/uploads\/2014\/09\/capitanich-3.jpg?resize=560%2C320\" alt=\"capitanich 3\" width=\"560\" height=\"320\" srcset=\"https:\/\/i0.wp.com\/www.24baires.com\/wp-content\/uploads\/2014\/09\/capitanich-3.jpg?w=560 560w, https:\/\/i0.wp.com\/www.24baires.com\/wp-content\/uploads\/2014\/09\/capitanich-3.jpg?resize=300%2C171 300w\" sizes=\"auto, (max-width: 560px) 100vw, 560px\" \/>El jefe de Gabinete, Jorge Capitanich, asegur\u00f3 hoy que fue una decisi\u00f3n \u201cdisparatada, absurda, il\u00f3gica, irracional, rid\u00edcula y violatoria\u201d de la Constituci\u00f3n Nacional la decisi\u00f3n del fiscal Alberto Nisman de llamar a declaraci\u00f3n indagatoria a la presidenta Cristina Fern\u00e1ndez de Kirchner, junto a otros funcionarios y legisladores, por la firma del memor\u00e1ndum de entendimiento con Ir\u00e1n para esclarecer la responsabilidad de ciudadanos iran\u00edes en el atentado a la Amia, ocurrido en 1994.<!--more--><br \/>\nPero, adem\u00e1s, el jefe de Ministros se\u00f1al\u00f3 a \u201cgrupos del Poder Judicial, grupos medi\u00e1ticos concentrados, grupos econ\u00f3micos e incluso ex agentes de inteligencia desplazados\u201d como los mentores de esta estrategia \u201csin asidero ni razonabilidad\u201d, tendiente a \u201chostigar\u201d y \u201cdesestabilizar\u201d al gobierno.<\/p>\n<p>\u201cSe trata de una decisi\u00f3n disparatada, absurda, il\u00f3gica, irracional, rid\u00edcula y violatoria de art\u00edculos esenciales de la Constituci\u00f3n Nacional, como son el 75, sobre las atribuciones del Poder Legislativo, y el 99, sobre las atribuciones del Poder Ejecutivo. El memor\u00e1ndum fue una ley sancionada por el Congreso de la Naci\u00f3n, y el juez de la causa, Rodolfo Canicoba Corral, rechaz\u00f3 por improcedente el pedido de declararla inconstitucional\u201d, dijo Capitanich en su habitual conferencia de prensa matutina en Casa de Gobierno.<\/p>\n<p>Agreg\u00f3 que la Presidenta \u201cha sido hist\u00f3ricamente una f\u00e9rrea defensora\u201d del esclarecimiento de la causa AMIA y que, en funci\u00f3n de esa posici\u00f3n, es que ha promovido \u201clos mecanismos necesarios para garantizar que se alcance la verdad\u201d de lo sucedido a trav\u00e9s del memor\u00e1ndum firmado con Ir\u00e1n en enero de 2013.<\/p>\n<p>\u201cLos principios esenciales que han animado la firma de este memor\u00e1ndum fueron el esclarecimiento de lo sucedido y la b\u00fasqueda de la verdad\u201d, dijo el jefe de Ministros, que aclar\u00f3 que el memor\u00e1ndum no imped\u00eda la aplicaci\u00f3n del alerta roja por parte de Interpol, como algunos argumentan.<\/p>\n<p>Capitanich dijo tambi\u00e9n que el juez de la causa, Rodolfo Canicoba Corral, \u201cestuvo de acuerdo en establecer una estrategia para permitir la indagatoria de los imputados iran\u00edes\u201d, y explic\u00f3 que como Ir\u00e1n no permite la extradici\u00f3n, es que se acord\u00f3 en el memor\u00e1ndum que el propio juez viajar\u00eda a Ir\u00e1n para indagar a los imputados, y en ese contexto, tomar las decisiones que correspondan.<\/p>\n<p>Por eso, Capitanich apunt\u00f3 a \u201calgunos miembros del poder judicial\u201d que, junto con \u201cgrupos medi\u00e1ticos concentrados y grupos econ\u00f3micos\u201d, \u201chostigan\u201d al gobierno nacional y \u201cpretenden desestabilizar\u201d.<\/p>\n<p>\u201cAdvertimos claramente una actitud desde algunos miembros del Poder Judicial, una estrategia corporativa no del conjunto sino de algunos miembros, con grupos medi\u00e1ticos concentrados y grupos econ\u00f3micos, con el objeto de hostigar y pretender desestabilizar en una clara actitud golpista\u201d.<\/p>\n<p>Seg\u00fan dijo, se trata de una \u201calianza clara, palmaria y evidente\u201d del Poder Judicial con grupos medi\u00e1ticos concentrados y grupos econ\u00f3micos, con colaboraci\u00f3n de \u201cgrupos de inteligencia desplazados locales e intereses estrat\u00e9gicos internacionales\u201d.<\/p>\n<p>Por eso, consider\u00f3 que no se trata de \u201cuna trama aislada de un actor, como el fiscal Alberto Nisman, sino de una estrategia deliberada de un grupo que pretende establecer temas sin asidero ni razonabilidad\u201d, en un contexto donde \u201cla oposici\u00f3n no cabe la menor duda que ha sido funcional\u201d.<\/p>\n","protected":false},"excerpt":{"rendered":"<p>El jefe de Gabinete, Jorge Capitanich, asegur\u00f3 hoy que fue una decisi\u00f3n \u201cdisparatada, absurda, il\u00f3gica, irracional, rid\u00edcula y violatoria\u201d de la Constituci\u00f3n Nacional la decisi\u00f3n del fiscal Alberto Nisman de llamar a declaraci\u00f3n indagatoria a la presidenta Cristina Fern\u00e1ndez de Kirchner, junto a otros funcionarios y legisladores, por la firma del memor\u00e1ndum de entendimiento con Ir\u00e1n para esclarecer la responsabilidad [&#8230;]<\/p>\n","protected":false},"author":4,"featured_media":0,"comment_status":"open","ping_status":"open","sticky":false,"template":"","format":"standard","meta":{"_jetpack_newsletter_access":"","_jetpack_dont_email_post_to_subs":false,"_jetpack_newsletter_tier_id":0,"_jetpack_memberships_contains_paywalled_content":false,"_jetpack_memberships_contains_paid_content":false,"footnotes":""},"categories":[51],"tags":[],"class_list":["post-60109","post","type-post","status-publish","format-standard","hentry","category-politica"],"jetpack_shortlink":"https:\/\/wp.me\/p2JWE0-fDv","jetpack-related-posts":[{"id":38846,"url":"http:\/\/www.24baires.com\/?p=38846","url_meta":{"origin":60109,"position":0},"title":"Capitanich vincul\u00f3 al d\u00f3lar paralelo con el narcotr\u00e1fico","author":"Grupo Sierra","date":"20\/01\/2014","format":false,"excerpt":"El jefe de Gabinete reiter\u00f3 que para el Gobierno el denominado d\u00f3lar blue es \"ilegal\", a la vez que pidi\u00f3 identificar a quienes est\u00e1n detr\u00e1s de \"ataques especulativos\" en torno a la divisa norteamericana. Asimismo, marc\u00f3 la \"contradicci\u00f3n de diarios de cuneo liberal\" que informan de manera destacada sobre la\u2026","rel":"","context":"En \u00abEconom\u00eda\u00bb","block_context":{"text":"Econom\u00eda","link":"http:\/\/www.24baires.com\/?cat=45"},"img":{"alt_text":"Capitanich","src":"https:\/\/i0.wp.com\/www.24baires.com\/wp-content\/uploads\/2014\/01\/Capitanich-300x167.jpg?resize=350%2C200","width":350,"height":200},"classes":[]},{"id":60827,"url":"http:\/\/www.24baires.com\/?p=60827","url_meta":{"origin":60109,"position":1},"title":"Cristina-AMIA, la reuni\u00f3n esperada","author":"Grupo Sierra","date":"27\/01\/2015","format":false,"excerpt":"La Presidenta se reuni\u00f3 en Olivos con miembros de la Asociaci\u00f3n 18J Familiares, Sobrevivientes y Amigos de las V\u00edctimas del Atentado, encabezados por su referente, Sergio Burstein, quien calific\u00f3 de \"un acto de una valent\u00eda incre\u00edble\" la decisi\u00f3n de la jefa de Estado la de enviar al Congreso un proyecto\u2026","rel":"","context":"En \u00abGeneral\u00bb","block_context":{"text":"General","link":"http:\/\/www.24baires.com\/?cat=67"},"img":{"alt_text":"","src":"https:\/\/i0.wp.com\/www.24baires.com\/wp-content\/uploads\/2015\/01\/cristina-amia.jpg?resize=350%2C200","width":350,"height":200,"srcset":"https:\/\/i0.wp.com\/www.24baires.com\/wp-content\/uploads\/2015\/01\/cristina-amia.jpg?resize=350%2C200 1x, https:\/\/i0.wp.com\/www.24baires.com\/wp-content\/uploads\/2015\/01\/cristina-amia.jpg?resize=525%2C300 1.5x"},"classes":[]},{"id":30531,"url":"http:\/\/www.24baires.com\/?p=30531","url_meta":{"origin":60109,"position":2},"title":"Scioli desmiente reuni\u00f3n con Cristina por 2015","author":"AF","date":"21\/08\/2013","format":false,"excerpt":"El gobernador bonaerense desminti\u00f3 hoy las versiones que le atribuyen haber mantenido un encuentro con la Presidenta para analizar su eventual rol como candidato del oficialismo para las presidenciales de 2015 y los calific\u00f3 de \"un disparate\". El gobernador bonaerense, Daniel Scioli, rechaz\u00f3 las versiones que le endilgan haber mantenido\u2026","rel":"","context":"En \u00abPol\u00edtica\u00bb","block_context":{"text":"Pol\u00edtica","link":"http:\/\/www.24baires.com\/?cat=51"},"img":{"alt_text":"scioli-cristina","src":"https:\/\/i0.wp.com\/www.24baires.com\/wp-content\/uploads\/2012\/11\/scioli-cristina.jpg?resize=350%2C200","width":350,"height":200,"srcset":"https:\/\/i0.wp.com\/www.24baires.com\/wp-content\/uploads\/2012\/11\/scioli-cristina.jpg?resize=350%2C200 1x, https:\/\/i0.wp.com\/www.24baires.com\/wp-content\/uploads\/2012\/11\/scioli-cristina.jpg?resize=525%2C300 1.5x"},"classes":[]},{"id":72240,"url":"http:\/\/www.24baires.com\/?p=72240","url_meta":{"origin":60109,"position":3},"title":"An\u00edbal calific\u00f3 de \u00abdestituyente\u00bb la anulaci\u00f3n de comicios en Tucum\u00e1n","author":"AF","date":"17\/09\/2015","format":false,"excerpt":"El jefe de Gabinete consider\u00f3 \"de una gravedad institucional inusitada\" a la decisi\u00f3n del Tribunal Contencioso Administrativo de Tucum\u00e1n que anoche anul\u00f3 las elecciones realizadas el 23 de agosto y asegur\u00f3 no tener dudas de que la causa \u201ctiene que llegar a la Corte Suprema de Justicia de la Naci\u00f3n\u201d.\u2026","rel":"","context":"En \u00abElecciones 2015\u00bb","block_context":{"text":"Elecciones 2015","link":"http:\/\/www.24baires.com\/?cat=74"},"img":{"alt_text":"fern\u00e1ndez an\u00edbal2","src":"https:\/\/i0.wp.com\/www.24baires.com\/wp-content\/uploads\/2012\/11\/fern%C3%A1ndez-an%C3%ADbal2.jpg?resize=350%2C200","width":350,"height":200,"srcset":"https:\/\/i0.wp.com\/www.24baires.com\/wp-content\/uploads\/2012\/11\/fern%C3%A1ndez-an%C3%ADbal2.jpg?resize=350%2C200 1x, https:\/\/i0.wp.com\/www.24baires.com\/wp-content\/uploads\/2012\/11\/fern%C3%A1ndez-an%C3%ADbal2.jpg?resize=525%2C300 1.5x"},"classes":[]},{"id":39689,"url":"http:\/\/www.24baires.com\/?p=39689","url_meta":{"origin":60109,"position":4},"title":"Capitanich: \u00abse oponen al Gobierno los que fueron afectados por medidas estrat\u00e9gicas\u00bb","author":"GB","date":"02\/02\/2014","format":false,"excerpt":"El jefe de Gabinete Jorge Capitanich asegur\u00f3 que \"los grupos que se oponen tenazmente al gobierno son aquellos que fueron afectados por decisiones estrat\u00e9gicas con un sentido nacional, popular y profundamente patri\u00f3tico\" debido a que \"tanto N\u00e9stor como Cristina no han sido empleados de las corporaciones\". En una entrevista publicada\u2026","rel":"","context":"En \u00abPol\u00edtica\u00bb","block_context":{"text":"Pol\u00edtica","link":"http:\/\/www.24baires.com\/?cat=51"},"img":{"alt_text":"capitanich dolares","src":"https:\/\/i0.wp.com\/www.24baires.com\/wp-content\/uploads\/2014\/01\/capitanich-dolares.jpg?resize=350%2C200","width":350,"height":200,"srcset":"https:\/\/i0.wp.com\/www.24baires.com\/wp-content\/uploads\/2014\/01\/capitanich-dolares.jpg?resize=350%2C200 1x, https:\/\/i0.wp.com\/www.24baires.com\/wp-content\/uploads\/2014\/01\/capitanich-dolares.jpg?resize=525%2C300 1.5x"},"classes":[]},{"id":57693,"url":"http:\/\/www.24baires.com\/?p=57693","url_meta":{"origin":60109,"position":5},"title":"Capitanich: \u00abLos recursos tienen que ser aportados por los que m\u00e1s ganan\u00bb","author":"AF","date":"26\/11\/2014","format":false,"excerpt":"Lo afirm\u00f3 hoy el jefe de Gabinete al ser consultado sobre el impuesto a las Ganancias aplicado a los salarios, y record\u00f3 que la decisi\u00f3n que oportunamente tom\u00f3 la Presidenta \"excluye a 10 millones de personas f\u00edsicas\". Durante su habitual conferencia de prensa matutina en Casa de Gobierno, Jorge Capitanich\u2026","rel":"","context":"En \u00abEconom\u00eda\u00bb","block_context":{"text":"Econom\u00eda","link":"http:\/\/www.24baires.com\/?cat=45"},"img":{"alt_text":"capitanich","src":"https:\/\/i0.wp.com\/www.24baires.com\/wp-content\/uploads\/2014\/09\/capitanich1.jpg?resize=350%2C200","width":350,"height":200,"srcset":"https:\/\/i0.wp.com\/www.24baires.com\/wp-content\/uploads\/2014\/09\/capitanich1.jpg?resize=350%2C200 1x, https:\/\/i0.wp.com\/www.24baires.com\/wp-content\/uploads\/2014\/09\/capitanich1.jpg?resize=525%2C300 1.5x"},"classes":[]}],"jetpack_sharing_enabled":true,"jetpack_likes_enabled":true,"jetpack_featured_media_url":"","_links":{"self":[{"href":"http:\/\/www.24baires.com\/index.php?rest_route=\/wp\/v2\/posts\/60109","targetHints":{"allow":["GET"]}}],"collection":[{"href":"http:\/\/www.24baires.com\/index.php?rest_route=\/wp\/v2\/posts"}],"about":[{"href":"http:\/\/www.24baires.com\/index.php?rest_route=\/wp\/v2\/types\/post"}],"author":[{"embeddable":true,"href":"http:\/\/www.24baires.com\/index.php?rest_route=\/wp\/v2\/users\/4"}],"replies":[{"embeddable":true,"href":"http:\/\/www.24baires.com\/index.php?rest_route=%2Fwp%2Fv2%2Fcomments&post=60109"}],"version-history":[{"count":1,"href":"http:\/\/www.24baires.com\/index.php?rest_route=\/wp\/v2\/posts\/60109\/revisions"}],"predecessor-version":[{"id":60110,"href":"http:\/\/www.24baires.com\/index.php?rest_route=\/wp\/v2\/posts\/60109\/revisions\/60110"}],"wp:attachment":[{"href":"http:\/\/www.24baires.com\/index.php?rest_route=%2Fwp%2Fv2%2Fmedia&parent=60109"}],"wp:term":[{"taxonomy":"category","embeddable":true,"href":"http:\/\/www.24baires.com\/index.php?rest_route=%2Fwp%2Fv2%2Fcategories&post=60109"},{"taxonomy":"post_tag","embeddable":true,"href":"http:\/\/www.24baires.com\/index.php?rest_route=%2Fwp%2Fv2%2Ftags&post=60109"}],"curies":[{"name":"wp","href":"https:\/\/api.w.org\/{rel}","templated":true}]}}