{"id":60105,"date":"2015-01-14T21:55:09","date_gmt":"2015-01-15T00:55:09","guid":{"rendered":"http:\/\/www.24baires.com\/?p=60105"},"modified":"2015-01-14T21:55:09","modified_gmt":"2015-01-15T00:55:09","slug":"desde-memoria-activa-denunciaron-que-esto-es-una-operacion-vergonzosa","status":"publish","type":"post","link":"http:\/\/www.24baires.com\/?p=60105","title":{"rendered":"Desde Memoria Activa denunciaron que \u201cesto es una operaci\u00f3n vergonzosa\u201d"},"content":{"rendered":"<p><img data-recalc-dims=\"1\" loading=\"lazy\" decoding=\"async\" class=\"aligncenter size-full wp-image-60107\" src=\"https:\/\/i0.wp.com\/www.24baires.com\/wp-content\/uploads\/2015\/01\/malamud-diana.jpg?resize=551%2C367\" alt=\"malamud diana\" width=\"551\" height=\"367\" srcset=\"https:\/\/i0.wp.com\/www.24baires.com\/wp-content\/uploads\/2015\/01\/malamud-diana.jpg?w=551 551w, https:\/\/i0.wp.com\/www.24baires.com\/wp-content\/uploads\/2015\/01\/malamud-diana.jpg?resize=300%2C200 300w\" sizes=\"auto, (max-width: 551px) 100vw, 551px\" \/><\/p>\n<p>Lo dijo Diana Malamud, de Memoria Activa, en referencia a la indagatoria que pidi\u00f3 a la Presidenta, el canciller \u2013entre otros- por la causa AMIA. Sergio Burstein, de Familiares y Amigos de las V\u00edctimas de la AMIA, vincul\u00f3 el pedido de Nisman con los cambios que hubo en la Secretaria de Inteligencia. \u201cEsto es una operaci\u00f3n vergonzosa\u201d, denunci\u00f3.<!--more--><\/p>\n<p>\u00abEl fiscal Nisman ha mostrado su total incapacidad para investigar en esta causa\u00bb, denunci\u00f3 Diana Malamud desde la organizaci\u00f3n independiente Memoria Activa. Lo dijo esta tarde, luego de conocerse la decisi\u00f3n de Alberto Nisman de denunciar ante la Justicia a la presidenta Cristina Kirchner y al canciller H\u00e9ctor Timerman, entre otros. Los acusa de pretender desviar la pista iran\u00ed en la investigaci\u00f3n del atentado contra la sede de la AMIA en julio de 1994.<br \/>\nMemoria Activa asegur\u00f3 que \u201cla causa AMIA est\u00e1 contaminada, sucia\u201d y cuestionaron a Nisman al argumentar que \u201cno se aport\u00f3 nada en los \u00faltimos a\u00f1os y escribi\u00f3 300 fojas para justificar una indagatoria a la Presidenta\u201d.<\/p>\n<p>Al cumplirse los 20 a\u00f1os del atentado a la AMIA, el 19 de julio del 2014, los familiares de las v\u00edctimas no s\u00f3lo reclamaron una vez m\u00e1s por el esclarecimiento del atentado. Tambi\u00e9n pidieron el apartamiento de la causa de Nisman, que hab\u00eda sido nombrado diez a\u00f1os antes en la unidad especial de investigaci\u00f3n. En ese acto paralelo al de la AMIA y la DAIA, Malamud explic\u00f3 que la causa consta por lo menos de dos partes: la que se refiere a la trama del atentado y la que se ocupa de su encubrimiento (de la que se ocupa el juez Ariel Lijo). \u00abNisman decidi\u00f3 que deb\u00eda entender s\u00f3lo en la del atentado porque los acusados est\u00e1n a 13.778 kil\u00f3metros de distancia, en Ir\u00e1n, y desde\u00f1\u00f3 la causa sobre el encubrimiento y la investigaci\u00f3n a nivel local porque est\u00e1n procesados sus ex compa\u00f1eros de trabajo\u00bb, declar\u00f3.<\/p>\n<p>La organizaci\u00f3n Familiares y Amigos de las V\u00edctimas de la AMIA ya hab\u00edan dejado de confiar en \u00e9l hace tiempo. En noviembre de 2013, en una carta abierta al fiscal, respaldaron el acuerdo entre Argentina e Ir\u00e1n y cuestionaron \u00absu falta de compromiso e inacci\u00f3n en la causa\u00bb, por considerarlo \u00abfuncional a los intereses de los que siempre nos quieren alejar de la verdad\u00bb.<\/p>\n<p>Sergio Burstein, uno de los integrantes del grupo de Familiares y Amigos que sigui\u00f3 de cerca toda las investigaciones realizadas por el fiscal especial para la causa AMIA, vincul\u00f3 el accionar judicial de Nisman con los cambios ocurrido en la Secretaria de Inteligencia semanas atr\u00e1s. \u201cEsto es una operaci\u00f3n vergonzosa de quien llev\u00f3 adelante la investigaci\u00f3n que Nisman puso en sus escritos: Jaime Stiusso\u201d, dijo<\/p>\n<p>En di\u00e1logo con la agencia T\u00e9lam, Burstein record\u00f3 que \u201csi hubieron personas que defendieron y dieron cr\u00e9dito a la investigaci\u00f3n de Nisman fueron N\u00e9stor y Cristina Kirchner, bas\u00e1ndose en la investigaci\u00f3n que llev\u00f3 adelante el mismo fiscal. Ellos llevaron la causa AMIA -basados en la investigaci\u00f3n de Nisman- a los foros internacionales. Por eso no se entiende esto sino como una opereta para denigrar y basurear a las v\u00edctimas y a los funcionarios\u201d. \u201cYo quiero la declaraci\u00f3n de los iran\u00edes y que se determine si hay pruebas para juzgarlos\u201d, agreg\u00f3.<\/p>\n<p>Burstein dud\u00f3, tambi\u00e9n, de las pruebas compiladas por el fiscal: \u201cQuisiera saber, por ejemplo, si las escuchas que tiene son legales o ilegales, como las que manej\u00f3 el (ex jefe de la Polic\u00eda Metropolitana, Jorge) Fino Palacios\u201d. Y record\u00f3 que \u201cen otra oportunidad, Nisman nos dijo que la SIDE ten\u00eda informaci\u00f3n respecto de conexiones entre dos personas que est\u00e1n involucradas en el atentado a la AMIA, que \u00e9l estaba en conocimiento y que estaba intentando incorporar el tema a la causa, pero que entend\u00eda que no era momento para intimar a la SIDE para que aportara esa prueba\u201d, destac\u00f3 demostrando el \u201coportunismo con el que se mov\u00eda\u201d.<br \/>\nY para ratificar lo que consider\u00f3 \u201cendebleces en las pruebas\u201d record\u00f3 que, \u201cen una ocasi\u00f3n, Nisman nos dijo que ser\u00eda bueno que contact\u00e1semos en Estados Unidos a alg\u00fan estudio de abogados por si quer\u00edamos llevar el tema afuera del pa\u00eds\u201d.<\/p>\n<p>\u201cLogramos un contacto por medio de la Asociaci\u00f3n de Abogados Jud\u00edos de la Argentina y ese estudio que nos recomendaron ratific\u00f3 su inter\u00e9s. Viajaron a Buenos Aires, se reunieron con el fiscal Ferrante -de la oficina de Nisman-, estudiaron el tema y antes de irse nos dijeron que Nisman hab\u00eda hecho una investigaci\u00f3n muy interesante, que estaban admirados pero que no pod\u00edan tomar el caso porque no encontraban pruebas judicializables con las que poder iniciar ni siquiera una demanda civil contra Ir\u00e1n\u201d.<\/p>\n<p>Otra de las integrantes de ese grupo, Olga Degtiar se manifest\u00f3 \u201csegura\u201d de que la denuncia realizada \u201ces un manejo pol\u00edtico\u201d. \u201cEstuvo 10 a\u00f1os en la unidad fiscal exclusivamente por el atentado, con 50 empleados y no pudo lograr esclarecer el tema AMIA. Y ahora est\u00e1 haciendo una denuncia terrible. Lastima nuestra sensibilidad. Nosotros hemos confiado siempre en la Presidenta que se presenta a Naciones Unidas con nuestro reclamo\u201d, sostuvo.<br \/>\n\u201cLo que s\u00ed puedo creer es que Nisman est\u00e9 buscando retirarse de la causa\u201d, agreg\u00f3 y cont\u00f3 que antes el fiscal convocaba a los familiares de las v\u00edctimas para anoticiarlos personalmente sobre el rumbo de la investigaci\u00f3n, algo que dej\u00f3 de ocurrir tras la firma del Memorandum de Entendimiento con Ir\u00e1n.<\/p>\n<p><strong>Relaciones carnales<\/strong><br \/>\nEn su libro \u201cPolitiLeaks, todo lo que la pol\u00edtica argentina quiso esconder\u201d, el periodista Santiago O\u2019Donnell tuvo acceso a centenares de cables secretos que la embajada de Estados Unidos en Buenos Aires enviaba al gobierno norteamericano. En esos despachos, O\u2019Donnell reconstruy\u00f3 las relaciones carnales que durante gran parte de la pesquisa por el atentado en la sede de la AMIA, hab\u00eda establecido el fiscal Nisman con funcionarios diplom\u00e1ticos.<br \/>\nEn su libro, O\u2019 Donnell cuenta c\u00f3mo el fiscal Nisman anticipaba la mayor\u00eda de sus pasos en el expediente a la sede diplom\u00e1tica estadounidense. En diciembre de 2007, Nisman lleg\u00f3 hasta las oficinas de la embajada con un borrador del pedido de captura de los sospechosos iran\u00edes de dos carillas, que no convenci\u00f3 a los diplom\u00e1ticos. El representante del FBI le hizo varias sugerencias. Dos meses m\u00e1s tarde, Nisman volvi\u00f3 con el documento ampliado a nueve carillas y logr\u00f3 la aprobaci\u00f3n de la embajada.<\/p>\n<p>Quienes han seguido la actuaci\u00f3n de Nisman en el expediente sugieren que el fiscal fue acelerando o \u201cplanchando\u201d la investigaci\u00f3n de la \u201cconexi\u00f3n local\u201d seg\u00fan la coyuntura pol\u00edtica del momento. El 22 de mayo del a\u00f1o 2008, pidi\u00f3 la detenci\u00f3n y la indagatoria al juez Lijo del ex presidente Carlos Menem, de su hermano Munir \u2013ya fallecido\u2013, del entonces titular de la SIDE Hugo Anzorreguy, de su segundo Juan Carlos Anchezar, del magistrado Juan Jos\u00e9 Galeano y del ex comisario Jorge Palacios, por encubrir el atentado.<\/p>\n<p>Ese mismo d\u00eda, un cable de la embajada norteamericana revela que \u201cLos Oficiales (norteamericanos) de nuestra Oficina Legal le han recomendado al Fiscal Alberto Nisman que se concentre en los que perpetraron el atentado y no en quienes desviaron la investigaci\u00f3n\u201d. Nisman se tom\u00f3 muy en serio la sugerencia y pronto quiso remendar su omisi\u00f3n: en tres cables que llegaron a la embajada ese mes de mayo de 2008, qued\u00f3 plasmada la preocupaci\u00f3n del funcionario judicial para que lo exculparan de no haber anticipado la medida de prueba.<\/p>\n<p>Aquello result\u00f3 ser una buena ense\u00f1anza para el fiscal. En diciembre de 2008, Nisman avis\u00f3 que iniciar\u00eda acciones civiles contra los sospechosos iran\u00edes. En mayo de 2009, avis\u00f3 que estaba por firmar la orden de captura del colombiano-liban\u00e9s Samuel Salman El Reda, porque lo sospechaba como uno de los implicados en la \u201cconexi\u00f3n local\u201d del ataque, seg\u00fan los cables.<\/p>\n<p>Obsesionado por la pista iran\u00ed, Nisman fue muy irregular en las investigaciones dom\u00e9sticas: aquello que, entre otras cosas, llev\u00f3 a Memoria Activa a pedir su apartamiento el a\u00f1o pasado. Esa preocupaci\u00f3n ya estaba presente en noviembre de 2008, cuando el secretario general de la Amia, Julio Schlosser, el vice \u00c1ngel Barman y el dirigente Agust\u00edn Zbar, le transmitieron al embajador Earl Anthony Wayne que estaban conformes con la investigaci\u00f3n internacional pero reclamaban que mostrara el mismo \u00edmpetu para desentra\u00f1ar la pista local.<br \/>\nAl mismo tiempo, hab\u00eda actores de la investigaci\u00f3n que pon\u00edan en tela de juicio la solidez de las pruebas: O\u2019 Donnell relata que en distintas oportunidades, el representante de la Canciller\u00eda argentina a cargo del caso Amia, un consejero de la DAIA y un representante del FBI manifestaron ese tipo de preocupaciones.<\/p>\n<p>&nbsp;<\/p>\n<p>&nbsp;<\/p>\n<p>&nbsp;<\/p>\n<p>&nbsp;<\/p>\n<p>&nbsp;<\/p>\n<p>&nbsp;<\/p>\n<p>&nbsp;<\/p>\n<p>&nbsp;<\/p>\n<p>&nbsp;<\/p>\n<p>&nbsp;<\/p>\n<p>&nbsp;<\/p>\n<p>&nbsp;<\/p>\n<p>&nbsp;<\/p>\n<p>&nbsp;<\/p>\n","protected":false},"excerpt":{"rendered":"<p>Lo dijo Diana Malamud, de Memoria Activa, en referencia a la indagatoria que pidi\u00f3 a la Presidenta, el canciller \u2013entre otros- por la causa AMIA. Sergio Burstein, de Familiares y Amigos de las V\u00edctimas de la AMIA, vincul\u00f3 el pedido de Nisman con los cambios que hubo en la Secretaria de Inteligencia. \u201cEsto es una operaci\u00f3n vergonzosa\u201d, denunci\u00f3.<\/p>\n","protected":false},"author":11,"featured_media":0,"comment_status":"open","ping_status":"open","sticky":false,"template":"","format":"standard","meta":{"_jetpack_newsletter_access":"","_jetpack_dont_email_post_to_subs":false,"_jetpack_newsletter_tier_id":0,"_jetpack_memberships_contains_paywalled_content":false,"_jetpack_memberships_contains_paid_content":false,"footnotes":""},"categories":[51],"tags":[],"class_list":["post-60105","post","type-post","status-publish","format-standard","hentry","category-politica"],"jetpack_shortlink":"https:\/\/wp.me\/p2JWE0-fDr","jetpack-related-posts":[{"id":60160,"url":"http:\/\/www.24baires.com\/?p=60160","url_meta":{"origin":60105,"position":0},"title":"Dur\u00edsimo comunicado de Memoria Activa: \u00abAl fiscal Nisman no le creemos nada\u00bb","author":"Grupo Sierra","date":"15\/01\/2015","format":false,"excerpt":"La Asociaci\u00f3n emiti\u00f3 un comunicado en el que sostienen que \"es p\u00fablico y notorio que ha utilizado los enormes recursos que ha tenido su fiscal\u00eda para fines que nada tienen que ver con el esclarecimiento de la masacre\" La Asociaci\u00f3n emiti\u00f3 un comunicado en el que sostienen que a Nisman,\u2026","rel":"","context":"En \u00abPol\u00edtica\u00bb","block_context":{"text":"Pol\u00edtica","link":"http:\/\/www.24baires.com\/?cat=51"},"img":{"alt_text":"","src":"","width":0,"height":0},"classes":[]},{"id":103330,"url":"http:\/\/www.24baires.com\/?p=103330","url_meta":{"origin":60105,"position":1},"title":"Timerman asegura que est\u00e1n usando la causa del Memorandum \u00abpara atacar a Cristina\u00bb","author":"AF","date":"13\/07\/2018","format":false,"excerpt":"Adem\u00e1s, el ex canciller se lament\u00f3 porque la \u00fanica causa que avanz\u00f3 es la que se le inici\u00f3 a \u00e9l y ex funcionarios del gobierno kirchnerista. El ex canciller Hector Timerman denunci\u00f3 este viernes que est\u00e1n usando la causa del Memorandum con Ir\u00e1n para atacar a la ex presidenta Cristina\u2026","rel":"","context":"En \u00abPol\u00edtica\u00bb","block_context":{"text":"Pol\u00edtica","link":"http:\/\/www.24baires.com\/?cat=51"},"img":{"alt_text":"","src":"https:\/\/i0.wp.com\/www.24baires.com\/wp-content\/uploads\/2013\/03\/timerman.jpg?resize=350%2C200","width":350,"height":200,"srcset":"https:\/\/i0.wp.com\/www.24baires.com\/wp-content\/uploads\/2013\/03\/timerman.jpg?resize=350%2C200 1x, https:\/\/i0.wp.com\/www.24baires.com\/wp-content\/uploads\/2013\/03\/timerman.jpg?resize=525%2C300 1.5x"},"classes":[]},{"id":80277,"url":"http:\/\/www.24baires.com\/?p=80277","url_meta":{"origin":60105,"position":2},"title":"Declararon familiares de Memoria Activa en el juicio por encubrimiento por la AMIA","author":"GB","date":"17\/03\/2016","format":false,"excerpt":"\"Vivimos la imposibilidad de elaborar un duelo por la falta de justicia\", expres\u00f3 la secretaria de Memoria Activa Diana Wassner, que junto con la presidenta de la asociaci\u00f3n Adriana Reisfeld denunciaron a la dirigencia de la comunidad jud\u00eda (AMIA\/DAIA) en la complicidad con la justicia de encubrir a los responsables\u2026","rel":"","context":"En \u00abPol\u00edtica\u00bb","block_context":{"text":"Pol\u00edtica","link":"http:\/\/www.24baires.com\/?cat=51"},"img":{"alt_text":"","src":"https:\/\/i0.wp.com\/www.24baires.com\/wp-content\/uploads\/2016\/03\/memoria-activa-amia.jpg?resize=350%2C200","width":350,"height":200,"srcset":"https:\/\/i0.wp.com\/www.24baires.com\/wp-content\/uploads\/2016\/03\/memoria-activa-amia.jpg?resize=350%2C200 1x, https:\/\/i0.wp.com\/www.24baires.com\/wp-content\/uploads\/2016\/03\/memoria-activa-amia.jpg?resize=525%2C300 1.5x"},"classes":[]},{"id":117875,"url":"http:\/\/www.24baires.com\/?p=117875","url_meta":{"origin":60105,"position":3},"title":"Cristina consider\u00f3 \u00abdisparate judicial, institucional y pol\u00edtico\u00bb a la causa del memor\u00e1ndum","author":"AF","date":"16\/07\/2021","format":false,"excerpt":"La vicepresidenta expuso durante la audiencia p\u00fablica, que fue escuchada por m\u00e1s de 20 mil personas a trav\u00e9s de YouTube. \"Se hicieron maniobras persecutorias para perjudicarnos a m\u00ed y mi familia\", asegur\u00f3. El Tribunal Oral Federal 8 debe resolver si declara o no la nulidad del proceso. La vicepresidenta Cristina\u2026","rel":"","context":"En \u00abJUDICIALES\u00bb","block_context":{"text":"JUDICIALES","link":"http:\/\/www.24baires.com\/?cat=68"},"img":{"alt_text":"","src":"https:\/\/i0.wp.com\/www.24baires.com\/wp-content\/uploads\/2021\/07\/cfk.jpg?resize=350%2C200","width":350,"height":200,"srcset":"https:\/\/i0.wp.com\/www.24baires.com\/wp-content\/uploads\/2021\/07\/cfk.jpg?resize=350%2C200 1x, https:\/\/i0.wp.com\/www.24baires.com\/wp-content\/uploads\/2021\/07\/cfk.jpg?resize=525%2C300 1.5x"},"classes":[]},{"id":106628,"url":"http:\/\/www.24baires.com\/?p=106628","url_meta":{"origin":60105,"position":4},"title":"La AMIA busca retirarse de la querella contra Cristina por el Memor\u00e1ndum con Ir\u00e1n","author":"AF","date":"31\/01\/2019","format":false,"excerpt":"Fue un pedido a la DAIA en la causa que se origin\u00f3 con la denuncia del fiscal Alberto Nisman y busca \u201cempezar a tomar distancia de una causa que est\u00e1 en el centro de la famosa grieta\u201d. La Asociaci\u00f3n Mutual Israelita Argentina (AMIA) le reclam\u00f3 a la Delegaci\u00f3n de Asociaciones\u2026","rel":"","context":"En \u00abJUDICIALES\u00bb","block_context":{"text":"JUDICIALES","link":"http:\/\/www.24baires.com\/?cat=68"},"img":{"alt_text":"","src":"https:\/\/i0.wp.com\/www.24baires.com\/wp-content\/uploads\/2015\/04\/amia.jpg?resize=350%2C200","width":350,"height":200,"srcset":"https:\/\/i0.wp.com\/www.24baires.com\/wp-content\/uploads\/2015\/04\/amia.jpg?resize=350%2C200 1x, https:\/\/i0.wp.com\/www.24baires.com\/wp-content\/uploads\/2015\/04\/amia.jpg?resize=525%2C300 1.5x"},"classes":[]},{"id":102494,"url":"http:\/\/www.24baires.com\/?p=102494","url_meta":{"origin":60105,"position":5},"title":"La C\u00e1mara \u00abreflot\u00f3\u00bb la causa Nisman y asegura que se trat\u00f3 de un crimen","author":"AF","date":"01\/06\/2018","format":false,"excerpt":"Confirm\u00f3 que el ex juez Alberto Nisman fue asesinado. Agregaron que el motivo fue su denuncia contra Cristina Kirchner. Adem\u00e1s dejaron firme el procesamiento de Diego Lagomarsino. La C\u00e1mara Federal hizo su aparici\u00f3n en medio de la debacle econ\u00f3mica que enfrenta el gobierno de Mauricio Macri. Entre masivas manifestaciones en\u2026","rel":"","context":"En \u00abJUDICIALES\u00bb","block_context":{"text":"JUDICIALES","link":"http:\/\/www.24baires.com\/?cat=68"},"img":{"alt_text":"","src":"https:\/\/i0.wp.com\/www.24baires.com\/wp-content\/uploads\/2015\/07\/nisman.jpg?resize=350%2C200","width":350,"height":200,"srcset":"https:\/\/i0.wp.com\/www.24baires.com\/wp-content\/uploads\/2015\/07\/nisman.jpg?resize=350%2C200 1x, https:\/\/i0.wp.com\/www.24baires.com\/wp-content\/uploads\/2015\/07\/nisman.jpg?resize=525%2C300 1.5x"},"classes":[]}],"jetpack_sharing_enabled":true,"jetpack_likes_enabled":true,"jetpack_featured_media_url":"","_links":{"self":[{"href":"http:\/\/www.24baires.com\/index.php?rest_route=\/wp\/v2\/posts\/60105","targetHints":{"allow":["GET"]}}],"collection":[{"href":"http:\/\/www.24baires.com\/index.php?rest_route=\/wp\/v2\/posts"}],"about":[{"href":"http:\/\/www.24baires.com\/index.php?rest_route=\/wp\/v2\/types\/post"}],"author":[{"embeddable":true,"href":"http:\/\/www.24baires.com\/index.php?rest_route=\/wp\/v2\/users\/11"}],"replies":[{"embeddable":true,"href":"http:\/\/www.24baires.com\/index.php?rest_route=%2Fwp%2Fv2%2Fcomments&post=60105"}],"version-history":[{"count":1,"href":"http:\/\/www.24baires.com\/index.php?rest_route=\/wp\/v2\/posts\/60105\/revisions"}],"predecessor-version":[{"id":60108,"href":"http:\/\/www.24baires.com\/index.php?rest_route=\/wp\/v2\/posts\/60105\/revisions\/60108"}],"wp:attachment":[{"href":"http:\/\/www.24baires.com\/index.php?rest_route=%2Fwp%2Fv2%2Fmedia&parent=60105"}],"wp:term":[{"taxonomy":"category","embeddable":true,"href":"http:\/\/www.24baires.com\/index.php?rest_route=%2Fwp%2Fv2%2Fcategories&post=60105"},{"taxonomy":"post_tag","embeddable":true,"href":"http:\/\/www.24baires.com\/index.php?rest_route=%2Fwp%2Fv2%2Ftags&post=60105"}],"curies":[{"name":"wp","href":"https:\/\/api.w.org\/{rel}","templated":true}]}}