{"id":60077,"date":"2015-01-14T15:28:24","date_gmt":"2015-01-14T18:28:24","guid":{"rendered":"http:\/\/www.24baires.com\/?p=60077"},"modified":"2015-01-15T10:16:11","modified_gmt":"2015-01-15T13:16:11","slug":"anibal-fernandez-considero-que-el-pedido-de-indagatoria-a-cristina-es-ridiculo","status":"publish","type":"post","link":"http:\/\/www.24baires.com\/?p=60077","title":{"rendered":"An\u00edbal Fern\u00e1ndez consider\u00f3 que el pedido de indagatoria a Cristina es \u201crid\u00edculo\u201d"},"content":{"rendered":"<p><img data-recalc-dims=\"1\" loading=\"lazy\" decoding=\"async\" class=\"alignleft size-full wp-image-13867\" src=\"https:\/\/i0.wp.com\/www.24baires.com\/wp-content\/uploads\/2013\/01\/an%C3%ADbal-fern%C3%A1ndez.jpg?resize=299%2C211\" alt=\"an\u00edbal fern\u00e1ndez\" width=\"299\" height=\"211\" \/>El secretario General de la Presidencia, An\u00edbal Fern\u00e1ndez, desestim\u00f3 la denuncia del fiscal de la causa AMIA, Alberto Nisman, por la firma del Memorando de Entendimiento con Teher\u00e1n en 2013, por el atentado a la mutual jud\u00eda en 1994.<!--more--><\/p>\n<p>El Gobierno nacional rechaz\u00f3 el pedido de indagatoria a la presidenta Cristina Fern\u00e1ndez de Kirchner y a funcionarios del Ejecutivo por mantener por la firma del Memorando de Entendimiento con Teher\u00e1n en 2013, por el atentado a la mutual jud\u00eda en 1994.<\/p>\n<p>Es que, el fiscal de la causa ocurrida en 1994, Alberto Nisman, acus\u00f3 a la presidenta Cristina Fern\u00e1ndez de Kirchner y al canciller, H\u00e9ctor Timerman, junto a miembros de su gabinete, y otros dirigentes, de negociar impunidad con el gobierno de Ir\u00e1n por el atentado a la mutual jud\u00eda a cambio de \u00abacercase geopol\u00edticamente e intercambiar petr\u00f3leo por granos y hasta venderle armas\u00bb.<\/p>\n<p>El secretario General de la Presidencia, An\u00edbal Fern\u00e1ndez, asegur\u00f3 que la denuncia es \u00abrid\u00edcula\u00bb y que es un \u00abmanotazo de ahogado, t\u00edpico de alguien que tiene relaciones con otras estructuras de poder\u00bb.<\/p>\n<p>\u201cLos que decidimos formalmente que el acuerdo con Ir\u00e1n es v\u00e1lido fuimos los legisladores, no la Presidenta. Es un sin sentido lo que est\u00e1 sucediendo. Pensar que se puede indagar a la Presidenta de la Naci\u00f3n por acatar las leyes de la Constituci\u00f3n nacional es un absurdo\u201d, asever\u00f3 Fern\u00e1ndez.<\/p>\n<p>\u00abEl Memor\u00e1ndum de entendimiento con Ir\u00e1n est\u00e1 dentro de las facultades que la Constituci\u00f3n prev\u00e9 para el Poder Ejecutivo\u00bb, agreg\u00f3.<\/p>\n<p>&nbsp;<\/p>\n<p>&nbsp;<\/p>\n<p>&nbsp;<\/p>\n<p>&nbsp;<\/p>\n<p>&nbsp;<\/p>\n<p>&nbsp;<\/p>\n<p>&nbsp;<\/p>\n<p>&nbsp;<\/p>\n<p>&nbsp;<\/p>\n<p>&nbsp;<\/p>\n<p>&nbsp;<\/p>\n<p>&nbsp;<\/p>\n<p>&nbsp;<\/p>\n<p>&nbsp;<\/p>\n","protected":false},"excerpt":{"rendered":"<p>El secretario General de la Presidencia, An\u00edbal Fern\u00e1ndez, desestim\u00f3 la denuncia del fiscal de la causa AMIA, Alberto Nisman, por la firma del Memorando de Entendimiento con Teher\u00e1n en 2013, por el atentado a la mutual jud\u00eda en 1994.<\/p>\n","protected":false},"author":8,"featured_media":0,"comment_status":"open","ping_status":"open","sticky":false,"template":"","format":"standard","meta":{"_jetpack_newsletter_access":"","_jetpack_dont_email_post_to_subs":false,"_jetpack_newsletter_tier_id":0,"_jetpack_memberships_contains_paywalled_content":false,"_jetpack_memberships_contains_paid_content":false,"footnotes":""},"categories":[51],"tags":[],"class_list":["post-60077","post","type-post","status-publish","format-standard","hentry","category-politica"],"jetpack_shortlink":"https:\/\/wp.me\/p2JWE0-fCZ","jetpack-related-posts":[{"id":60095,"url":"http:\/\/www.24baires.com\/?p=60095","url_meta":{"origin":60077,"position":0},"title":"Scioli a trav\u00e9s de Twitter repudi\u00f3 la denuncia de Nisman","author":"Grupo Sierra","date":"14\/01\/2015","format":false,"excerpt":"El gobernador bonaerense, Daniel Scioli, afirm\u00f3 hoy que \"es inconcebible involucrar a la Presidenta de la Naci\u00f3n, Cristina Fern\u00e1ndez de Kirchner en un supuesto encubrimiento, al cuestionar el pedido de indagatoria del fiscal especial para el caso AMIA, Alberto Nisman, a la Presidenta por la firma del Memorando de Entendimiento\u2026","rel":"","context":"En \u00abPol\u00edtica\u00bb","block_context":{"text":"Pol\u00edtica","link":"http:\/\/www.24baires.com\/?cat=51"},"img":{"alt_text":"scioli5","src":"https:\/\/i0.wp.com\/www.24baires.com\/wp-content\/uploads\/2014\/08\/scioli5.jpg?resize=350%2C200","width":350,"height":200,"srcset":"https:\/\/i0.wp.com\/www.24baires.com\/wp-content\/uploads\/2014\/08\/scioli5.jpg?resize=350%2C200 1x, https:\/\/i0.wp.com\/www.24baires.com\/wp-content\/uploads\/2014\/08\/scioli5.jpg?resize=525%2C300 1.5x"},"classes":[]},{"id":106628,"url":"http:\/\/www.24baires.com\/?p=106628","url_meta":{"origin":60077,"position":1},"title":"La AMIA busca retirarse de la querella contra Cristina por el Memor\u00e1ndum con Ir\u00e1n","author":"AF","date":"31\/01\/2019","format":false,"excerpt":"Fue un pedido a la DAIA en la causa que se origin\u00f3 con la denuncia del fiscal Alberto Nisman y busca \u201cempezar a tomar distancia de una causa que est\u00e1 en el centro de la famosa grieta\u201d. La Asociaci\u00f3n Mutual Israelita Argentina (AMIA) le reclam\u00f3 a la Delegaci\u00f3n de Asociaciones\u2026","rel":"","context":"En \u00abJUDICIALES\u00bb","block_context":{"text":"JUDICIALES","link":"http:\/\/www.24baires.com\/?cat=68"},"img":{"alt_text":"","src":"https:\/\/i0.wp.com\/www.24baires.com\/wp-content\/uploads\/2015\/04\/amia.jpg?resize=350%2C200","width":350,"height":200,"srcset":"https:\/\/i0.wp.com\/www.24baires.com\/wp-content\/uploads\/2015\/04\/amia.jpg?resize=350%2C200 1x, https:\/\/i0.wp.com\/www.24baires.com\/wp-content\/uploads\/2015\/04\/amia.jpg?resize=525%2C300 1.5x"},"classes":[]},{"id":28538,"url":"http:\/\/www.24baires.com\/?p=28538","url_meta":{"origin":60077,"position":2},"title":"An\u00edbal Fern\u00e1ndez reivindic\u00f3 el memor\u00e1ndum con Ir\u00e1n","author":"AF","date":"18\/07\/2013","format":false,"excerpt":"El legislador oficialista se\u00f1al\u00f3 que el convenio \u201cbusca elementos que permitan avanzar\u201d en el esclarecimiento de la causa por el atentado ocurrido en 1994. \"Si Ir\u00e1n no cumple con esto nos habremos quedado en el mismo lugar; no perdemos nada\", sostuvo el senador. El senador del Frente para la Victoria\u2026","rel":"","context":"En \u00abPol\u00edtica\u00bb","block_context":{"text":"Pol\u00edtica","link":"http:\/\/www.24baires.com\/?cat=51"},"img":{"alt_text":"","src":"","width":0,"height":0},"classes":[]},{"id":62096,"url":"http:\/\/www.24baires.com\/?p=62096","url_meta":{"origin":60077,"position":3},"title":"\u00abSe actu\u00f3 en nombre de las v\u00edctimas al firmar el Memorando con Ir\u00e1n\u00bb, asegur\u00f3 Timerman","author":"GB","date":"22\/02\/2015","format":false,"excerpt":"Lo asegur\u00f3 el canciller H\u00e9ctor Timerman, y remarc\u00f3 que el Ejecutivo \"no tiene nada que esconder\" sobre los t\u00e9rminos de la firma del Memorando de Entendimiento con Ir\u00e1n. \"Ni la Presidenta ni yo hicimos algo mal\", subray\u00f3. \u201cNo tengo nada que esconder. Ni la presidenta (Cristina Fern\u00e1ndez de Kirchner) ni\u2026","rel":"","context":"En \u00abPol\u00edtica\u00bb","block_context":{"text":"Pol\u00edtica","link":"http:\/\/www.24baires.com\/?cat=51"},"img":{"alt_text":"timerman","src":"https:\/\/i0.wp.com\/www.24baires.com\/wp-content\/uploads\/2014\/08\/timerman.jpg?resize=350%2C200","width":350,"height":200,"srcset":"https:\/\/i0.wp.com\/www.24baires.com\/wp-content\/uploads\/2014\/08\/timerman.jpg?resize=350%2C200 1x, https:\/\/i0.wp.com\/www.24baires.com\/wp-content\/uploads\/2014\/08\/timerman.jpg?resize=525%2C300 1.5x"},"classes":[]},{"id":102494,"url":"http:\/\/www.24baires.com\/?p=102494","url_meta":{"origin":60077,"position":4},"title":"La C\u00e1mara \u00abreflot\u00f3\u00bb la causa Nisman y asegura que se trat\u00f3 de un crimen","author":"AF","date":"01\/06\/2018","format":false,"excerpt":"Confirm\u00f3 que el ex juez Alberto Nisman fue asesinado. Agregaron que el motivo fue su denuncia contra Cristina Kirchner. Adem\u00e1s dejaron firme el procesamiento de Diego Lagomarsino. La C\u00e1mara Federal hizo su aparici\u00f3n en medio de la debacle econ\u00f3mica que enfrenta el gobierno de Mauricio Macri. Entre masivas manifestaciones en\u2026","rel":"","context":"En \u00abJUDICIALES\u00bb","block_context":{"text":"JUDICIALES","link":"http:\/\/www.24baires.com\/?cat=68"},"img":{"alt_text":"","src":"https:\/\/i0.wp.com\/www.24baires.com\/wp-content\/uploads\/2015\/07\/nisman.jpg?resize=350%2C200","width":350,"height":200,"srcset":"https:\/\/i0.wp.com\/www.24baires.com\/wp-content\/uploads\/2015\/07\/nisman.jpg?resize=350%2C200 1x, https:\/\/i0.wp.com\/www.24baires.com\/wp-content\/uploads\/2015\/07\/nisman.jpg?resize=525%2C300 1.5x"},"classes":[]},{"id":61391,"url":"http:\/\/www.24baires.com\/?p=61391","url_meta":{"origin":60077,"position":5},"title":"Cristina public\u00f3 la carta de la embajadora al Congreso de EE.UU.","author":"GB","date":"07\/02\/2015","format":false,"excerpt":"En la carta de la embajadora argentina queda de manifiesto que \"la lucha contra la impunidad y el terrorismo internacional constituye un pilar fundamental de los presidentes N\u00e9stor Kirchner y Cristina Fern\u00e1ndez de Kirchner\". La presidenta Cristina Fern\u00e1ndez de Kirchner twitte\u00f3 hoy la carta de la embajadora Cecilia Nah\u00f3n presentada\u2026","rel":"","context":"En \u00abPol\u00edtica\u00bb","block_context":{"text":"Pol\u00edtica","link":"http:\/\/www.24baires.com\/?cat=51"},"img":{"alt_text":"cristina duelo","src":"https:\/\/i0.wp.com\/www.24baires.com\/wp-content\/uploads\/2015\/01\/cristina-duelo.jpg?resize=350%2C200","width":350,"height":200,"srcset":"https:\/\/i0.wp.com\/www.24baires.com\/wp-content\/uploads\/2015\/01\/cristina-duelo.jpg?resize=350%2C200 1x, https:\/\/i0.wp.com\/www.24baires.com\/wp-content\/uploads\/2015\/01\/cristina-duelo.jpg?resize=525%2C300 1.5x"},"classes":[]}],"jetpack_sharing_enabled":true,"jetpack_likes_enabled":true,"jetpack_featured_media_url":"","_links":{"self":[{"href":"http:\/\/www.24baires.com\/index.php?rest_route=\/wp\/v2\/posts\/60077","targetHints":{"allow":["GET"]}}],"collection":[{"href":"http:\/\/www.24baires.com\/index.php?rest_route=\/wp\/v2\/posts"}],"about":[{"href":"http:\/\/www.24baires.com\/index.php?rest_route=\/wp\/v2\/types\/post"}],"author":[{"embeddable":true,"href":"http:\/\/www.24baires.com\/index.php?rest_route=\/wp\/v2\/users\/8"}],"replies":[{"embeddable":true,"href":"http:\/\/www.24baires.com\/index.php?rest_route=%2Fwp%2Fv2%2Fcomments&post=60077"}],"version-history":[{"count":1,"href":"http:\/\/www.24baires.com\/index.php?rest_route=\/wp\/v2\/posts\/60077\/revisions"}],"predecessor-version":[{"id":60078,"href":"http:\/\/www.24baires.com\/index.php?rest_route=\/wp\/v2\/posts\/60077\/revisions\/60078"}],"wp:attachment":[{"href":"http:\/\/www.24baires.com\/index.php?rest_route=%2Fwp%2Fv2%2Fmedia&parent=60077"}],"wp:term":[{"taxonomy":"category","embeddable":true,"href":"http:\/\/www.24baires.com\/index.php?rest_route=%2Fwp%2Fv2%2Fcategories&post=60077"},{"taxonomy":"post_tag","embeddable":true,"href":"http:\/\/www.24baires.com\/index.php?rest_route=%2Fwp%2Fv2%2Ftags&post=60077"}],"curies":[{"name":"wp","href":"https:\/\/api.w.org\/{rel}","templated":true}]}}