{"id":60067,"date":"2015-01-14T13:31:49","date_gmt":"2015-01-14T16:31:49","guid":{"rendered":"http:\/\/www.24baires.com\/?p=60067"},"modified":"2015-01-14T13:31:49","modified_gmt":"2015-01-14T16:31:49","slug":"massa-no-es-bueno-para-la-argentina-y-no-esta-preparado-para-gobernar","status":"publish","type":"post","link":"http:\/\/www.24baires.com\/?p=60067","title":{"rendered":"\u00abMassa no es bueno para la Argentina y no est\u00e1 preparado para gobernar\u00bb"},"content":{"rendered":"<p><img data-recalc-dims=\"1\" loading=\"lazy\" decoding=\"async\" class=\"aligncenter size-full wp-image-49520\" src=\"https:\/\/i0.wp.com\/www.24baires.com\/wp-content\/uploads\/2014\/07\/diego-bossio-anses.jpg?resize=560%2C373\" alt=\"diego-bossio-anses\" width=\"560\" height=\"373\" srcset=\"https:\/\/i0.wp.com\/www.24baires.com\/wp-content\/uploads\/2014\/07\/diego-bossio-anses.jpg?w=560 560w, https:\/\/i0.wp.com\/www.24baires.com\/wp-content\/uploads\/2014\/07\/diego-bossio-anses.jpg?resize=300%2C199 300w\" sizes=\"auto, (max-width: 560px) 100vw, 560px\" \/>El titular de Anses agreg\u00f3 que al l\u00edder del Frente Renovador \u00able falta coherencia, ya que hay cosas que dice hoy que cuando pertenec\u00eda al Anses no las dec\u00eda, y me hace dudar\u00bb.<!--more--><\/p>\n<p>En di\u00e1logo con Radio Madres AM 530, Bossio se refiri\u00f3 as\u00ed al paso de Massa al frente de Anses, y resalt\u00f3 que \u201cmientras ponen carteles contando cuantos d\u00edas faltan para que termine el gobierno de Cristina (Fern\u00e1ndez de Kirchner), nosotros contamos casas, contamos nuevos jubilados, contamos posibilidades, contamos chicos con netbooks, chicos en el Progresar\u201d.<\/p>\n<p>Al ser consultado por los proyectos de la oposici\u00f3n, Bossio manifest\u00f3 que \u201cson proyectos distintos a los nuestros, donde hay lugar a los privilegios y hay sectores nost\u00e1lgicos de esos privilegios\u00bb.<\/p>\n<p>\u00abNosotros tenemos un Estado distinto, que aporta a la igualdad, con aciertos y con errores\u00bb, expres\u00f3, y apunt\u00f3 que \u00ab(Mauricio) Macri y (Sergio) Massa son m\u00e1s eslogan que otra cosa. Ellos prev\u00e9n otro proyecto de pa\u00eds\u201d.<\/p>\n<p>En ese sentido, el funcionario resalt\u00f3 que \u201cUNEN no me queda claro, tienen problemas serios para la conducci\u00f3n y para presentar proyectos serios para la sociedad\u201d.<\/p>\n<p>\u201cMauricio Macri sabemos quien es. Muchas cosas no las dice por conveniencia pol\u00edtica. Cuando hablan sus ministros claramente se expresaron a favor de privatizar el sistema provisional, volver a vender los activos\u201d.<\/p>\n<p>Bossio destac\u00f3 tambi\u00e9n el crecimiento de la implementaci\u00f3n del programa Procrear y por el que se han firmado m\u00e1s convenios con municipios para que se puedan abrir las calles, y explic\u00f3 que \u00abel Estado se hab\u00eda retirado de la generaci\u00f3n de suelo, ya que por ejemplo eso hab\u00eda quedado asociado a la iniciativa privada, con la construcci\u00f3n de countries, barrios privados, que no est\u00e1 mal pero el Estado tiene que estar presente, regulando un mercado que sino se torna especulativo y no permite el acceso a las familias trabajadoras\u00bb.<\/p>\n<p>Por \u00faltimo, al ser consultado sobre Mart\u00edn Insaurralde, manifest\u00f3: \u201cEl es intendente de Lomas de Zamora y debe estar trabajando en eso. No puedo decir nada. Tiene un costo el no tener claridad y certeza en que espacio se juega, qu\u00e9 banderas se defienden y se levantan\u201d.<\/p>\n<p>&nbsp;<\/p>\n<p>&nbsp;<\/p>\n<p>&nbsp;<\/p>\n<p>&nbsp;<\/p>\n<p>&nbsp;<\/p>\n<p>&nbsp;<\/p>\n<p>&nbsp;<\/p>\n<p>&nbsp;<\/p>\n<p>&nbsp;<\/p>\n<p>&nbsp;<\/p>\n<p>&nbsp;<\/p>\n<p>&nbsp;<\/p>\n<p>&nbsp;<\/p>\n","protected":false},"excerpt":{"rendered":"<p>El titular de Anses agreg\u00f3 que al l\u00edder del Frente Renovador \u00able falta coherencia, ya que hay cosas que dice hoy que cuando pertenec\u00eda al Anses no las dec\u00eda, y me hace dudar\u00bb.<\/p>\n","protected":false},"author":8,"featured_media":0,"comment_status":"open","ping_status":"open","sticky":false,"template":"","format":"standard","meta":{"_jetpack_newsletter_access":"","_jetpack_dont_email_post_to_subs":false,"_jetpack_newsletter_tier_id":0,"_jetpack_memberships_contains_paywalled_content":false,"_jetpack_memberships_contains_paid_content":false,"footnotes":""},"categories":[51],"tags":[],"class_list":["post-60067","post","type-post","status-publish","format-standard","hentry","category-politica"],"jetpack_shortlink":"https:\/\/wp.me\/p2JWE0-fCP","jetpack-related-posts":[{"id":33644,"url":"http:\/\/www.24baires.com\/?p=33644","url_meta":{"origin":60067,"position":0},"title":"Para Bossio es una \u00abirresponsabilidad\u00bb la propuesta de Massa para los jubilados","author":"GB","date":"16\/10\/2013","format":false,"excerpt":"El titular de la ANSES consider\u00f3 como \"una irresponsabilidad\" la propuesta del candidato del Frente Renovador de dar una gratificaci\u00f3n anual a los jubilados. \"Es una irresponsabilidad porque se generan expectativas en los abuelos que no se pueden cumplir\", se\u00f1al\u00f3 al tiempo que sostuvo que no existen fondos suficientes para\u2026","rel":"","context":"En \u00abELECCIONES 2013\u00bb","block_context":{"text":"ELECCIONES 2013","link":"http:\/\/www.24baires.com\/?cat=72"},"img":{"alt_text":"","src":"","width":0,"height":0},"classes":[]},{"id":77325,"url":"http:\/\/www.24baires.com\/?p=77325","url_meta":{"origin":60067,"position":1},"title":"Scioli faltar\u00e1 a la reuni\u00f3n con Urtubey, Massa y Bossio en Pinamar","author":"GB","date":"07\/01\/2016","format":false,"excerpt":"Fuentes cercanas al ex gobernador bonaerense aseguraron a T\u00e9lam que \u201cScioli no va\u201d a ese encuentro. El ex gobernador se encuentra recorriendo distintos balnearios de la costa bonaerense. El ex candidato a presidente por el Frente para la Victoria, Daniel Scioli, confirm\u00f3 hoy que no concurrir\u00e1 al encuentro de los\u2026","rel":"","context":"En \u00abPol\u00edtica\u00bb","block_context":{"text":"Pol\u00edtica","link":"http:\/\/www.24baires.com\/?cat=51"},"img":{"alt_text":"scioli plataforma","src":"https:\/\/i0.wp.com\/www.24baires.com\/wp-content\/uploads\/2015\/11\/scioli-plataforma.jpg?resize=350%2C200","width":350,"height":200,"srcset":"https:\/\/i0.wp.com\/www.24baires.com\/wp-content\/uploads\/2015\/11\/scioli-plataforma.jpg?resize=350%2C200 1x, https:\/\/i0.wp.com\/www.24baires.com\/wp-content\/uploads\/2015\/11\/scioli-plataforma.jpg?resize=525%2C300 1.5x"},"classes":[]},{"id":69466,"url":"http:\/\/www.24baires.com\/?p=69466","url_meta":{"origin":60067,"position":2},"title":"Bossio: \u00abEstamos pagando los juicios que Massa gener\u00f3 cuando estuvo en la ANSES\u00bb","author":"Grupo Sierra","date":"23\/07\/2015","format":false,"excerpt":"El actual titular de ANSES Diego Bossio se despach\u00f3 contra su antecesor y hoy opositor Sergio Massa luego que este prometiera asignar el 82 por ciento m\u00f3vil a los jubilados. El director ejecutivo de Anses, Diego Bossio, critic\u00f3 al precandidato presidencial del Frente Renovador, Sergio Massa, quien prometi\u00f3 que de\u2026","rel":"","context":"En \u00abPol\u00edtica\u00bb","block_context":{"text":"Pol\u00edtica","link":"http:\/\/www.24baires.com\/?cat=51"},"img":{"alt_text":"diego-bossio-anses","src":"https:\/\/i0.wp.com\/www.24baires.com\/wp-content\/uploads\/2014\/07\/diego-bossio-anses.jpg?resize=350%2C200","width":350,"height":200,"srcset":"https:\/\/i0.wp.com\/www.24baires.com\/wp-content\/uploads\/2014\/07\/diego-bossio-anses.jpg?resize=350%2C200 1x, https:\/\/i0.wp.com\/www.24baires.com\/wp-content\/uploads\/2014\/07\/diego-bossio-anses.jpg?resize=525%2C300 1.5x"},"classes":[]},{"id":59253,"url":"http:\/\/www.24baires.com\/?p=59253","url_meta":{"origin":60067,"position":3},"title":"Bossio: \u00abSi Massa quiere hacer m\u00e1s casas, que empiece por ceder m\u00e1s terrenos en Tigre\u00bb","author":"GB","date":"28\/12\/2014","format":false,"excerpt":"El director ejecutivo de Anses, Diego Bossio, respondi\u00f3 a las cr\u00edticas que el precandidato presidencial del Frente Renovador hizo sobre el programa Procrear, que desde su lanzamiento ya avanz\u00f3 sobre 114.445 soluciones de viviendas. \"Lo que uno espera de un candidato a Presidente es que no sea meramente descriptivo, sino\u2026","rel":"","context":"En \u00abPol\u00edtica\u00bb","block_context":{"text":"Pol\u00edtica","link":"http:\/\/www.24baires.com\/?cat=51"},"img":{"alt_text":"diego-bossio-anses","src":"https:\/\/i0.wp.com\/www.24baires.com\/wp-content\/uploads\/2014\/07\/diego-bossio-anses.jpg?resize=350%2C200","width":350,"height":200,"srcset":"https:\/\/i0.wp.com\/www.24baires.com\/wp-content\/uploads\/2014\/07\/diego-bossio-anses.jpg?resize=350%2C200 1x, https:\/\/i0.wp.com\/www.24baires.com\/wp-content\/uploads\/2014\/07\/diego-bossio-anses.jpg?resize=525%2C300 1.5x"},"classes":[]},{"id":45676,"url":"http:\/\/www.24baires.com\/?p=45676","url_meta":{"origin":60067,"position":4},"title":"Bossio culp\u00f3 a Massa por los juicios contra el Anses","author":"GB","date":"10\/05\/2014","format":false,"excerpt":"El director ejecutivo de ANSES, Diego Bossio, responsabiliz\u00f3 al ex director y actual diputado Sergio Massa y le pidi\u00f3 responsabilidad a la diputada Mirta Tundis por sus declaraciones sobre sentencias jubilatorias. Al respecto, el Director Ejecutivo de la ANSES sostuvo que contin\u00faan con la pol\u00edtica de cumplimiento de pagos que\u2026","rel":"","context":"En \u00abSociedad\u00bb","block_context":{"text":"Sociedad","link":"http:\/\/www.24baires.com\/?cat=1"},"img":{"alt_text":"bossio","src":"https:\/\/i0.wp.com\/www.24baires.com\/wp-content\/uploads\/2012\/11\/bossio-300x225.jpg?resize=350%2C200","width":350,"height":200,"srcset":"https:\/\/i0.wp.com\/www.24baires.com\/wp-content\/uploads\/2012\/11\/bossio-300x225.jpg?resize=350%2C200 1x, https:\/\/i0.wp.com\/www.24baires.com\/wp-content\/uploads\/2012\/11\/bossio-300x225.jpg?resize=525%2C300 1.5x"},"classes":[]},{"id":60249,"url":"http:\/\/www.24baires.com\/?p=60249","url_meta":{"origin":60067,"position":5},"title":"Bossio entreg\u00f3 134 lotes a familias de Tandil para el plan Procrear","author":"GB","date":"17\/01\/2015","format":false,"excerpt":"El director ejecutivo de la Anses visit\u00f3 la ciudad de Tandil, donde otorg\u00f3 certificados de adjudicaci\u00f3n de lotes para el programa de viviendas a familias que salieron sorteadas por el plan de cr\u00e9ditos hipotecarios pero que no ten\u00edan terreno para edificar. El acto, que se llev\u00f3 a cabo en la\u2026","rel":"","context":"En \u00abLocales\u00bb","block_context":{"text":"Locales","link":"http:\/\/www.24baires.com\/?cat=38"},"img":{"alt_text":"diego-bossio-anses","src":"https:\/\/i0.wp.com\/www.24baires.com\/wp-content\/uploads\/2014\/07\/diego-bossio-anses.jpg?resize=350%2C200","width":350,"height":200,"srcset":"https:\/\/i0.wp.com\/www.24baires.com\/wp-content\/uploads\/2014\/07\/diego-bossio-anses.jpg?resize=350%2C200 1x, https:\/\/i0.wp.com\/www.24baires.com\/wp-content\/uploads\/2014\/07\/diego-bossio-anses.jpg?resize=525%2C300 1.5x"},"classes":[]}],"jetpack_sharing_enabled":true,"jetpack_likes_enabled":true,"jetpack_featured_media_url":"","_links":{"self":[{"href":"http:\/\/www.24baires.com\/index.php?rest_route=\/wp\/v2\/posts\/60067","targetHints":{"allow":["GET"]}}],"collection":[{"href":"http:\/\/www.24baires.com\/index.php?rest_route=\/wp\/v2\/posts"}],"about":[{"href":"http:\/\/www.24baires.com\/index.php?rest_route=\/wp\/v2\/types\/post"}],"author":[{"embeddable":true,"href":"http:\/\/www.24baires.com\/index.php?rest_route=\/wp\/v2\/users\/8"}],"replies":[{"embeddable":true,"href":"http:\/\/www.24baires.com\/index.php?rest_route=%2Fwp%2Fv2%2Fcomments&post=60067"}],"version-history":[{"count":1,"href":"http:\/\/www.24baires.com\/index.php?rest_route=\/wp\/v2\/posts\/60067\/revisions"}],"predecessor-version":[{"id":60068,"href":"http:\/\/www.24baires.com\/index.php?rest_route=\/wp\/v2\/posts\/60067\/revisions\/60068"}],"wp:attachment":[{"href":"http:\/\/www.24baires.com\/index.php?rest_route=%2Fwp%2Fv2%2Fmedia&parent=60067"}],"wp:term":[{"taxonomy":"category","embeddable":true,"href":"http:\/\/www.24baires.com\/index.php?rest_route=%2Fwp%2Fv2%2Fcategories&post=60067"},{"taxonomy":"post_tag","embeddable":true,"href":"http:\/\/www.24baires.com\/index.php?rest_route=%2Fwp%2Fv2%2Ftags&post=60067"}],"curies":[{"name":"wp","href":"https:\/\/api.w.org\/{rel}","templated":true}]}}