{"id":60064,"date":"2015-01-14T13:00:32","date_gmt":"2015-01-14T16:00:32","guid":{"rendered":"http:\/\/www.24baires.com\/?p=60064"},"modified":"2015-01-14T12:36:25","modified_gmt":"2015-01-14T15:36:25","slug":"momo-venegas-y-de-la-sota-de-gira-por-el-pais","status":"publish","type":"post","link":"http:\/\/www.24baires.com\/?p=60064","title":{"rendered":"Momo Venegas y De la Sota, de gira por el pa\u00eds"},"content":{"rendered":"<p>El l\u00edder del partido Fe, Ger\u00f3nimo Venegas, acompa\u00f1\u00f3 al gobernador Jos\u00e9 Manuel de la Sota durante una visita por San Vicente, en el marco de las recorridas del cordob\u00e9s para fortalecer su precandidatura presidencial.<!--more--><\/p>\n<p>Venegas, titular de Uatre, el sindicato de peones rurales, acompa\u00f1\u00f3 el lunes a la tarde a De la Sota en una barrileteada con centenares de chicos del conurbano, que luego merendaron en el Complejo Tur\u00edstico Recreativo Eva Per\u00f3n, en San Vicente, sobre la avenida Presidente Per\u00f3n 3.370.<\/p>\n<p>Esta actividad para ni\u00f1os la organiz\u00f3 el partido Fe, al que De la Sota podr\u00eda representar como precandidato presidencial en las elecciones Primarias, Abiertas, Simult\u00e1neas y Obligatorias (PASO), que se realizar\u00e1n el pr\u00f3ximo 9 de agosto.<\/p>\n<p>Enfrentado con el kirchnerismo y distanciado del l\u00edder del Frente Renovador, Sergio Massa, De la Sota tambi\u00e9n podr\u00eda presentarse por otro partido nacional, la Democracia Cristiana.<\/p>\n<p>&nbsp;<\/p>\n<p>&nbsp;<\/p>\n<p>&nbsp;<\/p>\n<p>&nbsp;<\/p>\n<p>&nbsp;<\/p>\n<p>&nbsp;<\/p>\n<p>&nbsp;<\/p>\n<p>&nbsp;<\/p>\n<p>&nbsp;<\/p>\n<p>&nbsp;<\/p>\n<p>&nbsp;<\/p>\n<p>&nbsp;<\/p>\n<p>&nbsp;<\/p>\n<p>&nbsp;<\/p>\n","protected":false},"excerpt":{"rendered":"<p>El l\u00edder del partido Fe, Ger\u00f3nimo Venegas, acompa\u00f1\u00f3 al gobernador Jos\u00e9 Manuel de la Sota durante una visita por San Vicente, en el marco de las recorridas del cordob\u00e9s para fortalecer su precandidatura presidencial.<\/p>\n","protected":false},"author":4,"featured_media":0,"comment_status":"open","ping_status":"open","sticky":false,"template":"","format":"standard","meta":{"_jetpack_newsletter_access":"","_jetpack_dont_email_post_to_subs":false,"_jetpack_newsletter_tier_id":0,"_jetpack_memberships_contains_paywalled_content":false,"_jetpack_memberships_contains_paid_content":false,"footnotes":""},"categories":[51],"tags":[],"class_list":["post-60064","post","type-post","status-publish","format-standard","hentry","category-politica"],"jetpack_shortlink":"https:\/\/wp.me\/p2JWE0-fCM","jetpack-related-posts":[{"id":42001,"url":"http:\/\/www.24baires.com\/?p=42001","url_meta":{"origin":60064,"position":0},"title":"Y el viento los amontona: Scioli con De La Sota, Venegas y los ruralistas","author":"Grupo Sierra","date":"12\/03\/2014","format":false,"excerpt":"El representante del Uatre se reuni\u00f3 con los mandatarios de Buenos Aires, Santa Fe y C\u00f3rdoba en la megamuestra del campo en Ramallo. Moyano llega ma\u00f1ana para participar en un programa radial. El encuentro en la ciudad que gobierna Santalla fue un respaldo para Venegas quien remarc\u00f3: \"Debemos trabajar todos\u2026","rel":"","context":"En \u00abPol\u00edtica\u00bb","block_context":{"text":"Pol\u00edtica","link":"http:\/\/www.24baires.com\/?cat=51"},"img":{"alt_text":"","src":"https:\/\/i0.wp.com\/www.24baires.com\/wp-content\/uploads\/2014\/03\/buzzi.jpg?resize=350%2C200","width":350,"height":200,"srcset":"https:\/\/i0.wp.com\/www.24baires.com\/wp-content\/uploads\/2014\/03\/buzzi.jpg?resize=350%2C200 1x, https:\/\/i0.wp.com\/www.24baires.com\/wp-content\/uploads\/2014\/03\/buzzi.jpg?resize=525%2C300 1.5x"},"classes":[]},{"id":23445,"url":"http:\/\/www.24baires.com\/?p=23445","url_meta":{"origin":60064,"position":1},"title":"De Narv\u00e1ez, Moyano y Venegas est\u00e1n cerca de un acuerdo","author":"AF","date":"13\/05\/2013","format":false,"excerpt":"Con las fechas de los comicios legislativos oficialmente confirmadas, el peronismo no kirchnerista procurar\u00e1 en los pr\u00f3ximos d\u00edas ir consolidando las negociaciones para formalizar una alternativa al Frente para la Victoria en la Provincia. Con la duda a\u00fan instalada en torno de la posibilidad de que el escenario electoral gire\u2026","rel":"","context":"En \u00abPol\u00edtica\u00bb","block_context":{"text":"Pol\u00edtica","link":"http:\/\/www.24baires.com\/?cat=51"},"img":{"alt_text":"","src":"https:\/\/i0.wp.com\/www.24baires.com\/wp-content\/uploads\/2013\/05\/de-narv%C3%A1ez2.jpg?resize=350%2C200","width":350,"height":200,"srcset":"https:\/\/i0.wp.com\/www.24baires.com\/wp-content\/uploads\/2013\/05\/de-narv%C3%A1ez2.jpg?resize=350%2C200 1x, https:\/\/i0.wp.com\/www.24baires.com\/wp-content\/uploads\/2013\/05\/de-narv%C3%A1ez2.jpg?resize=525%2C300 1.5x"},"classes":[]},{"id":48947,"url":"http:\/\/www.24baires.com\/?p=48947","url_meta":{"origin":60064,"position":2},"title":"\u201cSe termina el Mundial y vamos a un paro nacional\u201d","author":"AF","date":"29\/06\/2014","format":false,"excerpt":"El secretario general de UATRE, Ger\u00f3nimo \u201cMomo\u201d Venegas, adelant\u00f3 que los gremios est\u00e1n planificando una medida de fuerza: \u201cSe termina el Mundial y vamos a un paro nacional\u201d. Al respecto, destac\u00f3 que hay consenso entre los dirigentes sindicales: \u201cTodos estamos de acuerdo. O la mayor\u00eda. Cal\u00f3, por dentro, a lo\u2026","rel":"","context":"En \u00abPol\u00edtica\u00bb","block_context":{"text":"Pol\u00edtica","link":"http:\/\/www.24baires.com\/?cat=51"},"img":{"alt_text":"venegas momo","src":"https:\/\/i0.wp.com\/www.24baires.com\/wp-content\/uploads\/2013\/03\/venegas-momo.jpg?resize=350%2C200","width":350,"height":200,"srcset":"https:\/\/i0.wp.com\/www.24baires.com\/wp-content\/uploads\/2013\/03\/venegas-momo.jpg?resize=350%2C200 1x, https:\/\/i0.wp.com\/www.24baires.com\/wp-content\/uploads\/2013\/03\/venegas-momo.jpg?resize=525%2C300 1.5x"},"classes":[]},{"id":14576,"url":"http:\/\/www.24baires.com\/?p=14576","url_meta":{"origin":60064,"position":3},"title":"Scioli ya tiene a &#8216;La Juan Domingo&#8217; trabajando en C\u00f3rdoba para su candidatura presidencial","author":"Grupo Sierra","date":"03\/02\/2013","format":false,"excerpt":"Organizado por los dirigentes Diego Hak, Federico Alvarez y Fernando Masucci, y con la presencia de los senadores provinciales Mar\u00eda Azucena Ehcosor y Alberto De Fazio, se llev\u00f3 a cabo este domingo el lanzamiento de la agrupaci\u00f3n sciolista 'La Juan Domingo' C\u00f3rdoba, que desde las tierras de De la Sota,\u2026","rel":"","context":"En \u00abPol\u00edtica\u00bb","block_context":{"text":"Pol\u00edtica","link":"http:\/\/www.24baires.com\/?cat=51"},"img":{"alt_text":"","src":"","width":0,"height":0},"classes":[]},{"id":22389,"url":"http:\/\/www.24baires.com\/?p=22389","url_meta":{"origin":60064,"position":4},"title":"El peronismo disidente se lanz\u00f3 en C\u00f3rdoba con un acto y un \u00abdocumento fundacional\u00bb","author":"Grupo Sierra","date":"01\/05\/2013","format":false,"excerpt":"C\u00d3RDOBA.- Dirigentes peronistas disidentes, encabezados por el gobernador Jos\u00e9 Manuel de la Sota y el titular de la CGT Azopardo, Hugo Moyano, concretaron un acto hoy en C\u00f3rdoba por el D\u00eda del Trabajador, ocasi\u00f3n en la que rindieron homenaje al ex secretario general de la central sindical, Jos\u00e9 Ignacio Rucci,\u2026","rel":"","context":"En \u00abPol\u00edtica\u00bb","block_context":{"text":"Pol\u00edtica","link":"http:\/\/www.24baires.com\/?cat=51"},"img":{"alt_text":"","src":"","width":0,"height":0},"classes":[]},{"id":22519,"url":"http:\/\/www.24baires.com\/?p=22519","url_meta":{"origin":60064,"position":5},"title":"Denuncian a De la Sota por usar fondos p\u00fablicos para el acto con Moyano, De Narv\u00e1ez y Lavagna","author":"AF","date":"03\/05\/2013","format":false,"excerpt":"La denuncia fue presentada por la dirigencia del Frente C\u00edvico, cuyo referente es el senador nacional Luis Juez. Aseguran que se utilizaron recursos econ\u00f3micos y bienes del Estado provincial para la realizaci\u00f3n del locro por el D\u00eda del Trabajador, que tuvo la presencia de los principales referentes del arco opositor\u2026","rel":"","context":"En \u00abPol\u00edtica\u00bb","block_context":{"text":"Pol\u00edtica","link":"http:\/\/www.24baires.com\/?cat=51"},"img":{"alt_text":"lavagna moyano de narv\u00e1ez","src":"https:\/\/i0.wp.com\/www.24baires.com\/wp-content\/uploads\/2013\/05\/lavagna-moyano-de-narv%C3%A1ez.jpg?resize=350%2C200","width":350,"height":200},"classes":[]}],"jetpack_sharing_enabled":true,"jetpack_likes_enabled":true,"jetpack_featured_media_url":"","_links":{"self":[{"href":"http:\/\/www.24baires.com\/index.php?rest_route=\/wp\/v2\/posts\/60064","targetHints":{"allow":["GET"]}}],"collection":[{"href":"http:\/\/www.24baires.com\/index.php?rest_route=\/wp\/v2\/posts"}],"about":[{"href":"http:\/\/www.24baires.com\/index.php?rest_route=\/wp\/v2\/types\/post"}],"author":[{"embeddable":true,"href":"http:\/\/www.24baires.com\/index.php?rest_route=\/wp\/v2\/users\/4"}],"replies":[{"embeddable":true,"href":"http:\/\/www.24baires.com\/index.php?rest_route=%2Fwp%2Fv2%2Fcomments&post=60064"}],"version-history":[{"count":1,"href":"http:\/\/www.24baires.com\/index.php?rest_route=\/wp\/v2\/posts\/60064\/revisions"}],"predecessor-version":[{"id":60065,"href":"http:\/\/www.24baires.com\/index.php?rest_route=\/wp\/v2\/posts\/60064\/revisions\/60065"}],"wp:attachment":[{"href":"http:\/\/www.24baires.com\/index.php?rest_route=%2Fwp%2Fv2%2Fmedia&parent=60064"}],"wp:term":[{"taxonomy":"category","embeddable":true,"href":"http:\/\/www.24baires.com\/index.php?rest_route=%2Fwp%2Fv2%2Fcategories&post=60064"},{"taxonomy":"post_tag","embeddable":true,"href":"http:\/\/www.24baires.com\/index.php?rest_route=%2Fwp%2Fv2%2Ftags&post=60064"}],"curies":[{"name":"wp","href":"https:\/\/api.w.org\/{rel}","templated":true}]}}