{"id":60049,"date":"2015-01-14T10:00:30","date_gmt":"2015-01-14T13:00:30","guid":{"rendered":"http:\/\/www.24baires.com\/?p=60049"},"modified":"2015-01-15T10:16:08","modified_gmt":"2015-01-15T13:16:08","slug":"capitanich-la-denuncia-de-randazzo-fue-clara-e-inobjetable","status":"publish","type":"post","link":"http:\/\/www.24baires.com\/?p=60049","title":{"rendered":"Capitanich: \u201cLa denuncia de Randazzo fue clara e inobjetable\u00bb"},"content":{"rendered":"<p><img data-recalc-dims=\"1\" loading=\"lazy\" decoding=\"async\" class=\"aligncenter size-full wp-image-53421\" src=\"https:\/\/i0.wp.com\/www.24baires.com\/wp-content\/uploads\/2014\/09\/capitanich-4.jpg?resize=560%2C313\" alt=\"capitanich 4\" width=\"560\" height=\"313\" srcset=\"https:\/\/i0.wp.com\/www.24baires.com\/wp-content\/uploads\/2014\/09\/capitanich-4.jpg?w=560 560w, https:\/\/i0.wp.com\/www.24baires.com\/wp-content\/uploads\/2014\/09\/capitanich-4.jpg?resize=300%2C167 300w\" sizes=\"auto, (max-width: 560px) 100vw, 560px\" \/>El jefe de Gabinete, Jorge Capitanich, se refiri\u00f3 as\u00ed a la denuncia presentada ayer por el ministro de Transporte e Interior por sabotaje en las v\u00edas del ferrocarril Sarmiento y consider\u00f3 que ser\u00e1 el Poder Judicial el que a partir de ahora deber\u00e1 investigar y \u201caplicar todo el rigor de la ley\u201d.<!--more--><\/p>\n<p>\u201cLa denuncia de Randazzo fue clara e inobjetable, con elementos probatorios y con im\u00e1genes concretas\u201d, dijo hoy el jefe de Ministros en su habitual conferencia de prensa matutina en Casa de Gobierno.<\/p>\n<p>Agreg\u00f3 que \u201cla culpabilidad o no, y la posible instancia de sabotaje o negligencia, deber\u00e1 ser establecida por la investigaci\u00f3n judicial\u201d, y se\u00f1al\u00f3 que \u201cel ministro hizo lo que tiene que hacer ,que es identificar estas cuestiones, y el juez deber\u00e1 aplicar todo el rigor de la ley\u201d.<\/p>\n<p>Seg\u00fan dijo, \u00abnadie puede soslayar la gravedad de un hecho de esta naturaleza, que podr\u00eda haber provocado el descarrilamiento del tren y as\u00ed una tragedia\u201d.<\/p>\n<p>\u201cAc\u00e1 se trata de la vida de los pasajeros. No pueden considerarse estos hechos parte de una confrontaci\u00f3n pol\u00edtica\u201d, consign\u00f3 el funcionario en referencia a la proyecci\u00f3n presidencial de Randazzo, de cara a los comicios de octubre.<\/p>\n<p>Randazzo denunci\u00f3 ayer en una conferencia de prensa una supuesta \u201cnegligencia o sabotaje\u201d por parte de dos trabajadores ferroviarios a quienes un video los mostr\u00f3 manipulando el cambio de v\u00eda en momentos en que descalz\u00f3 una formaci\u00f3n del tren Sarmiento, el \u00faltimo 30 de diciembre, entre las estaciones de Haedo y Mor\u00f3n.<\/p>\n<p>Randazzo mostr\u00f3 una filmaci\u00f3n tomada desde la c\u00e1mara trasera del tren en la que se observa a dos operarios modificando el cambio de las v\u00edas, segundos despu\u00e9s de que se produjera el descarrilamiento de la formaci\u00f3n.<\/p>\n<p>El Gobierno present\u00f3 todas las pruebas ante el Juzgado Federal N\u00famero 3 de Mor\u00f3n, a cargo de Juan Pablo Salas, que investigar\u00e1 si hubo negligencia o sabotaje, mientras los operarios involucrados fueron apartados de sus puestos de trabajo.<\/p>\n","protected":false},"excerpt":{"rendered":"<p>El jefe de Gabinete, Jorge Capitanich, se refiri\u00f3 as\u00ed a la denuncia presentada ayer por el ministro de Transporte e Interior por sabotaje en las v\u00edas del ferrocarril Sarmiento y consider\u00f3 que ser\u00e1 el Poder Judicial el que a partir de ahora deber\u00e1 investigar y \u201caplicar todo el rigor de la ley\u201d.<\/p>\n","protected":false},"author":4,"featured_media":0,"comment_status":"open","ping_status":"open","sticky":false,"template":"","format":"standard","meta":{"_jetpack_newsletter_access":"","_jetpack_dont_email_post_to_subs":false,"_jetpack_newsletter_tier_id":0,"_jetpack_memberships_contains_paywalled_content":false,"_jetpack_memberships_contains_paid_content":false,"footnotes":""},"categories":[51],"tags":[],"class_list":["post-60049","post","type-post","status-publish","format-standard","hentry","category-politica"],"jetpack_shortlink":"https:\/\/wp.me\/p2JWE0-fCx","jetpack-related-posts":[{"id":100422,"url":"http:\/\/www.24baires.com\/?p=100422","url_meta":{"origin":60049,"position":0},"title":"Revocaron uno de los procesamientos de Julio De Vido","author":"AF","date":"07\/02\/2018","format":false,"excerpt":"La Sala II de la C\u00e1mara Federal porte\u00f1a consider\u00f3 que no hay motivos para que el ex funcionario siga procesado por el presunto pago indebido de subsidios al gasoil a las empresas de colectivos urbanos. Advirti\u00f3 que los peritajes realizados hasta el momento carecieron de \u201csuficiente rigor t\u00e9cnico\u201d. La C\u00e1mara\u2026","rel":"","context":"En \u00abJUDICIALES\u00bb","block_context":{"text":"JUDICIALES","link":"http:\/\/www.24baires.com\/?cat=68"},"img":{"alt_text":"","src":"https:\/\/i0.wp.com\/www.24baires.com\/wp-content\/uploads\/2017\/09\/de-vido-juicio.jpg?resize=350%2C200","width":350,"height":200,"srcset":"https:\/\/i0.wp.com\/www.24baires.com\/wp-content\/uploads\/2017\/09\/de-vido-juicio.jpg?resize=350%2C200 1x, https:\/\/i0.wp.com\/www.24baires.com\/wp-content\/uploads\/2017\/09\/de-vido-juicio.jpg?resize=525%2C300 1.5x"},"classes":[]},{"id":101283,"url":"http:\/\/www.24baires.com\/?p=101283","url_meta":{"origin":60049,"position":1},"title":"Familiares de la tripulaci\u00f3n del ARA San Juan denunciar\u00e1n a Aguad por \u00abtraici\u00f3n a la patria\u00bb","author":"AF","date":"26\/03\/2018","format":false,"excerpt":"La presentaci\u00f3n penal contra el ministro de Defensa adem\u00e1s contendr\u00e1 los cargos de \u201cincumplimiento de los deberes de funcionarios p\u00fablico, encubrimiento y abandono de persona\u201d. El abogado Luis Tagliapietra, padre de Alejandro Tagliapietra, uno de los tripulantes de submarino ARA San Juan, confirm\u00f3 que un grupo de familiares presentar\u00e1 una\u2026","rel":"","context":"En \u00abJUDICIALES\u00bb","block_context":{"text":"JUDICIALES","link":"http:\/\/www.24baires.com\/?cat=68"},"img":{"alt_text":"","src":"https:\/\/i0.wp.com\/www.24baires.com\/wp-content\/uploads\/2017\/02\/aguad.jpg?resize=350%2C200","width":350,"height":200,"srcset":"https:\/\/i0.wp.com\/www.24baires.com\/wp-content\/uploads\/2017\/02\/aguad.jpg?resize=350%2C200 1x, https:\/\/i0.wp.com\/www.24baires.com\/wp-content\/uploads\/2017\/02\/aguad.jpg?resize=525%2C300 1.5x"},"classes":[]},{"id":47869,"url":"http:\/\/www.24baires.com\/?p=47869","url_meta":{"origin":60049,"position":2},"title":"Capitanich, por Solanas: \u00abMuchos legisladores, a falta de ideas abundan en denuncias\u00bb","author":"AF","date":"12\/06\/2014","format":false,"excerpt":"El jefe de Gabinete, Jorge Capitanich, destac\u00f3 que el acuerdo alcanzado con el Club de Par\u00eds es \"claro y transparente\" y consider\u00f3 que algunos legisladores de la oposici\u00f3n \"abundan en denuncias sin fundamento\". De esta manera, el jefe de Gabinete rechaz\u00f3 la denuncia penal que present\u00f3 ayer el senador de\u2026","rel":"","context":"En \u00abLocales\u00bb","block_context":{"text":"Locales","link":"http:\/\/www.24baires.com\/?cat=38"},"img":{"alt_text":"capitanich","src":"https:\/\/i0.wp.com\/www.24baires.com\/wp-content\/uploads\/2014\/04\/capitanich.jpg?resize=350%2C200","width":350,"height":200,"srcset":"https:\/\/i0.wp.com\/www.24baires.com\/wp-content\/uploads\/2014\/04\/capitanich.jpg?resize=350%2C200 1x, https:\/\/i0.wp.com\/www.24baires.com\/wp-content\/uploads\/2014\/04\/capitanich.jpg?resize=525%2C300 1.5x"},"classes":[]},{"id":112373,"url":"http:\/\/www.24baires.com\/?p=112373","url_meta":{"origin":60049,"position":3},"title":"Fern\u00e1ndez tild\u00f3 al Gobierno de \u201cmalandras\u201d: \u00abAgarran el poder y lo usan para sus negocios\u00bb","author":"AF","date":"04\/10\/2019","format":false,"excerpt":"\u00a0JUN\u00cdN - \"Vamos a cumplir con las obligaciones que nos dejan estos malandras pero antes vamos a cumplir con nuestra gente\", sostuvo el candidato a presidente en su primer acto con Randazzo, a quien consider\u00f3 \"ministeriable\". De gira en la cuarta secci\u00f3n electoral, el candidato a presidente del Frente de\u2026","rel":"","context":"En \u00abPol\u00edtica\u00bb","block_context":{"text":"Pol\u00edtica","link":"http:\/\/www.24baires.com\/?cat=51"},"img":{"alt_text":"","src":"https:\/\/i0.wp.com\/www.24baires.com\/wp-content\/uploads\/2019\/10\/fern%C3%A1ndez-jun%C3%ADn.jpg?resize=350%2C200","width":350,"height":200,"srcset":"https:\/\/i0.wp.com\/www.24baires.com\/wp-content\/uploads\/2019\/10\/fern%C3%A1ndez-jun%C3%ADn.jpg?resize=350%2C200 1x, https:\/\/i0.wp.com\/www.24baires.com\/wp-content\/uploads\/2019\/10\/fern%C3%A1ndez-jun%C3%ADn.jpg?resize=525%2C300 1.5x"},"classes":[]},{"id":119838,"url":"http:\/\/www.24baires.com\/?p=119838","url_meta":{"origin":60049,"position":4},"title":"\u00abNunca m\u00e1s puede morirse un Favaloro porque el Estado lo abandon\u00f3\u00bb","author":"AF","date":"27\/02\/2023","format":false,"excerpt":"El Presidente destac\u00f3 que la Argentina \u201chizo mucho a lo largo de los a\u00f1os para que la educaci\u00f3n sea accesible para todos\u201d, durante el acto inaugural de un nuevo establecimiento educativo chaque\u00f1o. Fern\u00e1ndez aconsej\u00f3 a los estudiantes: \u201cTomen la educaci\u00f3n como una inversi\u00f3n de su futuro\u201d. El presidente Alberto Fern\u00e1ndez\u2026","rel":"","context":"En \u00abLocales\u00bb","block_context":{"text":"Locales","link":"http:\/\/www.24baires.com\/?cat=38"},"img":{"alt_text":"","src":"https:\/\/i0.wp.com\/www.24baires.com\/wp-content\/uploads\/2023\/02\/fernandez.jpg?resize=350%2C200","width":350,"height":200,"srcset":"https:\/\/i0.wp.com\/www.24baires.com\/wp-content\/uploads\/2023\/02\/fernandez.jpg?resize=350%2C200 1x, https:\/\/i0.wp.com\/www.24baires.com\/wp-content\/uploads\/2023\/02\/fernandez.jpg?resize=525%2C300 1.5x, https:\/\/i0.wp.com\/www.24baires.com\/wp-content\/uploads\/2023\/02\/fernandez.jpg?resize=700%2C400 2x, https:\/\/i0.wp.com\/www.24baires.com\/wp-content\/uploads\/2023\/02\/fernandez.jpg?resize=1050%2C600 3x"},"classes":[]},{"id":60022,"url":"http:\/\/www.24baires.com\/?p=60022","url_meta":{"origin":60049,"position":5},"title":"Randazzo denunci\u00f3 \u00abnegligencia o sabotaje\u00bb en el tren Sarmiento","author":"GB","date":"13\/01\/2015","format":false,"excerpt":"El ministro del Interior y Transporteo denunci\u00f3 hoy a dos trabajadores ferroviarios que modificaron el cambio de v\u00eda en momentos en que descalz\u00f3 una formaci\u00f3n de ese ferrocarril ese d\u00eda entre las estaciones de Haedo y Mor\u00f3n. El ministro del Interior y Transporte, Florencio Randazzo, denunci\u00f3 hoy que hubo \u201cnegligencia\u2026","rel":"","context":"En \u00abSociedad\u00bb","block_context":{"text":"Sociedad","link":"http:\/\/www.24baires.com\/?cat=1"},"img":{"alt_text":"randazzo formaciones","src":"https:\/\/i0.wp.com\/www.24baires.com\/wp-content\/uploads\/2013\/05\/randazzo-formaciones.jpg?resize=350%2C200","width":350,"height":200,"srcset":"https:\/\/i0.wp.com\/www.24baires.com\/wp-content\/uploads\/2013\/05\/randazzo-formaciones.jpg?resize=350%2C200 1x, https:\/\/i0.wp.com\/www.24baires.com\/wp-content\/uploads\/2013\/05\/randazzo-formaciones.jpg?resize=525%2C300 1.5x"},"classes":[]}],"jetpack_sharing_enabled":true,"jetpack_likes_enabled":true,"jetpack_featured_media_url":"","_links":{"self":[{"href":"http:\/\/www.24baires.com\/index.php?rest_route=\/wp\/v2\/posts\/60049","targetHints":{"allow":["GET"]}}],"collection":[{"href":"http:\/\/www.24baires.com\/index.php?rest_route=\/wp\/v2\/posts"}],"about":[{"href":"http:\/\/www.24baires.com\/index.php?rest_route=\/wp\/v2\/types\/post"}],"author":[{"embeddable":true,"href":"http:\/\/www.24baires.com\/index.php?rest_route=\/wp\/v2\/users\/4"}],"replies":[{"embeddable":true,"href":"http:\/\/www.24baires.com\/index.php?rest_route=%2Fwp%2Fv2%2Fcomments&post=60049"}],"version-history":[{"count":1,"href":"http:\/\/www.24baires.com\/index.php?rest_route=\/wp\/v2\/posts\/60049\/revisions"}],"predecessor-version":[{"id":60050,"href":"http:\/\/www.24baires.com\/index.php?rest_route=\/wp\/v2\/posts\/60049\/revisions\/60050"}],"wp:attachment":[{"href":"http:\/\/www.24baires.com\/index.php?rest_route=%2Fwp%2Fv2%2Fmedia&parent=60049"}],"wp:term":[{"taxonomy":"category","embeddable":true,"href":"http:\/\/www.24baires.com\/index.php?rest_route=%2Fwp%2Fv2%2Fcategories&post=60049"},{"taxonomy":"post_tag","embeddable":true,"href":"http:\/\/www.24baires.com\/index.php?rest_route=%2Fwp%2Fv2%2Ftags&post=60049"}],"curies":[{"name":"wp","href":"https:\/\/api.w.org\/{rel}","templated":true}]}}